{"id":1067,"date":"2022-01-28T08:07:48","date_gmt":"2022-01-28T08:07:48","guid":{"rendered":"http:\/\/spczarna.wolomin.org\/?p=1067"},"modified":"2022-01-28T08:07:50","modified_gmt":"2022-01-28T08:07:50","slug":"czytelnictwo-w-i-polroczu","status":"publish","type":"post","link":"http:\/\/spczarna.wolomin.org\/?p=1067","title":{"rendered":"Czytelnictwo w I p\u00f3\u0142roczu"},"content":{"rendered":"\n<p>P\u00f3\u0142rocze to czas podsumowa\u0144 nie tylko wynik\u00f3w w nauce, lecz r\u00f3wnie\u017c czytelnictwa. Zach\u0119cam do zapoznania si\u0119 z wykresami obrazuj\u0105cymi stan czytelnictwa w naszej szkole od wrze\u015bnia 2021 do stycznia 2022.<\/p>\n\n\n\n<p><strong>Gratulacje dla klasy 2B, kt\u00f3ra osi\u0105gn\u0119\u0142a najwy\u017cszy wynik!<\/strong><\/p>\n\n\n\n<p>Nale\u017cy doceni\u0107 uczni\u00f3w klasy 1 \u2013 tak samodzielnych, \u017ce bez problemu znajduj\u0105 drog\u0119 do biblioteki i s\u0105 tam cz\u0119stymi go\u015b\u0107mi.<\/p>\n\n\n\n<p>Uczniowie, kt\u00f3rzy dokonali najwi\u0119kszej liczby wypo\u017cycze\u0144, to:<\/p>\n\n\n\n<p><strong>Zuzia Nikonowicz<\/strong> z kl. 4B (22 ksi\u0105\u017cki)<\/p>\n\n\n\n<p><strong>Marysia Ga\u0142\u0105zka<\/strong> z kl. 1 (21 ksi\u0105\u017cek)<\/p>\n\n\n\n<p><strong>Patryk Ciok<\/strong> z kl. 4B<\/p>\n\n\n\n<p><strong>Jagoda Zachaj<\/strong> z kl. 2B<\/p>\n\n\n\n<p>(po 19 ksi\u0105\u017cek)<\/p>\n\n\n\n<p><strong>Julia J\u00f3\u017awiak <\/strong>z kl. 1<\/p>\n\n\n\n<p><strong>\u017baneta Majewska<\/strong> z kl. 3A<\/p>\n\n\n\n<p>(po 18 ksi\u0105\u017cek)<\/p>\n\n\n\n<p><strong>Hania Biczyk<\/strong> z kl. 1,<\/p>\n\n\n\n<p><strong>Michalina Kulik<\/strong> z kl. 5<\/p>\n\n\n\n<p>&nbsp;<strong>Elwira Majewska<\/strong> z kl. 3A<\/p>\n\n\n\n<p>&nbsp;(po 17 ksi\u0105\u017cek)<\/p>\n\n\n\n<p><strong>Sandra Antczak<\/strong> z kl. 4B (16 ksi\u0105\u017cek)<\/p>\n\n\n\n<p>Gratuluj\u0119 wszystkim, kt\u00f3rzy wypo\u017cyczyli cho\u0107by jedn\u0105 ksi\u0105\u017ck\u0119, szczeg\u00f3lnie spoza lektur obowi\u0105zkowych!<\/p>\n\n\n\n<p>Mam nadziej\u0119, \u017ce w drugim p\u00f3\u0142roczu b\u0119dziemy si\u0119 spotyka\u0107 jeszcze cz\u0119\u015bciej &#x1f60a;<\/p>\n\n\n\n<p>Agnieszka Bugaj<\/p>\n\n\n\n<div class=\"wp-block-image\" data-block-type=\"core\"><figure class=\"aligncenter size-large\"><img fetchpriority=\"high\" decoding=\"async\" width=\"758\" height=\"445\" src=\"http:\/\/spczarna.wolomin.org\/wp-content\/uploads\/2022\/01\/Zeszyt1.png\" alt=\"\" class=\"wp-image-1069\" srcset=\"http:\/\/spczarna.wolomin.org\/wp-content\/uploads\/2022\/01\/Zeszyt1.png 758w, http:\/\/spczarna.wolomin.org\/wp-content\/uploads\/2022\/01\/Zeszyt1-300x176.png 300w\" sizes=\"(max-width: 758px) 100vw, 758px\" \/><\/figure><\/div>\n\n\n\n<div class=\"wp-block-image\" data-block-type=\"core\"><figure class=\"aligncenter size-large\"><img decoding=\"async\" width=\"758\" height=\"445\" src=\"http:\/\/spczarna.wolomin.org\/wp-content\/uploads\/2022\/01\/srednia-wypo-1.png\" alt=\"\" class=\"wp-image-1070\" srcset=\"http:\/\/spczarna.wolomin.org\/wp-content\/uploads\/2022\/01\/srednia-wypo-1.png 758w, http:\/\/spczarna.wolomin.org\/wp-content\/uploads\/2022\/01\/srednia-wypo-1-300x176.png 300w\" sizes=\"(max-width: 758px) 100vw, 758px\" \/><\/figure><\/div>\n","protected":false},"excerpt":{"rendered":"<p>P\u00f3\u0142rocze to czas podsumowa\u0144 nie tylko wynik\u00f3w w nauce, lecz r\u00f3wnie\u017c czytelnictwa. Zach\u0119cam do zapoznania si\u0119 z wykresami obrazuj\u0105cymi stan<\/p>\n","protected":false},"author":7,"featured_media":1071,"comment_status":"closed","ping_status":"closed","sticky":false,"template":"","format":"standard","meta":{"footnotes":""},"categories":[3],"tags":[],"featured_image_urls":{"full":["http:\/\/spczarna.wolomin.org\/wp-content\/uploads\/2022\/01\/czytelnictwo.jpg",630,445,false],"thumbnail":["http:\/\/spczarna.wolomin.org\/wp-content\/uploads\/2022\/01\/czytelnictwo-150x150.jpg",150,150,true],"medium":["http:\/\/spczarna.wolomin.org\/wp-content\/uploads\/2022\/01\/czytelnictwo-300x212.jpg",300,212,true],"medium_large":["http:\/\/spczarna.wolomin.org\/wp-content\/uploads\/2022\/01\/czytelnictwo.jpg",630,445,false],"large":["http:\/\/spczarna.wolomin.org\/wp-content\/uploads\/2022\/01\/czytelnictwo.jpg",630,445,false],"1536x1536":["http:\/\/spczarna.wolomin.org\/wp-content\/uploads\/2022\/01\/czytelnictwo.jpg",630,445,false],"2048x2048":["http:\/\/spczarna.wolomin.org\/wp-content\/uploads\/2022\/01\/czytelnictwo.jpg",630,445,false],"colormag-highlighted-post":["http:\/\/spczarna.wolomin.org\/wp-content\/uploads\/2022\/01\/czytelnictwo-392x272.jpg",392,272,true],"colormag-featured-post-medium":["http:\/\/spczarna.wolomin.org\/wp-content\/uploads\/2022\/01\/czytelnictwo-390x205.jpg",390,205,true],"colormag-featured-post-small":["http:\/\/spczarna.wolomin.org\/wp-content\/uploads\/2022\/01\/czytelnictwo-130x90.jpg",130,90,true],"colormag-featured-image":["http:\/\/spczarna.wolomin.org\/wp-content\/uploads\/2022\/01\/czytelnictwo.jpg",630,445,false],"colormag-default-news":["http:\/\/spczarna.wolomin.org\/wp-content\/uploads\/2022\/01\/czytelnictwo.jpg",150,106,false],"colormag-featured-image-large":["http:\/\/spczarna.wolomin.org\/wp-content\/uploads\/2022\/01\/czytelnictwo.jpg",630,445,false],"colormag-elementor-block-extra-large-thumbnail":["http:\/\/spczarna.wolomin.org\/wp-content\/uploads\/2022\/01\/czytelnictwo.jpg",630,445,false],"colormag-elementor-grid-large-thumbnail":["http:\/\/spczarna.wolomin.org\/wp-content\/uploads\/2022\/01\/czytelnictwo.jpg",590,417,false],"colormag-elementor-grid-small-thumbnail":["http:\/\/spczarna.wolomin.org\/wp-content\/uploads\/2022\/01\/czytelnictwo.jpg",285,201,false],"colormag-elementor-grid-medium-large-thumbnail":["http:\/\/spczarna.wolomin.org\/wp-content\/uploads\/2022\/01\/czytelnictwo.jpg",280,198,false]},"post_excerpt_stackable":"<p>P\u00f3\u0142rocze to czas podsumowa\u0144 nie tylko wynik\u00f3w w nauce, lecz r\u00f3wnie\u017c czytelnictwa. Zach\u0119cam do zapoznania si\u0119 z wykresami obrazuj\u0105cymi stan czytelnictwa w naszej szkole od wrze\u015bnia 2021 do stycznia 2022. Gratulacje dla klasy 2B, kt\u00f3ra osi\u0105gn\u0119\u0142a najwy\u017cszy wynik! Nale\u017cy doceni\u0107 uczni\u00f3w klasy 1 \u2013 tak samodzielnych, \u017ce bez problemu znajduj\u0105 drog\u0119 do biblioteki i s\u0105 tam cz\u0119stymi go\u015b\u0107mi. Uczniowie, kt\u00f3rzy dokonali najwi\u0119kszej liczby wypo\u017cycze\u0144, to: Zuzia Nikonowicz z kl. 4B (22 ksi\u0105\u017cki) Marysia Ga\u0142\u0105zka z kl. 1 (21 ksi\u0105\u017cek) Patryk Ciok z kl. 4B Jagoda Zachaj z kl. 2B (po 19 ksi\u0105\u017cek) Julia J\u00f3\u017awiak z kl. 1 \u017baneta Majewska z&hellip;<\/p>\n","category_list":"<a href=\"http:\/\/spczarna.wolomin.org\/?cat=3\" rel=\"category\">Aktualno\u015bci<\/a>","author_info":{"name":"Magdalena \u017bmuda-Gawron","url":"http:\/\/spczarna.wolomin.org\/?author=7"},"comments_num":"0 comments","_links":{"self":[{"href":"http:\/\/spczarna.wolomin.org\/index.php?rest_route=\/wp\/v2\/posts\/1067"}],"collection":[{"href":"http:\/\/spczarna.wolomin.org\/index.php?rest_route=\/wp\/v2\/posts"}],"about":[{"href":"http:\/\/spczarna.wolomin.org\/index.php?rest_route=\/wp\/v2\/types\/post"}],"author":[{"embeddable":true,"href":"http:\/\/spczarna.wolomin.org\/index.php?rest_route=\/wp\/v2\/users\/7"}],"replies":[{"embeddable":true,"href":"http:\/\/spczarna.wolomin.org\/index.php?rest_route=%2Fwp%2Fv2%2Fcomments&post=1067"}],"version-history":[{"count":2,"href":"http:\/\/spczarna.wolomin.org\/index.php?rest_route=\/wp\/v2\/posts\/1067\/revisions"}],"predecessor-version":[{"id":1073,"href":"http:\/\/spczarna.wolomin.org\/index.php?rest_route=\/wp\/v2\/posts\/1067\/revisions\/1073"}],"wp:featuredmedia":[{"embeddable":true,"href":"http:\/\/spczarna.wolomin.org\/index.php?rest_route=\/wp\/v2\/media\/1071"}],"wp:attachment":[{"href":"http:\/\/spczarna.wolomin.org\/index.php?rest_route=%2Fwp%2Fv2%2Fmedia&parent=1067"}],"wp:term":[{"taxonomy":"category","embeddable":true,"href":"http:\/\/spczarna.wolomin.org\/index.php?rest_route=%2Fwp%2Fv2%2Fcategories&post=1067"},{"taxonomy":"post_tag","embeddable":true,"href":"http:\/\/spczarna.wolomin.org\/index.php?rest_route=%2Fwp%2Fv2%2Ftags&post=1067"}],"curies":[{"name":"wp","href":"https:\/\/api.w.org\/{rel}","templated":true}]}}