{"id":1086,"date":"2022-02-10T09:35:58","date_gmt":"2022-02-10T09:35:58","guid":{"rendered":"http:\/\/spczarna.wolomin.org\/?p=1086"},"modified":"2022-02-10T09:36:01","modified_gmt":"2022-02-10T09:36:01","slug":"bezpieczni-w-mediach-spolecznosciowych","status":"publish","type":"post","link":"http:\/\/spczarna.wolomin.org\/?p=1086","title":{"rendered":"Bezpieczni w mediach spo\u0142eczno\u015bciowych"},"content":{"rendered":"\n<p><strong>8 lutego 2022 roku obchodzimy Dzie\u0144 Bezpiecznego Internetu<\/strong><\/p>\n\n\n\n<p>Dzie\u0144 Bezpiecznego Internetu&nbsp;(DBI) obchodzony jest z inicjatywy Komisji Europejskiej od 2004 roku. Pocz\u0105tkowo wydarzenie to \u015bwi\u0119towa\u0142y jedynie pa\u0144stwa europejskie, ale ju\u017c od lat DBI przekracza granice Europy anga\u017cuj\u0105c&nbsp;pa\u0144stwa&nbsp;z ca\u0142ego \u015bwiata<\/p>\n\n\n\n<p>Organizatorem wydarzenia w Polsce od 2005 roku jest&nbsp;Polskie Centrum Programu Safer Internet&nbsp;(PCPSI), kt\u00f3re tworz\u0105 pa\u0144stwowy instytut badawczy&nbsp;NASK oraz&nbsp;Fundacja Dajemy Dzieciom Si\u0142\u0119 &nbsp;\u2013 realizatorzy unijnego programu&nbsp;\u201e\u0141\u0105cz\u0105c Europ\u0119\u201d (ang. Connecting Europe Facility \u2013 CEF).<\/p>\n\n\n\n<p><strong>Tegoroczne has\u0142o to \u201eRazem dla lepszego Internetu!\u201d.<\/strong><\/p>\n\n\n\n<h2 class=\"wp-block-heading\" data-block-type=\"core\">Bezpieczni w mediach spo\u0142eczno\u015bciowych \u2013 praktyczne wskaz\u00f3wki<\/h2>\n\n\n\n<p>Chro\u0144 dane<\/p>\n\n\n\n<p>Korzystaj\u0105c z medi\u00f3w spo\u0142eczno\u015bciowych powinni\u015bmy stosowa\u0107 zasady bezpiecze\u0144stwa .<\/p>\n\n\n\n<p>Wi\u0119kszo\u015b\u0107 dzia\u0142a\u0144 na platformach spo\u0142eczno\u015bciowych opiera si\u0119 o nasze prywatne dane, pocz\u0105wszy od rejestracji, udost\u0119pniania zdj\u0119\u0107, post\u00f3w, aktualno\u015bci z \u017cycia, do\u0142\u0105czania do wydarze\u0144 i r\u00f3\u017cnego rodzaju grup. Nasze dane s\u0105 bardzo atrakcyjne dla cyberprzest\u0119pc\u00f3w. Dlatego warto wiedzie\u0107, jak zarz\u0105dza\u0107 ustawieniami bezpiecze\u0144stwa i prywatno\u015bci na swoich kontach, aby nasze dane by\u0142y odpowiednio chronione.<\/p>\n\n\n\n<p>Z\u0142ote zasady<\/p>\n\n\n\n<p>O czym, wi\u0119c warto pami\u0119ta\u0107? Oto najwa\u017cniejsze zasady bezpiecze\u0144stwa w mediach spo\u0142eczno\u015bciowych:<\/p>\n\n\n\n<p>1. Utw\u00f3rz silne has\u0142o<\/p>\n\n\n\n<p>Konto w serwisie spo\u0142eczno\u015bciowym zabezpiecz niepowtarzalnym i odpowiednio d\u0142ugim has\u0142em. Wielu u\u017cytkownik\u00f3w korzysta z tego samego has\u0142a do wielu kont. To niedobrze. Ka\u017cde has\u0142o powinno by\u0107 nie tylko silne, ale te\u017c niepowtarzalne.<\/p>\n\n\n\n<p>2. Ogranicz dost\u0119p do konta<\/p>\n\n\n\n<p>Uaktywnij dwusk\u0142adnikowe uwierzytelnianie na wszystkich swoich kontach. Mo\u017cna z niego korzysta\u0107 w wi\u0119kszo\u015bci serwis\u00f3w spo\u0142eczno\u015bciowych. To nic trudnego.<\/p>\n\n\n\n<p>3. Tylko prawdziwi znajomi!<\/p>\n\n\n\n<p>Dodawaj do listy znajomych wy\u0142\u0105cznie osoby, kt\u00f3re rzeczywi\u015bcie znasz i kt\u00f3rym ufasz. Pami\u0119taj, \u017ce przyjmuj\u0105c now\u0105 osob\u0119 do grupy swoich znajomych najcz\u0119\u015bciej domy\u015blnie udost\u0119pniasz jej swoje prywatne zdj\u0119cia oraz informacje o sobie.<\/p>\n\n\n\n<p>4. Korzystaj tylko z oficjalnych aplikacji sieci spo\u0142eczno\u015bciowych<\/p>\n\n\n\n<p>Aplikacje pobieraj wy\u0142\u0105cznie z o\ufb01cjalnych sklep\u00f3w \u2014 np. Google Play dla Android, App Store dla iOS i Microsoft Store dla Windows.<\/p>\n\n\n\n<p>5. Dbaj o prywatno\u015b\u0107<\/p>\n\n\n\n<p>Praktycznie wszystkie serwisy spo\u0142eczno\u015bciowe posiadaj\u0105 rozwi\u0105zania zwi\u0119kszaj\u0105ce prywatno\u015b\u0107 \u2013 aktywuj je!<\/p>\n\n\n\n<p>6. U\u017cywaj programu antywirusowego<\/p>\n\n\n\n<p>Dobry program antywirusowy zatrzyma z\u0142o\u015bliwe oprogramowanie, zanim jeszcze zostanie ono pobrane do systemu. Najpopularniejsze przegl\u0105darki internetowe ostrzegaj\u0105 o podejrzanych stronach internetowych \u2013 powa\u017cnie traktuj takie ostrze\u017cenia i nie odwiedzaj tych stron. Mog\u0105 zawiera\u0107 z\u0142o\u015bliwe oprogramowanie, kt\u00f3re umo\u017cliwi przest\u0119pcom przej\u0119cie kontroli nad Twoim urz\u0105dzeniem.<\/p>\n\n\n\n<p>Przeczytaj i stosuj<\/p>\n\n\n\n<p>Obawiasz si\u0119, \u017ce zabezpieczenia Twojego konta w mediach spo\u0142eczno\u015bciowych zosta\u0142y z\u0142amane? A mo\u017ce podejrzewasz, \u017ce Twoje konto zosta\u0142o zaatakowane i nie wiesz, co zrobi\u0107? W poni\u017cszym poradniku znajdziesz wskaz\u00f3wki, kt\u00f3re przydadz\u0105 si\u0119 w obu tych sytuacjach. Koniecznie je przeczytaj i \u2013 co najwa\u017cniejsze \u2013 stosuj!<\/p>\n\n\n<a href=\"http:\/\/spczarna.wolomin.org\/wp-content\/uploads\/2022\/02\/Jak_chronic_sie_przed_cyberatakami_poradnik.pdf\" class=\"pdfemb-viewer\" style=\"\" data-width=\"max\" data-height=\"max\"  data-toolbar=\"bottom\" data-toolbar-fixed=\"off\">Jak_chronic_sie_przed_cyberatakami_poradnik<br\/><\/a>\n<p class=\"wp-block-pdfemb-pdf-embedder-viewer\"><\/p>\n\n\n\n<p>Katarzyna Kostrzewa \u2013 nauczyciel informatyki<\/p>\n","protected":false},"excerpt":{"rendered":"<p>8 lutego 2022 roku obchodzimy Dzie\u0144 Bezpiecznego Internetu Dzie\u0144 Bezpiecznego Internetu&nbsp;(DBI) obchodzony jest z inicjatywy Komisji Europejskiej od 2004 roku.<\/p>\n","protected":false},"author":6,"featured_media":1088,"comment_status":"closed","ping_status":"closed","sticky":false,"template":"","format":"standard","meta":{"footnotes":""},"categories":[3],"tags":[],"featured_image_urls":{"full":["http:\/\/spczarna.wolomin.org\/wp-content\/uploads\/2022\/02\/DBIfoto.jpg",680,369,false],"thumbnail":["http:\/\/spczarna.wolomin.org\/wp-content\/uploads\/2022\/02\/DBIfoto-150x150.jpg",150,150,true],"medium":["http:\/\/spczarna.wolomin.org\/wp-content\/uploads\/2022\/02\/DBIfoto-300x163.jpg",300,163,true],"medium_large":["http:\/\/spczarna.wolomin.org\/wp-content\/uploads\/2022\/02\/DBIfoto.jpg",680,369,false],"large":["http:\/\/spczarna.wolomin.org\/wp-content\/uploads\/2022\/02\/DBIfoto.jpg",680,369,false],"1536x1536":["http:\/\/spczarna.wolomin.org\/wp-content\/uploads\/2022\/02\/DBIfoto.jpg",680,369,false],"2048x2048":["http:\/\/spczarna.wolomin.org\/wp-content\/uploads\/2022\/02\/DBIfoto.jpg",680,369,false],"colormag-highlighted-post":["http:\/\/spczarna.wolomin.org\/wp-content\/uploads\/2022\/02\/DBIfoto-392x272.jpg",392,272,true],"colormag-featured-post-medium":["http:\/\/spczarna.wolomin.org\/wp-content\/uploads\/2022\/02\/DBIfoto-390x205.jpg",390,205,true],"colormag-featured-post-small":["http:\/\/spczarna.wolomin.org\/wp-content\/uploads\/2022\/02\/DBIfoto-130x90.jpg",130,90,true],"colormag-featured-image":["http:\/\/spczarna.wolomin.org\/wp-content\/uploads\/2022\/02\/DBIfoto.jpg",680,369,false],"colormag-default-news":["http:\/\/spczarna.wolomin.org\/wp-content\/uploads\/2022\/02\/DBIfoto.jpg",150,81,false],"colormag-featured-image-large":["http:\/\/spczarna.wolomin.org\/wp-content\/uploads\/2022\/02\/DBIfoto.jpg",680,369,false],"colormag-elementor-block-extra-large-thumbnail":["http:\/\/spczarna.wolomin.org\/wp-content\/uploads\/2022\/02\/DBIfoto.jpg",680,369,false],"colormag-elementor-grid-large-thumbnail":["http:\/\/spczarna.wolomin.org\/wp-content\/uploads\/2022\/02\/DBIfoto.jpg",600,326,false],"colormag-elementor-grid-small-thumbnail":["http:\/\/spczarna.wolomin.org\/wp-content\/uploads\/2022\/02\/DBIfoto.jpg",285,155,false],"colormag-elementor-grid-medium-large-thumbnail":["http:\/\/spczarna.wolomin.org\/wp-content\/uploads\/2022\/02\/DBIfoto.jpg",365,198,false]},"post_excerpt_stackable":"<p>8 lutego 2022 roku obchodzimy Dzie\u0144 Bezpiecznego Internetu Dzie\u0144 Bezpiecznego Internetu&nbsp;(DBI) obchodzony jest z inicjatywy Komisji Europejskiej od 2004 roku. Pocz\u0105tkowo wydarzenie to \u015bwi\u0119towa\u0142y jedynie pa\u0144stwa europejskie, ale ju\u017c od lat DBI przekracza granice Europy anga\u017cuj\u0105c&nbsp;pa\u0144stwa&nbsp;z ca\u0142ego \u015bwiata Organizatorem wydarzenia w Polsce od 2005 roku jest&nbsp;Polskie Centrum Programu Safer Internet&nbsp;(PCPSI), kt\u00f3re tworz\u0105 pa\u0144stwowy instytut badawczy&nbsp;NASK oraz&nbsp;Fundacja Dajemy Dzieciom Si\u0142\u0119 &nbsp;\u2013 realizatorzy unijnego programu&nbsp;\u201e\u0141\u0105cz\u0105c Europ\u0119\u201d (ang. Connecting Europe Facility \u2013 CEF). Tegoroczne has\u0142o to \u201eRazem dla lepszego Internetu!\u201d. Bezpieczni w mediach spo\u0142eczno\u015bciowych \u2013 praktyczne wskaz\u00f3wki Chro\u0144 dane Korzystaj\u0105c z medi\u00f3w spo\u0142eczno\u015bciowych powinni\u015bmy stosowa\u0107 zasady bezpiecze\u0144stwa . Wi\u0119kszo\u015b\u0107 dzia\u0142a\u0144 na platformach spo\u0142eczno\u015bciowych&hellip;<\/p>\n","category_list":"<a href=\"http:\/\/spczarna.wolomin.org\/?cat=3\" rel=\"category\">Aktualno\u015bci<\/a>","author_info":{"name":"Rafa\u0142 Jurewicz","url":"http:\/\/spczarna.wolomin.org\/?author=6"},"comments_num":"0 comments","_links":{"self":[{"href":"http:\/\/spczarna.wolomin.org\/index.php?rest_route=\/wp\/v2\/posts\/1086"}],"collection":[{"href":"http:\/\/spczarna.wolomin.org\/index.php?rest_route=\/wp\/v2\/posts"}],"about":[{"href":"http:\/\/spczarna.wolomin.org\/index.php?rest_route=\/wp\/v2\/types\/post"}],"author":[{"embeddable":true,"href":"http:\/\/spczarna.wolomin.org\/index.php?rest_route=\/wp\/v2\/users\/6"}],"replies":[{"embeddable":true,"href":"http:\/\/spczarna.wolomin.org\/index.php?rest_route=%2Fwp%2Fv2%2Fcomments&post=1086"}],"version-history":[{"count":1,"href":"http:\/\/spczarna.wolomin.org\/index.php?rest_route=\/wp\/v2\/posts\/1086\/revisions"}],"predecessor-version":[{"id":1089,"href":"http:\/\/spczarna.wolomin.org\/index.php?rest_route=\/wp\/v2\/posts\/1086\/revisions\/1089"}],"wp:featuredmedia":[{"embeddable":true,"href":"http:\/\/spczarna.wolomin.org\/index.php?rest_route=\/wp\/v2\/media\/1088"}],"wp:attachment":[{"href":"http:\/\/spczarna.wolomin.org\/index.php?rest_route=%2Fwp%2Fv2%2Fmedia&parent=1086"}],"wp:term":[{"taxonomy":"category","embeddable":true,"href":"http:\/\/spczarna.wolomin.org\/index.php?rest_route=%2Fwp%2Fv2%2Fcategories&post=1086"},{"taxonomy":"post_tag","embeddable":true,"href":"http:\/\/spczarna.wolomin.org\/index.php?rest_route=%2Fwp%2Fv2%2Ftags&post=1086"}],"curies":[{"name":"wp","href":"https:\/\/api.w.org\/{rel}","templated":true}]}}