{"id":1091,"date":"2022-02-18T11:30:18","date_gmt":"2022-02-18T11:30:18","guid":{"rendered":"http:\/\/spczarna.wolomin.org\/?p=1091"},"modified":"2022-02-18T11:30:21","modified_gmt":"2022-02-18T11:30:21","slug":"konkurs","status":"publish","type":"post","link":"http:\/\/spczarna.wolomin.org\/?p=1091","title":{"rendered":"KONKURS!!!"},"content":{"rendered":"\n<p class=\"has-text-align-center has-medium-font-size\"><strong>KRUS zaprasza dzieci do udzia\u0142u w XII edycji Og\u00f3lnopolskiego Konkursu Plastycznego <\/strong><\/p>\n\n\n\n<p class=\"has-text-align-center has-large-font-size\"><strong>\u201eBezpiecznie na wsi mamy, bo ryzyko upadk\u00f3w znamy\u201d<\/strong><\/p>\n\n\n\n<p>Kasa Rolniczego Ubezpieczenia Spo\u0142ecznego organizuje XI Og\u00f3lnopolski Konkurs Plastyczny dla Dzieci, kt\u00f3ry w 2022 roku przebiega pod has\u0142em <strong>\u201eBezpiecznie na wsi mamy, bo ryzyko upadk\u00f3w znamy\u201d<\/strong> skierowany do&nbsp;uczni\u00f3w szk\u00f3\u0142 podstawowych z&nbsp;teren\u00f3w wiejskich. Patronat honorowy nad konkursem sprawuje Minister Rolnictwa i&nbsp;Rozwoju Wsi \u2013 Pan Henryk Kowalczyk.<\/p>\n\n\n\n<p>Celem Konkursu jest promowanie pozytywnego zachowania zwi\u0105zanego z prac\u0105 i zabaw\u0105 na terenie gospodarstwa rolnego oraz popularyzowanie <em>Wykazu czynno\u015bci szczeg\u00f3lnie niebezpiecznych zwi\u0105zanych z prowadzeniem gospodarstwa rolnego, kt\u00f3rych nie wolno powierza\u0107 dzieciom poni\u017cej 16 lat<\/em>.<\/p>\n\n\n\n<p>Uczestnik&nbsp;Konkursu wykonuje dwuwymiarow\u0105 prac\u0119 plastyczn\u0105 w formacie A3, w&nbsp;dowolnej technice, obrazuj\u0105c\u0105 sposoby zapobiegania wypadkom przy pracy w gospodarstwie rolnym ze szczeg\u00f3lnym uwzgl\u0119dnieniem zapobiegania upadkom os\u00f3b pracuj\u0105cych i przebywaj\u0105cych w gospodarstwie rolnym. Na ka\u017cdym etapie konkursu zg\u0142oszone prace oceniane b\u0119d\u0105 w&nbsp;podziale na&nbsp;dwie kategorie wiekowe (kl. 0-III i&nbsp;IV-VIII), wed\u0142ug nast\u0119puj\u0105cych kryteri\u00f3w: zgodno\u015b\u0107 z tematyk\u0105 konkursu i jej trafne przedstawienie, oryginalno\u015b\u0107, pomys\u0142owo\u015b\u0107 w&nbsp;zobrazowaniu przes\u0142ania konkursu oraz&nbsp;walory estetyczne pracy. Uczestnik mo\u017ce zg\u0142osi\u0107 tylko jedn\u0105 prac\u0119 plastyczn\u0105.<\/p>\n\n\n\n<p>Termin nadsy\u0142ania prac konkursowych do PT KRUS w Wo\u0142ominie za po\u015brednictwem szk\u00f3\u0142 up\u0142ywa z dniem <strong>01<\/strong><strong> kwietnia 2022 r.<\/strong><\/p>\n\n\n\n<p>Na stronie internetowej www<a href=\"http:\/\/WWW.krus.gov.pl\">.krus.gov.pl<\/a> w zak\u0142adce \u201eBezpieczne dziecko w gospodarstwie rolnym\u201d znale\u017a\u0107 mo\u017cna \u017ar\u00f3d\u0142o wiedzy, z kt\u00f3rej&nbsp;dzieci dowiedz\u0105 si\u0119 co mo\u017cna zrobi\u0107, \u017ceby wspom\u00f3c rodzic\u00f3w w dbaniu o w\u0142asne bezpiecze\u0144stwo. Tu znajduj\u0105 si\u0119 min.: film pt.: \u201eGra o&nbsp;zdrowie i&nbsp;bezpiecze\u0144stwo\u201d, kt\u00f3ry&nbsp;zabierze dzieci na&nbsp;wirtualny spacer po&nbsp;gospodarstwie oraz szkolenie e-learningowe: \u201eBezpiecznie na&nbsp;wsi mamy \u2013 upadkom zapobiegamy\u201d, w kt\u00f3rym wraz z trojgiem sympatycznych dzieci pozna\u0107 mo\u017cna najcz\u0119\u015bciej wyst\u0119puj\u0105ce w&nbsp;gospodarstwach sytuacje niebezpieczne.<\/p>\n\n\n\n<p>Wi\u0119cej informacji na temat konkursu udzieli Plac\u00f3wka Terenowa KRUS w Wo\u0142ominie<\/p>\n\n\n<a href=\"http:\/\/spczarna.wolomin.org\/wp-content\/uploads\/2022\/02\/Regulamin-BNW-2022-Mazowsze.pdf\" class=\"pdfemb-viewer\" style=\"\" data-width=\"max\" data-height=\"max\"  data-toolbar=\"bottom\" data-toolbar-fixed=\"off\">Regulamin-BNW-2022-Mazowsze<br\/><\/a>\n<p class=\"wp-block-pdfemb-pdf-embedder-viewer\"><\/p>\n\n\n\n<figure class=\"wp-block-image size-large\" data-block-type=\"core\"><img fetchpriority=\"high\" decoding=\"async\" width=\"314\" height=\"445\" src=\"http:\/\/spczarna.wolomin.org\/wp-content\/uploads\/2022\/02\/Plakat-konkurs-krus.jpg\" alt=\"\" class=\"wp-image-1094\" srcset=\"http:\/\/spczarna.wolomin.org\/wp-content\/uploads\/2022\/02\/Plakat-konkurs-krus.jpg 314w, http:\/\/spczarna.wolomin.org\/wp-content\/uploads\/2022\/02\/Plakat-konkurs-krus-212x300.jpg 212w\" sizes=\"(max-width: 314px) 100vw, 314px\" \/><\/figure>\n\n\n\n<p>ul. Pr\u0105dzy\u0144skiego 1 (tel. 22&nbsp;761 34 13, e-mail: iwona.kur@krus.gov.pl ).<\/p>\n","protected":false},"excerpt":{"rendered":"<p>KRUS zaprasza dzieci do udzia\u0142u w XII edycji Og\u00f3lnopolskiego Konkursu Plastycznego \u201eBezpiecznie na wsi mamy, bo ryzyko upadk\u00f3w znamy\u201d Kasa<\/p>\n","protected":false},"author":6,"featured_media":1093,"comment_status":"closed","ping_status":"closed","sticky":false,"template":"","format":"standard","meta":{"footnotes":""},"categories":[3],"tags":[],"featured_image_urls":{"full":["http:\/\/spczarna.wolomin.org\/wp-content\/uploads\/2022\/02\/konkurs-krus.jpg",686,445,false],"thumbnail":["http:\/\/spczarna.wolomin.org\/wp-content\/uploads\/2022\/02\/konkurs-krus-150x150.jpg",150,150,true],"medium":["http:\/\/spczarna.wolomin.org\/wp-content\/uploads\/2022\/02\/konkurs-krus-300x195.jpg",300,195,true],"medium_large":["http:\/\/spczarna.wolomin.org\/wp-content\/uploads\/2022\/02\/konkurs-krus.jpg",686,445,false],"large":["http:\/\/spczarna.wolomin.org\/wp-content\/uploads\/2022\/02\/konkurs-krus.jpg",686,445,false],"1536x1536":["http:\/\/spczarna.wolomin.org\/wp-content\/uploads\/2022\/02\/konkurs-krus.jpg",686,445,false],"2048x2048":["http:\/\/spczarna.wolomin.org\/wp-content\/uploads\/2022\/02\/konkurs-krus.jpg",686,445,false],"colormag-highlighted-post":["http:\/\/spczarna.wolomin.org\/wp-content\/uploads\/2022\/02\/konkurs-krus-392x272.jpg",392,272,true],"colormag-featured-post-medium":["http:\/\/spczarna.wolomin.org\/wp-content\/uploads\/2022\/02\/konkurs-krus-390x205.jpg",390,205,true],"colormag-featured-post-small":["http:\/\/spczarna.wolomin.org\/wp-content\/uploads\/2022\/02\/konkurs-krus-130x90.jpg",130,90,true],"colormag-featured-image":["http:\/\/spczarna.wolomin.org\/wp-content\/uploads\/2022\/02\/konkurs-krus.jpg",686,445,false],"colormag-default-news":["http:\/\/spczarna.wolomin.org\/wp-content\/uploads\/2022\/02\/konkurs-krus.jpg",150,97,false],"colormag-featured-image-large":["http:\/\/spczarna.wolomin.org\/wp-content\/uploads\/2022\/02\/konkurs-krus.jpg",686,445,false],"colormag-elementor-block-extra-large-thumbnail":["http:\/\/spczarna.wolomin.org\/wp-content\/uploads\/2022\/02\/konkurs-krus.jpg",686,445,false],"colormag-elementor-grid-large-thumbnail":["http:\/\/spczarna.wolomin.org\/wp-content\/uploads\/2022\/02\/konkurs-krus.jpg",600,389,false],"colormag-elementor-grid-small-thumbnail":["http:\/\/spczarna.wolomin.org\/wp-content\/uploads\/2022\/02\/konkurs-krus.jpg",285,185,false],"colormag-elementor-grid-medium-large-thumbnail":["http:\/\/spczarna.wolomin.org\/wp-content\/uploads\/2022\/02\/konkurs-krus.jpg",305,198,false]},"post_excerpt_stackable":"<p>KRUS zaprasza dzieci do udzia\u0142u w XII edycji Og\u00f3lnopolskiego Konkursu Plastycznego \u201eBezpiecznie na wsi mamy, bo ryzyko upadk\u00f3w znamy\u201d Kasa Rolniczego Ubezpieczenia Spo\u0142ecznego organizuje XI Og\u00f3lnopolski Konkurs Plastyczny dla Dzieci, kt\u00f3ry w 2022 roku przebiega pod has\u0142em \u201eBezpiecznie na wsi mamy, bo ryzyko upadk\u00f3w znamy\u201d skierowany do&nbsp;uczni\u00f3w szk\u00f3\u0142 podstawowych z&nbsp;teren\u00f3w wiejskich. Patronat honorowy nad konkursem sprawuje Minister Rolnictwa i&nbsp;Rozwoju Wsi \u2013 Pan Henryk Kowalczyk. Celem Konkursu jest promowanie pozytywnego zachowania zwi\u0105zanego z prac\u0105 i zabaw\u0105 na terenie gospodarstwa rolnego oraz popularyzowanie Wykazu czynno\u015bci szczeg\u00f3lnie niebezpiecznych zwi\u0105zanych z prowadzeniem gospodarstwa rolnego, kt\u00f3rych nie wolno powierza\u0107 dzieciom poni\u017cej 16 lat. Uczestnik&nbsp;Konkursu wykonuje&hellip;<\/p>\n","category_list":"<a href=\"http:\/\/spczarna.wolomin.org\/?cat=3\" rel=\"category\">Aktualno\u015bci<\/a>","author_info":{"name":"Rafa\u0142 Jurewicz","url":"http:\/\/spczarna.wolomin.org\/?author=6"},"comments_num":"0 comments","_links":{"self":[{"href":"http:\/\/spczarna.wolomin.org\/index.php?rest_route=\/wp\/v2\/posts\/1091"}],"collection":[{"href":"http:\/\/spczarna.wolomin.org\/index.php?rest_route=\/wp\/v2\/posts"}],"about":[{"href":"http:\/\/spczarna.wolomin.org\/index.php?rest_route=\/wp\/v2\/types\/post"}],"author":[{"embeddable":true,"href":"http:\/\/spczarna.wolomin.org\/index.php?rest_route=\/wp\/v2\/users\/6"}],"replies":[{"embeddable":true,"href":"http:\/\/spczarna.wolomin.org\/index.php?rest_route=%2Fwp%2Fv2%2Fcomments&post=1091"}],"version-history":[{"count":1,"href":"http:\/\/spczarna.wolomin.org\/index.php?rest_route=\/wp\/v2\/posts\/1091\/revisions"}],"predecessor-version":[{"id":1095,"href":"http:\/\/spczarna.wolomin.org\/index.php?rest_route=\/wp\/v2\/posts\/1091\/revisions\/1095"}],"wp:featuredmedia":[{"embeddable":true,"href":"http:\/\/spczarna.wolomin.org\/index.php?rest_route=\/wp\/v2\/media\/1093"}],"wp:attachment":[{"href":"http:\/\/spczarna.wolomin.org\/index.php?rest_route=%2Fwp%2Fv2%2Fmedia&parent=1091"}],"wp:term":[{"taxonomy":"category","embeddable":true,"href":"http:\/\/spczarna.wolomin.org\/index.php?rest_route=%2Fwp%2Fv2%2Fcategories&post=1091"},{"taxonomy":"post_tag","embeddable":true,"href":"http:\/\/spczarna.wolomin.org\/index.php?rest_route=%2Fwp%2Fv2%2Ftags&post=1091"}],"curies":[{"name":"wp","href":"https:\/\/api.w.org\/{rel}","templated":true}]}}