{"id":1398,"date":"2022-09-03T21:07:56","date_gmt":"2022-09-03T21:07:56","guid":{"rendered":"http:\/\/spczarna.wolomin.org\/?p=1398"},"modified":"2022-09-03T21:07:59","modified_gmt":"2022-09-03T21:07:59","slug":"konkurs-ballady-i-romanse-w-roku-polskiego-romantyzmu","status":"publish","type":"post","link":"http:\/\/spczarna.wolomin.org\/?p=1398","title":{"rendered":"Konkurs &#8220;Ballady i romanse w Roku Polskiego Romantyzmu&#8221;"},"content":{"rendered":"\n<p>Zapraszamy uczni\u00f3w klas 4 &#8211; 8 do wzi\u0119cia udzia\u0142u w szkolnym konkursie po\u015bwi\u0119conym wydanemu dok\u0142adnie 200 lat temu zbirowi poezji Adama Mickiewicza. Rok ten wyznacza wkroczenie epoki romantyzmu do kultury polskiej.Konkurs b\u0119dzie przebiega\u0142 w 2 grupach wiekowych:<br>klasy 4-5 &#8211; konkurs plastyczny<br>klasy 6-8 &#8211; konkurs wiedzy.<br>Szczeg\u00f3\u0142y w za\u0142\u0105czonym regulaminie.<br>Rozstrzygni\u0119cie konkursu planowane jest na 13.10.2022.<br>Ch\u0119tnych prosimy o zg\u0142aszanie si\u0119 do pa\u0144 Aldony Kuty i Agnieszki Bugaj w terminie do 09.09.2022.<br>Zach\u0119camy do wzi\u0119cia udzia\u0142u w konkursie &#8211; na zwyci\u0119zc\u00f3w czekaj\u0105 nagrody!<br>Aldona Kuta i Agnieszka Bugaj\u00a0<\/p>\n\n\n<a href=\"http:\/\/spczarna.wolomin.org\/wp-content\/uploads\/2022\/09\/regulamin-konkursu-ballady-i-romanse-.pdf\" class=\"pdfemb-viewer\" style=\"\" data-width=\"max\" data-height=\"max\"  data-toolbar=\"bottom\" data-toolbar-fixed=\"off\">regulamin-konkursu-ballady-i-romanse-<br\/><\/a>\n<p class=\"wp-block-pdfemb-pdf-embedder-viewer\"><\/p>\n","protected":false},"excerpt":{"rendered":"<p>Zapraszamy uczni\u00f3w klas 4 &#8211; 8 do wzi\u0119cia udzia\u0142u w szkolnym konkursie po\u015bwi\u0119conym wydanemu dok\u0142adnie 200 lat temu zbirowi poezji<\/p>\n","protected":false},"author":6,"featured_media":1400,"comment_status":"closed","ping_status":"closed","sticky":false,"template":"","format":"standard","meta":{"footnotes":""},"categories":[3],"tags":[],"featured_image_urls":{"full":["http:\/\/spczarna.wolomin.org\/wp-content\/uploads\/2022\/09\/Zrzut-ekranu-410.jpg",791,445,false],"thumbnail":["http:\/\/spczarna.wolomin.org\/wp-content\/uploads\/2022\/09\/Zrzut-ekranu-410-150x150.jpg",150,150,true],"medium":["http:\/\/spczarna.wolomin.org\/wp-content\/uploads\/2022\/09\/Zrzut-ekranu-410-300x169.jpg",300,169,true],"medium_large":["http:\/\/spczarna.wolomin.org\/wp-content\/uploads\/2022\/09\/Zrzut-ekranu-410-768x432.jpg",768,432,true],"large":["http:\/\/spczarna.wolomin.org\/wp-content\/uploads\/2022\/09\/Zrzut-ekranu-410.jpg",791,445,false],"1536x1536":["http:\/\/spczarna.wolomin.org\/wp-content\/uploads\/2022\/09\/Zrzut-ekranu-410.jpg",791,445,false],"2048x2048":["http:\/\/spczarna.wolomin.org\/wp-content\/uploads\/2022\/09\/Zrzut-ekranu-410.jpg",791,445,false],"colormag-highlighted-post":["http:\/\/spczarna.wolomin.org\/wp-content\/uploads\/2022\/09\/Zrzut-ekranu-410-392x272.jpg",392,272,true],"colormag-featured-post-medium":["http:\/\/spczarna.wolomin.org\/wp-content\/uploads\/2022\/09\/Zrzut-ekranu-410-390x205.jpg",390,205,true],"colormag-featured-post-small":["http:\/\/spczarna.wolomin.org\/wp-content\/uploads\/2022\/09\/Zrzut-ekranu-410-130x90.jpg",130,90,true],"colormag-featured-image":["http:\/\/spczarna.wolomin.org\/wp-content\/uploads\/2022\/09\/Zrzut-ekranu-410.jpg",791,445,false],"colormag-default-news":["http:\/\/spczarna.wolomin.org\/wp-content\/uploads\/2022\/09\/Zrzut-ekranu-410.jpg",150,84,false],"colormag-featured-image-large":["http:\/\/spczarna.wolomin.org\/wp-content\/uploads\/2022\/09\/Zrzut-ekranu-410.jpg",791,445,false],"colormag-elementor-block-extra-large-thumbnail":["http:\/\/spczarna.wolomin.org\/wp-content\/uploads\/2022\/09\/Zrzut-ekranu-410.jpg",791,445,false],"colormag-elementor-grid-large-thumbnail":["http:\/\/spczarna.wolomin.org\/wp-content\/uploads\/2022\/09\/Zrzut-ekranu-410.jpg",600,338,false],"colormag-elementor-grid-small-thumbnail":["http:\/\/spczarna.wolomin.org\/wp-content\/uploads\/2022\/09\/Zrzut-ekranu-410.jpg",285,160,false],"colormag-elementor-grid-medium-large-thumbnail":["http:\/\/spczarna.wolomin.org\/wp-content\/uploads\/2022\/09\/Zrzut-ekranu-410.jpg",352,198,false]},"post_excerpt_stackable":"<p>Zapraszamy uczni\u00f3w klas 4 &#8211; 8 do wzi\u0119cia udzia\u0142u w szkolnym konkursie po\u015bwi\u0119conym wydanemu dok\u0142adnie 200 lat temu zbirowi poezji Adama Mickiewicza. Rok ten wyznacza wkroczenie epoki romantyzmu do kultury polskiej.Konkurs b\u0119dzie przebiega\u0142 w 2 grupach wiekowych:klasy 4-5 &#8211; konkurs plastycznyklasy 6-8 &#8211; konkurs wiedzy.Szczeg\u00f3\u0142y w za\u0142\u0105czonym regulaminie.Rozstrzygni\u0119cie konkursu planowane jest na 13.10.2022.Ch\u0119tnych prosimy o zg\u0142aszanie si\u0119 do pa\u0144 Aldony Kuty i Agnieszki Bugaj w terminie do 09.09.2022.Zach\u0119camy do wzi\u0119cia udzia\u0142u w konkursie &#8211; na zwyci\u0119zc\u00f3w czekaj\u0105 nagrody!Aldona Kuta i Agnieszka Bugaj\u00a0 regulamin-konkursu-ballady-i-romanse-<\/p>\n","category_list":"<a href=\"http:\/\/spczarna.wolomin.org\/?cat=3\" rel=\"category\">Aktualno\u015bci<\/a>","author_info":{"name":"Rafa\u0142 Jurewicz","url":"http:\/\/spczarna.wolomin.org\/?author=6"},"comments_num":"0 comments","_links":{"self":[{"href":"http:\/\/spczarna.wolomin.org\/index.php?rest_route=\/wp\/v2\/posts\/1398"}],"collection":[{"href":"http:\/\/spczarna.wolomin.org\/index.php?rest_route=\/wp\/v2\/posts"}],"about":[{"href":"http:\/\/spczarna.wolomin.org\/index.php?rest_route=\/wp\/v2\/types\/post"}],"author":[{"embeddable":true,"href":"http:\/\/spczarna.wolomin.org\/index.php?rest_route=\/wp\/v2\/users\/6"}],"replies":[{"embeddable":true,"href":"http:\/\/spczarna.wolomin.org\/index.php?rest_route=%2Fwp%2Fv2%2Fcomments&post=1398"}],"version-history":[{"count":1,"href":"http:\/\/spczarna.wolomin.org\/index.php?rest_route=\/wp\/v2\/posts\/1398\/revisions"}],"predecessor-version":[{"id":1401,"href":"http:\/\/spczarna.wolomin.org\/index.php?rest_route=\/wp\/v2\/posts\/1398\/revisions\/1401"}],"wp:featuredmedia":[{"embeddable":true,"href":"http:\/\/spczarna.wolomin.org\/index.php?rest_route=\/wp\/v2\/media\/1400"}],"wp:attachment":[{"href":"http:\/\/spczarna.wolomin.org\/index.php?rest_route=%2Fwp%2Fv2%2Fmedia&parent=1398"}],"wp:term":[{"taxonomy":"category","embeddable":true,"href":"http:\/\/spczarna.wolomin.org\/index.php?rest_route=%2Fwp%2Fv2%2Fcategories&post=1398"},{"taxonomy":"post_tag","embeddable":true,"href":"http:\/\/spczarna.wolomin.org\/index.php?rest_route=%2Fwp%2Fv2%2Ftags&post=1398"}],"curies":[{"name":"wp","href":"https:\/\/api.w.org\/{rel}","templated":true}]}}