{"id":1402,"date":"2022-09-05T15:09:36","date_gmt":"2022-09-05T15:09:36","guid":{"rendered":"http:\/\/spczarna.wolomin.org\/?p=1402"},"modified":"2022-09-05T15:09:40","modified_gmt":"2022-09-05T15:09:40","slug":"narodowe-czytanie-w-czarnej","status":"publish","type":"post","link":"http:\/\/spczarna.wolomin.org\/?p=1402","title":{"rendered":"Narodowe Czytanie w Czarnej"},"content":{"rendered":"\n<p>  Pierwszy poniedzia\u0142ek roku szkolnego up\u0142yn\u0105\u0142 w naszej szkole pod znakiem polskiego romantyzmu. W ramach akcji Narodowego Czytania uczniowie klas 7. i 8. odczytali podczas przerw wybrane utwory ze zbioru \u201eBallady i romanse\u201d Adama Mickiewicza. Ich wypoczywaj\u0105cy na korytarzu szkolnym koledzy us\u0142yszeli m.in. \u201ePowr\u00f3t taty\u201d, \u201eRybk\u0119\u201d i \u201e\u015awite\u017a\u201d. Poeta z portretu obserwowa\u0142, czy jego wiersze znajduj\u0105 zrozumienie u wsp\u00f3\u0142czesnej m\u0142odzie\u017cy. <\/p>\n\n\n\n<p>Wydarzeniem opiekowa\u0142y si\u0119 panie Aldona Kuta i Agnieszka Bugaj.<\/p>\n\n\n\n<figure class=\"wp-block-gallery columns-3 is-cropped wp-block-gallery-1 is-layout-flex wp-block-gallery-is-layout-flex\" data-block-type=\"core\"><ul class=\"blocks-gallery-grid\"><li class=\"blocks-gallery-item\"><figure><img fetchpriority=\"high\" decoding=\"async\" width=\"593\" height=\"445\" src=\"http:\/\/spczarna.wolomin.org\/wp-content\/uploads\/2022\/09\/304545759_5190895134349799_102166859153539387_n-1.jpg\" alt=\"\" data-id=\"1412\" data-full-url=\"http:\/\/spczarna.wolomin.org\/wp-content\/uploads\/2022\/09\/304545759_5190895134349799_102166859153539387_n-1.jpg\" data-link=\"http:\/\/spczarna.wolomin.org\/?attachment_id=1412\" class=\"wp-image-1412\" srcset=\"http:\/\/spczarna.wolomin.org\/wp-content\/uploads\/2022\/09\/304545759_5190895134349799_102166859153539387_n-1.jpg 593w, http:\/\/spczarna.wolomin.org\/wp-content\/uploads\/2022\/09\/304545759_5190895134349799_102166859153539387_n-1-300x225.jpg 300w\" sizes=\"(max-width: 593px) 100vw, 593px\" \/><\/figure><\/li><li class=\"blocks-gallery-item\"><figure><img decoding=\"async\" width=\"593\" height=\"445\" src=\"http:\/\/spczarna.wolomin.org\/wp-content\/uploads\/2022\/09\/304828121_5411628632257413_5355371969921469188_n-1.jpg\" alt=\"\" data-id=\"1413\" data-full-url=\"http:\/\/spczarna.wolomin.org\/wp-content\/uploads\/2022\/09\/304828121_5411628632257413_5355371969921469188_n-1.jpg\" data-link=\"http:\/\/spczarna.wolomin.org\/?attachment_id=1413\" class=\"wp-image-1413\" srcset=\"http:\/\/spczarna.wolomin.org\/wp-content\/uploads\/2022\/09\/304828121_5411628632257413_5355371969921469188_n-1.jpg 593w, http:\/\/spczarna.wolomin.org\/wp-content\/uploads\/2022\/09\/304828121_5411628632257413_5355371969921469188_n-1-300x225.jpg 300w\" sizes=\"(max-width: 593px) 100vw, 593px\" \/><\/figure><\/li><li class=\"blocks-gallery-item\"><figure><img decoding=\"async\" width=\"333\" height=\"445\" src=\"http:\/\/spczarna.wolomin.org\/wp-content\/uploads\/2022\/09\/304878650_1788530758158725_4000640633037772121_n-1-1.jpg\" alt=\"\" data-id=\"1414\" data-full-url=\"http:\/\/spczarna.wolomin.org\/wp-content\/uploads\/2022\/09\/304878650_1788530758158725_4000640633037772121_n-1-1.jpg\" data-link=\"http:\/\/spczarna.wolomin.org\/?attachment_id=1414\" class=\"wp-image-1414\" srcset=\"http:\/\/spczarna.wolomin.org\/wp-content\/uploads\/2022\/09\/304878650_1788530758158725_4000640633037772121_n-1-1.jpg 333w, http:\/\/spczarna.wolomin.org\/wp-content\/uploads\/2022\/09\/304878650_1788530758158725_4000640633037772121_n-1-1-224x300.jpg 224w\" sizes=\"(max-width: 333px) 100vw, 333px\" \/><\/figure><\/li><li class=\"blocks-gallery-item\"><figure><img loading=\"lazy\" decoding=\"async\" width=\"333\" height=\"445\" src=\"http:\/\/spczarna.wolomin.org\/wp-content\/uploads\/2022\/09\/304937112_5363764203718339_4370695251419670287_n-1.jpg\" alt=\"\" data-id=\"1415\" data-full-url=\"http:\/\/spczarna.wolomin.org\/wp-content\/uploads\/2022\/09\/304937112_5363764203718339_4370695251419670287_n-1.jpg\" data-link=\"http:\/\/spczarna.wolomin.org\/?attachment_id=1415\" class=\"wp-image-1415\" srcset=\"http:\/\/spczarna.wolomin.org\/wp-content\/uploads\/2022\/09\/304937112_5363764203718339_4370695251419670287_n-1.jpg 333w, http:\/\/spczarna.wolomin.org\/wp-content\/uploads\/2022\/09\/304937112_5363764203718339_4370695251419670287_n-1-224x300.jpg 224w\" sizes=\"(max-width: 333px) 100vw, 333px\" \/><\/figure><\/li><li class=\"blocks-gallery-item\"><figure><img loading=\"lazy\" decoding=\"async\" width=\"333\" height=\"445\" src=\"http:\/\/spczarna.wolomin.org\/wp-content\/uploads\/2022\/09\/305255846_1560831317668437_5285328015452925716_n-1.jpg\" alt=\"\" data-id=\"1416\" data-full-url=\"http:\/\/spczarna.wolomin.org\/wp-content\/uploads\/2022\/09\/305255846_1560831317668437_5285328015452925716_n-1.jpg\" data-link=\"http:\/\/spczarna.wolomin.org\/?attachment_id=1416\" class=\"wp-image-1416\" srcset=\"http:\/\/spczarna.wolomin.org\/wp-content\/uploads\/2022\/09\/305255846_1560831317668437_5285328015452925716_n-1.jpg 333w, http:\/\/spczarna.wolomin.org\/wp-content\/uploads\/2022\/09\/305255846_1560831317668437_5285328015452925716_n-1-224x300.jpg 224w\" sizes=\"(max-width: 333px) 100vw, 333px\" \/><\/figure><\/li><li class=\"blocks-gallery-item\"><figure><img loading=\"lazy\" decoding=\"async\" width=\"333\" height=\"445\" src=\"http:\/\/spczarna.wolomin.org\/wp-content\/uploads\/2022\/09\/305336780_1220977465389933_3024365856155466499_n-1.jpg\" alt=\"\" data-id=\"1417\" data-full-url=\"http:\/\/spczarna.wolomin.org\/wp-content\/uploads\/2022\/09\/305336780_1220977465389933_3024365856155466499_n-1.jpg\" data-link=\"http:\/\/spczarna.wolomin.org\/?attachment_id=1417\" class=\"wp-image-1417\" srcset=\"http:\/\/spczarna.wolomin.org\/wp-content\/uploads\/2022\/09\/305336780_1220977465389933_3024365856155466499_n-1.jpg 333w, http:\/\/spczarna.wolomin.org\/wp-content\/uploads\/2022\/09\/305336780_1220977465389933_3024365856155466499_n-1-224x300.jpg 224w\" sizes=\"(max-width: 333px) 100vw, 333px\" \/><\/figure><\/li><li class=\"blocks-gallery-item\"><figure><img loading=\"lazy\" decoding=\"async\" width=\"333\" height=\"445\" src=\"http:\/\/spczarna.wolomin.org\/wp-content\/uploads\/2022\/09\/304962177_622553462762716_4512740250957317761_n-1.jpg\" alt=\"\" data-id=\"1418\" data-full-url=\"http:\/\/spczarna.wolomin.org\/wp-content\/uploads\/2022\/09\/304962177_622553462762716_4512740250957317761_n-1.jpg\" data-link=\"http:\/\/spczarna.wolomin.org\/?attachment_id=1418\" class=\"wp-image-1418\" srcset=\"http:\/\/spczarna.wolomin.org\/wp-content\/uploads\/2022\/09\/304962177_622553462762716_4512740250957317761_n-1.jpg 333w, http:\/\/spczarna.wolomin.org\/wp-content\/uploads\/2022\/09\/304962177_622553462762716_4512740250957317761_n-1-224x300.jpg 224w\" sizes=\"(max-width: 333px) 100vw, 333px\" \/><\/figure><\/li><li class=\"blocks-gallery-item\"><figure><img loading=\"lazy\" decoding=\"async\" width=\"593\" height=\"445\" src=\"http:\/\/spczarna.wolomin.org\/wp-content\/uploads\/2022\/09\/302463642_3228169074124178_4586204563483575867_n-1.jpg\" alt=\"\" data-id=\"1419\" data-full-url=\"http:\/\/spczarna.wolomin.org\/wp-content\/uploads\/2022\/09\/302463642_3228169074124178_4586204563483575867_n-1.jpg\" data-link=\"http:\/\/spczarna.wolomin.org\/?attachment_id=1419\" class=\"wp-image-1419\" srcset=\"http:\/\/spczarna.wolomin.org\/wp-content\/uploads\/2022\/09\/302463642_3228169074124178_4586204563483575867_n-1.jpg 593w, http:\/\/spczarna.wolomin.org\/wp-content\/uploads\/2022\/09\/302463642_3228169074124178_4586204563483575867_n-1-300x225.jpg 300w\" sizes=\"(max-width: 593px) 100vw, 593px\" \/><\/figure><\/li><\/ul><\/figure>\n","protected":false},"excerpt":{"rendered":"<p>Pierwszy poniedzia\u0142ek roku szkolnego up\u0142yn\u0105\u0142 w naszej szkole pod znakiem polskiego romantyzmu. W ramach akcji Narodowego Czytania uczniowie klas 7.<\/p>\n","protected":false},"author":6,"featured_media":1403,"comment_status":"closed","ping_status":"closed","sticky":false,"template":"","format":"standard","meta":{"footnotes":""},"categories":[3],"tags":[],"featured_image_urls":{"full":["http:\/\/spczarna.wolomin.org\/wp-content\/uploads\/2022\/09\/ballady-i-romanse.jpg",581,445,false],"thumbnail":["http:\/\/spczarna.wolomin.org\/wp-content\/uploads\/2022\/09\/ballady-i-romanse-150x150.jpg",150,150,true],"medium":["http:\/\/spczarna.wolomin.org\/wp-content\/uploads\/2022\/09\/ballady-i-romanse-300x230.jpg",300,230,true],"medium_large":["http:\/\/spczarna.wolomin.org\/wp-content\/uploads\/2022\/09\/ballady-i-romanse.jpg",581,445,false],"large":["http:\/\/spczarna.wolomin.org\/wp-content\/uploads\/2022\/09\/ballady-i-romanse.jpg",581,445,false],"1536x1536":["http:\/\/spczarna.wolomin.org\/wp-content\/uploads\/2022\/09\/ballady-i-romanse.jpg",581,445,false],"2048x2048":["http:\/\/spczarna.wolomin.org\/wp-content\/uploads\/2022\/09\/ballady-i-romanse.jpg",581,445,false],"colormag-highlighted-post":["http:\/\/spczarna.wolomin.org\/wp-content\/uploads\/2022\/09\/ballady-i-romanse-392x272.jpg",392,272,true],"colormag-featured-post-medium":["http:\/\/spczarna.wolomin.org\/wp-content\/uploads\/2022\/09\/ballady-i-romanse-390x205.jpg",390,205,true],"colormag-featured-post-small":["http:\/\/spczarna.wolomin.org\/wp-content\/uploads\/2022\/09\/ballady-i-romanse-130x90.jpg",130,90,true],"colormag-featured-image":["http:\/\/spczarna.wolomin.org\/wp-content\/uploads\/2022\/09\/ballady-i-romanse.jpg",581,445,false],"colormag-default-news":["http:\/\/spczarna.wolomin.org\/wp-content\/uploads\/2022\/09\/ballady-i-romanse.jpg",150,115,false],"colormag-featured-image-large":["http:\/\/spczarna.wolomin.org\/wp-content\/uploads\/2022\/09\/ballady-i-romanse.jpg",581,445,false],"colormag-elementor-block-extra-large-thumbnail":["http:\/\/spczarna.wolomin.org\/wp-content\/uploads\/2022\/09\/ballady-i-romanse.jpg",581,445,false],"colormag-elementor-grid-large-thumbnail":["http:\/\/spczarna.wolomin.org\/wp-content\/uploads\/2022\/09\/ballady-i-romanse.jpg",544,417,false],"colormag-elementor-grid-small-thumbnail":["http:\/\/spczarna.wolomin.org\/wp-content\/uploads\/2022\/09\/ballady-i-romanse.jpg",285,218,false],"colormag-elementor-grid-medium-large-thumbnail":["http:\/\/spczarna.wolomin.org\/wp-content\/uploads\/2022\/09\/ballady-i-romanse.jpg",259,198,false]},"post_excerpt_stackable":"<p>Pierwszy poniedzia\u0142ek roku szkolnego up\u0142yn\u0105\u0142 w naszej szkole pod znakiem polskiego romantyzmu. W ramach akcji Narodowego Czytania uczniowie klas 7. i 8. odczytali podczas przerw wybrane utwory ze zbioru \u201eBallady i romanse\u201d Adama Mickiewicza. Ich wypoczywaj\u0105cy na korytarzu szkolnym koledzy us\u0142yszeli m.in. \u201ePowr\u00f3t taty\u201d, \u201eRybk\u0119\u201d i \u201e\u015awite\u017a\u201d. Poeta z portretu obserwowa\u0142, czy jego wiersze znajduj\u0105 zrozumienie u wsp\u00f3\u0142czesnej m\u0142odzie\u017cy. Wydarzeniem opiekowa\u0142y si\u0119 panie Aldona Kuta i Agnieszka Bugaj.<\/p>\n","category_list":"<a href=\"http:\/\/spczarna.wolomin.org\/?cat=3\" rel=\"category\">Aktualno\u015bci<\/a>","author_info":{"name":"Rafa\u0142 Jurewicz","url":"http:\/\/spczarna.wolomin.org\/?author=6"},"comments_num":"0 comments","_links":{"self":[{"href":"http:\/\/spczarna.wolomin.org\/index.php?rest_route=\/wp\/v2\/posts\/1402"}],"collection":[{"href":"http:\/\/spczarna.wolomin.org\/index.php?rest_route=\/wp\/v2\/posts"}],"about":[{"href":"http:\/\/spczarna.wolomin.org\/index.php?rest_route=\/wp\/v2\/types\/post"}],"author":[{"embeddable":true,"href":"http:\/\/spczarna.wolomin.org\/index.php?rest_route=\/wp\/v2\/users\/6"}],"replies":[{"embeddable":true,"href":"http:\/\/spczarna.wolomin.org\/index.php?rest_route=%2Fwp%2Fv2%2Fcomments&post=1402"}],"version-history":[{"count":1,"href":"http:\/\/spczarna.wolomin.org\/index.php?rest_route=\/wp\/v2\/posts\/1402\/revisions"}],"predecessor-version":[{"id":1420,"href":"http:\/\/spczarna.wolomin.org\/index.php?rest_route=\/wp\/v2\/posts\/1402\/revisions\/1420"}],"wp:featuredmedia":[{"embeddable":true,"href":"http:\/\/spczarna.wolomin.org\/index.php?rest_route=\/wp\/v2\/media\/1403"}],"wp:attachment":[{"href":"http:\/\/spczarna.wolomin.org\/index.php?rest_route=%2Fwp%2Fv2%2Fmedia&parent=1402"}],"wp:term":[{"taxonomy":"category","embeddable":true,"href":"http:\/\/spczarna.wolomin.org\/index.php?rest_route=%2Fwp%2Fv2%2Fcategories&post=1402"},{"taxonomy":"post_tag","embeddable":true,"href":"http:\/\/spczarna.wolomin.org\/index.php?rest_route=%2Fwp%2Fv2%2Ftags&post=1402"}],"curies":[{"name":"wp","href":"https:\/\/api.w.org\/{rel}","templated":true}]}}