{"id":1423,"date":"2022-09-08T15:43:43","date_gmt":"2022-09-08T15:43:43","guid":{"rendered":"http:\/\/spczarna.wolomin.org\/?p=1423"},"modified":"2022-09-08T15:43:46","modified_gmt":"2022-09-08T15:43:46","slug":"kina-helios-1-bilet-1zl-dla-szkoly","status":"publish","type":"post","link":"http:\/\/spczarna.wolomin.org\/?p=1423","title":{"rendered":"Kina Helios &#8220;1 bilet = 1z\u0142 dla szko\u0142y&#8221;"},"content":{"rendered":"\n<p>   W roku szkolnym 2022\/2023 przyst\u0105pili\u015bmy do programu lojalno\u015bciowego Kina Helios &#8220;1 bilet = 1z\u0142 dla szko\u0142y&#8221;. Za ka\u017cd\u0105 zorganizowan\u0105 wizyt\u0119 szkolnej grupy w kinie Helios szko\u0142a otrzymuje premi\u0119 (jedna z\u0142ot\u00f3wka za zakup ka\u017cdego biletu grupowego). Za warto\u015b\u0107 zebranych w programie pieni\u0119dzy szko\u0142a mo\u017ce wybra\u0107 dowoln\u0105 nagrod\u0119 na koniec roku szkolnego. \u00a0 <\/p>\n\n\n\n<p class=\"has-text-align-right\">Koordynator akcji: Karolina Szemraj<\/p>\n","protected":false},"excerpt":{"rendered":"<p>W roku szkolnym 2022\/2023 przyst\u0105pili\u015bmy do programu lojalno\u015bciowego Kina Helios &#8220;1 bilet = 1z\u0142 dla szko\u0142y&#8221;. Za ka\u017cd\u0105 zorganizowan\u0105 wizyt\u0119<\/p>\n","protected":false},"author":6,"featured_media":1424,"comment_status":"closed","ping_status":"closed","sticky":false,"template":"","format":"standard","meta":{"footnotes":""},"categories":[3],"tags":[],"featured_image_urls":{"full":["http:\/\/spczarna.wolomin.org\/wp-content\/uploads\/2022\/09\/logo.helios_200x200.jpg",200,200,false],"thumbnail":["http:\/\/spczarna.wolomin.org\/wp-content\/uploads\/2022\/09\/logo.helios_200x200-150x150.jpg",150,150,true],"medium":["http:\/\/spczarna.wolomin.org\/wp-content\/uploads\/2022\/09\/logo.helios_200x200.jpg",200,200,false],"medium_large":["http:\/\/spczarna.wolomin.org\/wp-content\/uploads\/2022\/09\/logo.helios_200x200.jpg",200,200,false],"large":["http:\/\/spczarna.wolomin.org\/wp-content\/uploads\/2022\/09\/logo.helios_200x200.jpg",200,200,false],"1536x1536":["http:\/\/spczarna.wolomin.org\/wp-content\/uploads\/2022\/09\/logo.helios_200x200.jpg",200,200,false],"2048x2048":["http:\/\/spczarna.wolomin.org\/wp-content\/uploads\/2022\/09\/logo.helios_200x200.jpg",200,200,false],"colormag-highlighted-post":["http:\/\/spczarna.wolomin.org\/wp-content\/uploads\/2022\/09\/logo.helios_200x200.jpg",200,200,false],"colormag-featured-post-medium":["http:\/\/spczarna.wolomin.org\/wp-content\/uploads\/2022\/09\/logo.helios_200x200.jpg",200,200,false],"colormag-featured-post-small":["http:\/\/spczarna.wolomin.org\/wp-content\/uploads\/2022\/09\/logo.helios_200x200-130x90.jpg",130,90,true],"colormag-featured-image":["http:\/\/spczarna.wolomin.org\/wp-content\/uploads\/2022\/09\/logo.helios_200x200.jpg",200,200,false],"colormag-default-news":["http:\/\/spczarna.wolomin.org\/wp-content\/uploads\/2022\/09\/logo.helios_200x200.jpg",150,150,false],"colormag-featured-image-large":["http:\/\/spczarna.wolomin.org\/wp-content\/uploads\/2022\/09\/logo.helios_200x200.jpg",200,200,false],"colormag-elementor-block-extra-large-thumbnail":["http:\/\/spczarna.wolomin.org\/wp-content\/uploads\/2022\/09\/logo.helios_200x200.jpg",200,200,false],"colormag-elementor-grid-large-thumbnail":["http:\/\/spczarna.wolomin.org\/wp-content\/uploads\/2022\/09\/logo.helios_200x200.jpg",200,200,false],"colormag-elementor-grid-small-thumbnail":["http:\/\/spczarna.wolomin.org\/wp-content\/uploads\/2022\/09\/logo.helios_200x200.jpg",200,200,false],"colormag-elementor-grid-medium-large-thumbnail":["http:\/\/spczarna.wolomin.org\/wp-content\/uploads\/2022\/09\/logo.helios_200x200.jpg",198,198,false]},"post_excerpt_stackable":"<p>W roku szkolnym 2022\/2023 przyst\u0105pili\u015bmy do programu lojalno\u015bciowego Kina Helios &#8220;1 bilet = 1z\u0142 dla szko\u0142y&#8221;. Za ka\u017cd\u0105 zorganizowan\u0105 wizyt\u0119 szkolnej grupy w kinie Helios szko\u0142a otrzymuje premi\u0119 (jedna z\u0142ot\u00f3wka za zakup ka\u017cdego biletu grupowego). Za warto\u015b\u0107 zebranych w programie pieni\u0119dzy szko\u0142a mo\u017ce wybra\u0107 dowoln\u0105 nagrod\u0119 na koniec roku szkolnego. \u00a0 Koordynator akcji: Karolina Szemraj<\/p>\n","category_list":"<a href=\"http:\/\/spczarna.wolomin.org\/?cat=3\" rel=\"category\">Aktualno\u015bci<\/a>","author_info":{"name":"Rafa\u0142 Jurewicz","url":"http:\/\/spczarna.wolomin.org\/?author=6"},"comments_num":"0 comments","_links":{"self":[{"href":"http:\/\/spczarna.wolomin.org\/index.php?rest_route=\/wp\/v2\/posts\/1423"}],"collection":[{"href":"http:\/\/spczarna.wolomin.org\/index.php?rest_route=\/wp\/v2\/posts"}],"about":[{"href":"http:\/\/spczarna.wolomin.org\/index.php?rest_route=\/wp\/v2\/types\/post"}],"author":[{"embeddable":true,"href":"http:\/\/spczarna.wolomin.org\/index.php?rest_route=\/wp\/v2\/users\/6"}],"replies":[{"embeddable":true,"href":"http:\/\/spczarna.wolomin.org\/index.php?rest_route=%2Fwp%2Fv2%2Fcomments&post=1423"}],"version-history":[{"count":1,"href":"http:\/\/spczarna.wolomin.org\/index.php?rest_route=\/wp\/v2\/posts\/1423\/revisions"}],"predecessor-version":[{"id":1425,"href":"http:\/\/spczarna.wolomin.org\/index.php?rest_route=\/wp\/v2\/posts\/1423\/revisions\/1425"}],"wp:featuredmedia":[{"embeddable":true,"href":"http:\/\/spczarna.wolomin.org\/index.php?rest_route=\/wp\/v2\/media\/1424"}],"wp:attachment":[{"href":"http:\/\/spczarna.wolomin.org\/index.php?rest_route=%2Fwp%2Fv2%2Fmedia&parent=1423"}],"wp:term":[{"taxonomy":"category","embeddable":true,"href":"http:\/\/spczarna.wolomin.org\/index.php?rest_route=%2Fwp%2Fv2%2Fcategories&post=1423"},{"taxonomy":"post_tag","embeddable":true,"href":"http:\/\/spczarna.wolomin.org\/index.php?rest_route=%2Fwp%2Fv2%2Ftags&post=1423"}],"curies":[{"name":"wp","href":"https:\/\/api.w.org\/{rel}","templated":true}]}}