{"id":1426,"date":"2022-09-08T15:52:33","date_gmt":"2022-09-08T15:52:33","guid":{"rendered":"http:\/\/spczarna.wolomin.org\/?p=1426"},"modified":"2022-09-08T15:54:52","modified_gmt":"2022-09-08T15:54:52","slug":"wybory-do-mlodziezowej-rady-soleckiej","status":"publish","type":"post","link":"http:\/\/spczarna.wolomin.org\/?p=1426","title":{"rendered":"Wybory do &#8220;M\u0141ODZIE\u017bOWEJ RADY SO\u0141ECKIEJ&#8221;"},"content":{"rendered":"\n<figure class=\"wp-block-gallery columns-1 is-cropped wp-block-gallery-1 is-layout-flex wp-block-gallery-is-layout-flex\" data-block-type=\"core\"><ul class=\"blocks-gallery-grid\"><li class=\"blocks-gallery-item\"><figure><img fetchpriority=\"high\" decoding=\"async\" width=\"315\" height=\"445\" src=\"http:\/\/spczarna.wolomin.org\/wp-content\/uploads\/2022\/09\/wybory.jpg\" alt=\"\" data-id=\"1428\" data-full-url=\"http:\/\/spczarna.wolomin.org\/wp-content\/uploads\/2022\/09\/wybory.jpg\" data-link=\"http:\/\/spczarna.wolomin.org\/?attachment_id=1428\" class=\"wp-image-1428\" srcset=\"http:\/\/spczarna.wolomin.org\/wp-content\/uploads\/2022\/09\/wybory.jpg 315w, http:\/\/spczarna.wolomin.org\/wp-content\/uploads\/2022\/09\/wybory-212x300.jpg 212w\" sizes=\"(max-width: 315px) 100vw, 315px\" \/><\/figure><\/li><\/ul><\/figure>\n","protected":false},"excerpt":{"rendered":"","protected":false},"author":6,"featured_media":1431,"comment_status":"closed","ping_status":"closed","sticky":false,"template":"","format":"standard","meta":{"footnotes":""},"categories":[3,1],"tags":[],"featured_image_urls":{"full":["http:\/\/spczarna.wolomin.org\/wp-content\/uploads\/2022\/09\/wybory-tekst.jpg",420,222,false],"thumbnail":["http:\/\/spczarna.wolomin.org\/wp-content\/uploads\/2022\/09\/wybory-tekst-150x150.jpg",150,150,true],"medium":["http:\/\/spczarna.wolomin.org\/wp-content\/uploads\/2022\/09\/wybory-tekst-300x159.jpg",300,159,true],"medium_large":["http:\/\/spczarna.wolomin.org\/wp-content\/uploads\/2022\/09\/wybory-tekst.jpg",420,222,false],"large":["http:\/\/spczarna.wolomin.org\/wp-content\/uploads\/2022\/09\/wybory-tekst.jpg",420,222,false],"1536x1536":["http:\/\/spczarna.wolomin.org\/wp-content\/uploads\/2022\/09\/wybory-tekst.jpg",420,222,false],"2048x2048":["http:\/\/spczarna.wolomin.org\/wp-content\/uploads\/2022\/09\/wybory-tekst.jpg",420,222,false],"colormag-highlighted-post":["http:\/\/spczarna.wolomin.org\/wp-content\/uploads\/2022\/09\/wybory-tekst-392x222.jpg",392,222,true],"colormag-featured-post-medium":["http:\/\/spczarna.wolomin.org\/wp-content\/uploads\/2022\/09\/wybory-tekst-390x205.jpg",390,205,true],"colormag-featured-post-small":["http:\/\/spczarna.wolomin.org\/wp-content\/uploads\/2022\/09\/wybory-tekst-130x90.jpg",130,90,true],"colormag-featured-image":["http:\/\/spczarna.wolomin.org\/wp-content\/uploads\/2022\/09\/wybory-tekst.jpg",420,222,false],"colormag-default-news":["http:\/\/spczarna.wolomin.org\/wp-content\/uploads\/2022\/09\/wybory-tekst.jpg",150,79,false],"colormag-featured-image-large":["http:\/\/spczarna.wolomin.org\/wp-content\/uploads\/2022\/09\/wybory-tekst.jpg",420,222,false],"colormag-elementor-block-extra-large-thumbnail":["http:\/\/spczarna.wolomin.org\/wp-content\/uploads\/2022\/09\/wybory-tekst.jpg",420,222,false],"colormag-elementor-grid-large-thumbnail":["http:\/\/spczarna.wolomin.org\/wp-content\/uploads\/2022\/09\/wybory-tekst.jpg",420,222,false],"colormag-elementor-grid-small-thumbnail":["http:\/\/spczarna.wolomin.org\/wp-content\/uploads\/2022\/09\/wybory-tekst.jpg",285,151,false],"colormag-elementor-grid-medium-large-thumbnail":["http:\/\/spczarna.wolomin.org\/wp-content\/uploads\/2022\/09\/wybory-tekst.jpg",375,198,false]},"post_excerpt_stackable":"","category_list":"<a href=\"http:\/\/spczarna.wolomin.org\/?cat=3\" rel=\"category\">Aktualno\u015bci<\/a>, <a href=\"http:\/\/spczarna.wolomin.org\/?cat=1\" rel=\"category\">Uncategorized<\/a>","author_info":{"name":"Rafa\u0142 Jurewicz","url":"http:\/\/spczarna.wolomin.org\/?author=6"},"comments_num":"0 comments","_links":{"self":[{"href":"http:\/\/spczarna.wolomin.org\/index.php?rest_route=\/wp\/v2\/posts\/1426"}],"collection":[{"href":"http:\/\/spczarna.wolomin.org\/index.php?rest_route=\/wp\/v2\/posts"}],"about":[{"href":"http:\/\/spczarna.wolomin.org\/index.php?rest_route=\/wp\/v2\/types\/post"}],"author":[{"embeddable":true,"href":"http:\/\/spczarna.wolomin.org\/index.php?rest_route=\/wp\/v2\/users\/6"}],"replies":[{"embeddable":true,"href":"http:\/\/spczarna.wolomin.org\/index.php?rest_route=%2Fwp%2Fv2%2Fcomments&post=1426"}],"version-history":[{"count":1,"href":"http:\/\/spczarna.wolomin.org\/index.php?rest_route=\/wp\/v2\/posts\/1426\/revisions"}],"predecessor-version":[{"id":1429,"href":"http:\/\/spczarna.wolomin.org\/index.php?rest_route=\/wp\/v2\/posts\/1426\/revisions\/1429"}],"wp:featuredmedia":[{"embeddable":true,"href":"http:\/\/spczarna.wolomin.org\/index.php?rest_route=\/wp\/v2\/media\/1431"}],"wp:attachment":[{"href":"http:\/\/spczarna.wolomin.org\/index.php?rest_route=%2Fwp%2Fv2%2Fmedia&parent=1426"}],"wp:term":[{"taxonomy":"category","embeddable":true,"href":"http:\/\/spczarna.wolomin.org\/index.php?rest_route=%2Fwp%2Fv2%2Fcategories&post=1426"},{"taxonomy":"post_tag","embeddable":true,"href":"http:\/\/spczarna.wolomin.org\/index.php?rest_route=%2Fwp%2Fv2%2Ftags&post=1426"}],"curies":[{"name":"wp","href":"https:\/\/api.w.org\/{rel}","templated":true}]}}