{"id":1433,"date":"2022-09-14T14:22:47","date_gmt":"2022-09-14T14:22:47","guid":{"rendered":"http:\/\/spczarna.wolomin.org\/?p=1433"},"modified":"2022-09-14T14:22:51","modified_gmt":"2022-09-14T14:22:51","slug":"festiwal-literacki-znaczenia","status":"publish","type":"post","link":"http:\/\/spczarna.wolomin.org\/?p=1433","title":{"rendered":"Festiwal Literacki &#8220;Znaczenia&#8221;"},"content":{"rendered":"<a href=\"http:\/\/spczarna.wolomin.org\/wp-content\/uploads\/2022\/09\/2022-09-01-plakat-1.pdf\" class=\"pdfemb-viewer\" style=\"\" data-width=\"max\" data-height=\"max\"  data-toolbar=\"bottom\" data-toolbar-fixed=\"off\">2022-09-01-plakat-1<br\/><\/a>\n<p class=\"wp-block-pdfemb-pdf-embedder-viewer\"><\/p>\n\n\n\n<p>Szczeg\u00f3\u0142owy program Festiwalu znajduje si\u0119 na naszej stronie:\u00a0<a rel=\"noreferrer noopener\" href=\"https:\/\/l.facebook.com\/l.php?u=https%3A%2F%2Fznaczenia.pl%2Fprogram%2F%3Ffbclid%3DIwAR0dd3kYHnmS2rFlMp-jy_77Xfpjg_P0kz5xgq8ufOR6D9VBmacabGVm4PI&amp;h=AT2N02Q2pjOHgsIWplCAqdw3PL6i6vvxMDOJcoZZJaP7YKFqNCmuMCq7LhmA772AmywwBfMwlIX2pUZ1GSzbqgxeC7cw0pWyUjKYv0-V6R-YK6aIk7qm0PJgE7kRzy0wWjoC&amp;__tn__=-UK-R&amp;c[0]=AT2jeFy8uZtnLSJ2Jv-SNiUbopx68yvnYikStgeJMAIuJA5gAOe26a3fDtkHYtSN92h8o8esu81smb5CoInNu07FGnhLCCVacRW3BIM9xCuzFE3PUDIlxk9V5lgEqDDzweaodKykKC5wwaTjfUe_olLxgMHYvTLoqukzusi0scNT-ZoHC_1jM6RmtVJitcvZpq44kTKravNieB-pWZKjPPR7yDYlRKvK\" target=\"_blank\">https:\/\/znaczenia.pl\/program\/<\/a><\/p>\n","protected":false},"excerpt":{"rendered":"<p>Szczeg\u00f3\u0142owy program Festiwalu znajduje si\u0119 na naszej stronie:\u00a0https:\/\/znaczenia.pl\/program\/<\/p>\n","protected":false},"author":6,"featured_media":1437,"comment_status":"closed","ping_status":"closed","sticky":false,"template":"","format":"standard","meta":{"footnotes":""},"categories":[3],"tags":[],"featured_image_urls":{"full":["http:\/\/spczarna.wolomin.org\/wp-content\/uploads\/2022\/09\/billboard.jpg",800,378,false],"thumbnail":["http:\/\/spczarna.wolomin.org\/wp-content\/uploads\/2022\/09\/billboard-150x150.jpg",150,150,true],"medium":["http:\/\/spczarna.wolomin.org\/wp-content\/uploads\/2022\/09\/billboard-300x142.jpg",300,142,true],"medium_large":["http:\/\/spczarna.wolomin.org\/wp-content\/uploads\/2022\/09\/billboard-768x363.jpg",768,363,true],"large":["http:\/\/spczarna.wolomin.org\/wp-content\/uploads\/2022\/09\/billboard.jpg",800,378,false],"1536x1536":["http:\/\/spczarna.wolomin.org\/wp-content\/uploads\/2022\/09\/billboard.jpg",800,378,false],"2048x2048":["http:\/\/spczarna.wolomin.org\/wp-content\/uploads\/2022\/09\/billboard.jpg",800,378,false],"colormag-highlighted-post":["http:\/\/spczarna.wolomin.org\/wp-content\/uploads\/2022\/09\/billboard-392x272.jpg",392,272,true],"colormag-featured-post-medium":["http:\/\/spczarna.wolomin.org\/wp-content\/uploads\/2022\/09\/billboard-390x205.jpg",390,205,true],"colormag-featured-post-small":["http:\/\/spczarna.wolomin.org\/wp-content\/uploads\/2022\/09\/billboard-130x90.jpg",130,90,true],"colormag-featured-image":["http:\/\/spczarna.wolomin.org\/wp-content\/uploads\/2022\/09\/billboard.jpg",800,378,false],"colormag-default-news":["http:\/\/spczarna.wolomin.org\/wp-content\/uploads\/2022\/09\/billboard.jpg",150,71,false],"colormag-featured-image-large":["http:\/\/spczarna.wolomin.org\/wp-content\/uploads\/2022\/09\/billboard.jpg",800,378,false],"colormag-elementor-block-extra-large-thumbnail":["http:\/\/spczarna.wolomin.org\/wp-content\/uploads\/2022\/09\/billboard.jpg",800,378,false],"colormag-elementor-grid-large-thumbnail":["http:\/\/spczarna.wolomin.org\/wp-content\/uploads\/2022\/09\/billboard.jpg",600,284,false],"colormag-elementor-grid-small-thumbnail":["http:\/\/spczarna.wolomin.org\/wp-content\/uploads\/2022\/09\/billboard.jpg",285,135,false],"colormag-elementor-grid-medium-large-thumbnail":["http:\/\/spczarna.wolomin.org\/wp-content\/uploads\/2022\/09\/billboard.jpg",419,198,false]},"post_excerpt_stackable":"<p>2022-09-01-plakat-1 Szczeg\u00f3\u0142owy program Festiwalu znajduje si\u0119 na naszej stronie:\u00a0https:\/\/znaczenia.pl\/program\/<\/p>\n","category_list":"<a href=\"http:\/\/spczarna.wolomin.org\/?cat=3\" rel=\"category\">Aktualno\u015bci<\/a>","author_info":{"name":"Rafa\u0142 Jurewicz","url":"http:\/\/spczarna.wolomin.org\/?author=6"},"comments_num":"0 comments","_links":{"self":[{"href":"http:\/\/spczarna.wolomin.org\/index.php?rest_route=\/wp\/v2\/posts\/1433"}],"collection":[{"href":"http:\/\/spczarna.wolomin.org\/index.php?rest_route=\/wp\/v2\/posts"}],"about":[{"href":"http:\/\/spczarna.wolomin.org\/index.php?rest_route=\/wp\/v2\/types\/post"}],"author":[{"embeddable":true,"href":"http:\/\/spczarna.wolomin.org\/index.php?rest_route=\/wp\/v2\/users\/6"}],"replies":[{"embeddable":true,"href":"http:\/\/spczarna.wolomin.org\/index.php?rest_route=%2Fwp%2Fv2%2Fcomments&post=1433"}],"version-history":[{"count":1,"href":"http:\/\/spczarna.wolomin.org\/index.php?rest_route=\/wp\/v2\/posts\/1433\/revisions"}],"predecessor-version":[{"id":1438,"href":"http:\/\/spczarna.wolomin.org\/index.php?rest_route=\/wp\/v2\/posts\/1433\/revisions\/1438"}],"wp:featuredmedia":[{"embeddable":true,"href":"http:\/\/spczarna.wolomin.org\/index.php?rest_route=\/wp\/v2\/media\/1437"}],"wp:attachment":[{"href":"http:\/\/spczarna.wolomin.org\/index.php?rest_route=%2Fwp%2Fv2%2Fmedia&parent=1433"}],"wp:term":[{"taxonomy":"category","embeddable":true,"href":"http:\/\/spczarna.wolomin.org\/index.php?rest_route=%2Fwp%2Fv2%2Fcategories&post=1433"},{"taxonomy":"post_tag","embeddable":true,"href":"http:\/\/spczarna.wolomin.org\/index.php?rest_route=%2Fwp%2Fv2%2Ftags&post=1433"}],"curies":[{"name":"wp","href":"https:\/\/api.w.org\/{rel}","templated":true}]}}