{"id":1448,"date":"2022-09-23T06:42:28","date_gmt":"2022-09-23T06:42:28","guid":{"rendered":"http:\/\/spczarna.wolomin.org\/?p=1448"},"modified":"2022-09-23T06:42:31","modified_gmt":"2022-09-23T06:42:31","slug":"konkurs-moja-eko-rodzina","status":"publish","type":"post","link":"http:\/\/spczarna.wolomin.org\/?p=1448","title":{"rendered":"Konkurs \u201eMoja Eko-Rodzina\u201d"},"content":{"rendered":"\n<p>Starostwo Powiatowe w Wo\u0142ominie, zaprasza Dyrektor\u00f3w, uczni\u00f3w i nauczycieli szk\u00f3\u0142 podstawowych, funkcjonuj\u0105ce na terenie powiatu wo\u0142omi\u0144skiego, do udzia\u0142u w akcji pn. <strong>\u201eMoja Eko-Rodzina\u201d<\/strong><\/p>\n\n\n\n<p>Celem akcji jest m.in. podniesienie poziomu wiedzy w\u015br\u00f3d dzieci oraz nauczycieli na temat ochrony \u015brodowiska we w\u0142asnym domu\/ogrodzie\/najbli\u017cszym otoczeniu.<br>Konkurs jest adresowany do uczni\u00f3w szk\u00f3\u0142 podstawowych z terenu powiatu wo\u0142omi\u0144skiego, wraz z rodzinami (z jednego gospodarstwa domowego).<br>Ka\u017cdy uczestnik (ucze\u0144 szko\u0142y) wraz z rodzin\u0105 mo\u017ce wzi\u0105\u0107 udzia\u0142 w Konkursie tylko jeden raz. W przypadku uczni\u00f3w wraz z rodzinami kwalifikuj\u0105cych si\u0119 do r\u00f3\u017cnych kategorii wiekowych, jest mo\u017cliwo\u015b\u0107 wzi\u0119cia udzia\u0142u w Konkursie w obu kategoriach.<br><br>1. Konkurs jest realizowany z podzia\u0142em na dwie kategorie:<br>1.1 I kategoria: uczniowie klas I-III. Zadaniem jest przygotowanie plakatu;<br>Praca plastyczna (plakat) w I kategorii Konkursu powinna by\u0107 wykonana samodzielnie przez dziecko uczestnicz\u0105ce w Konkursie, dowoln\u0105 technik\u0105 w formacie A3. Temat pracy powinien obrazowa\u0107, w jaki spos\u00f3b dziecko wraz z rodzin\u0105 dzia\u0142aj\u0105 na rzecz ochrony \u015brodowiska w domu\/ogrodzie\/najbli\u017cszym otoczeniu<br><br>1.2 II kategoria: uczniowie klas IV-VIII. Zadaniem jest przygotowanie prezentacji ze zdj\u0119ciami oraz komentarzem dotycz\u0105cym prezentowanych praktyk.<br>Nale\u017cy udokumentowa\u0107 minimum trzy dobre praktyki maj\u0105ce na celu ochron\u0119 \u015brodowiska, zastosowane we w\u0142asnym domu i\/lub ogrodzie.<br>Prezentacja powinna by\u0107 wykonana samodzielnie przez ucznia z kategorii II, w programie PowerPoint. Powinna zawiera\u0107 do 30 slajd\u00f3w przedstawiaj\u0105cych dobre praktyki, kt\u00f3re s\u0105 realizowane przez niego i jego rodzin\u0119 bior\u0105c\u0105 udzia\u0142 w Konkursie, a kt\u00f3rych wynikiem jest ochrona \u015brodowiska we w\u0142asnym gospodarstwie domowym\/ogrodzie\/najbli\u017cszym \u015brodowisku. Praca powinna by\u0107 wykonana w formie elektronicznej i nagrana na p\u0142ycie CD\/DVD.<br><br>Prace przynosimy do szko\u0142y razem z do\u0142\u0105czonymi i podpisanymi zgodami.<\/p>\n\n\n\n<p class=\"has-text-align-right\">Przewidziane s\u0105 nagrody dla plac\u00f3wki o\u015bwiatowej, z kt\u00f3rej nap\u0142ynie najwi\u0119cej prac na ww. konkurs oraz dla uczni\u00f3w, kt\u00f3rzy wykonaj\u0105 zwyci\u0119skie prace.<br>Szczeg\u00f3\u0142y w regulaminie.<br><br>Koordynatorzy akcji:<br>Katarzyna Kostrzewa<br>Iwona Orych<\/p>\n\n\n\n<div class=\"wp-block-file\" data-block-type=\"core\"><a href=\"http:\/\/spczarna.wolomin.org\/wp-content\/uploads\/2022\/09\/Zalacznik-1-Zgloszenie-rodzica.pdf\">Zalacznik-1-Zgloszenie-rodzica<\/a><a href=\"http:\/\/spczarna.wolomin.org\/wp-content\/uploads\/2022\/09\/Zalacznik-1-Zgloszenie-rodzica.pdf\" class=\"wp-block-file__button\" download>Pobierz<\/a><\/div>\n\n\n\n<div class=\"wp-block-file\" data-block-type=\"core\"><a href=\"http:\/\/spczarna.wolomin.org\/wp-content\/uploads\/2022\/09\/Regulamin-konkursu.pdf\">Regulamin-konkursu<\/a><a href=\"http:\/\/spczarna.wolomin.org\/wp-content\/uploads\/2022\/09\/Regulamin-konkursu.pdf\" class=\"wp-block-file__button\" download>Pobierz<\/a><\/div>\n","protected":false},"excerpt":{"rendered":"<p>Starostwo Powiatowe w Wo\u0142ominie, zaprasza Dyrektor\u00f3w, uczni\u00f3w i nauczycieli szk\u00f3\u0142 podstawowych, funkcjonuj\u0105ce na terenie powiatu wo\u0142omi\u0144skiego, do udzia\u0142u w akcji<\/p>\n","protected":false},"author":6,"featured_media":1451,"comment_status":"closed","ping_status":"closed","sticky":false,"template":"","format":"standard","meta":{"footnotes":""},"categories":[3],"tags":[],"featured_image_urls":{"full":["http:\/\/spczarna.wolomin.org\/wp-content\/uploads\/2022\/09\/Plakat-Moja-Eko-Rodzina.jpg",315,445,false],"thumbnail":["http:\/\/spczarna.wolomin.org\/wp-content\/uploads\/2022\/09\/Plakat-Moja-Eko-Rodzina-150x150.jpg",150,150,true],"medium":["http:\/\/spczarna.wolomin.org\/wp-content\/uploads\/2022\/09\/Plakat-Moja-Eko-Rodzina-212x300.jpg",212,300,true],"medium_large":["http:\/\/spczarna.wolomin.org\/wp-content\/uploads\/2022\/09\/Plakat-Moja-Eko-Rodzina.jpg",315,445,false],"large":["http:\/\/spczarna.wolomin.org\/wp-content\/uploads\/2022\/09\/Plakat-Moja-Eko-Rodzina.jpg",315,445,false],"1536x1536":["http:\/\/spczarna.wolomin.org\/wp-content\/uploads\/2022\/09\/Plakat-Moja-Eko-Rodzina.jpg",315,445,false],"2048x2048":["http:\/\/spczarna.wolomin.org\/wp-content\/uploads\/2022\/09\/Plakat-Moja-Eko-Rodzina.jpg",315,445,false],"colormag-highlighted-post":["http:\/\/spczarna.wolomin.org\/wp-content\/uploads\/2022\/09\/Plakat-Moja-Eko-Rodzina-315x272.jpg",315,272,true],"colormag-featured-post-medium":["http:\/\/spczarna.wolomin.org\/wp-content\/uploads\/2022\/09\/Plakat-Moja-Eko-Rodzina-315x205.jpg",315,205,true],"colormag-featured-post-small":["http:\/\/spczarna.wolomin.org\/wp-content\/uploads\/2022\/09\/Plakat-Moja-Eko-Rodzina-130x90.jpg",130,90,true],"colormag-featured-image":["http:\/\/spczarna.wolomin.org\/wp-content\/uploads\/2022\/09\/Plakat-Moja-Eko-Rodzina.jpg",315,445,false],"colormag-default-news":["http:\/\/spczarna.wolomin.org\/wp-content\/uploads\/2022\/09\/Plakat-Moja-Eko-Rodzina.jpg",106,150,false],"colormag-featured-image-large":["http:\/\/spczarna.wolomin.org\/wp-content\/uploads\/2022\/09\/Plakat-Moja-Eko-Rodzina.jpg",315,445,false],"colormag-elementor-block-extra-large-thumbnail":["http:\/\/spczarna.wolomin.org\/wp-content\/uploads\/2022\/09\/Plakat-Moja-Eko-Rodzina.jpg",315,445,false],"colormag-elementor-grid-large-thumbnail":["http:\/\/spczarna.wolomin.org\/wp-content\/uploads\/2022\/09\/Plakat-Moja-Eko-Rodzina.jpg",295,417,false],"colormag-elementor-grid-small-thumbnail":["http:\/\/spczarna.wolomin.org\/wp-content\/uploads\/2022\/09\/Plakat-Moja-Eko-Rodzina.jpg",285,403,false],"colormag-elementor-grid-medium-large-thumbnail":["http:\/\/spczarna.wolomin.org\/wp-content\/uploads\/2022\/09\/Plakat-Moja-Eko-Rodzina.jpg",140,198,false]},"post_excerpt_stackable":"<p>Starostwo Powiatowe w Wo\u0142ominie, zaprasza Dyrektor\u00f3w, uczni\u00f3w i nauczycieli szk\u00f3\u0142 podstawowych, funkcjonuj\u0105ce na terenie powiatu wo\u0142omi\u0144skiego, do udzia\u0142u w akcji pn. \u201eMoja Eko-Rodzina\u201d Celem akcji jest m.in. podniesienie poziomu wiedzy w\u015br\u00f3d dzieci oraz nauczycieli na temat ochrony \u015brodowiska we w\u0142asnym domu\/ogrodzie\/najbli\u017cszym otoczeniu.Konkurs jest adresowany do uczni\u00f3w szk\u00f3\u0142 podstawowych z terenu powiatu wo\u0142omi\u0144skiego, wraz z rodzinami (z jednego gospodarstwa domowego).Ka\u017cdy uczestnik (ucze\u0144 szko\u0142y) wraz z rodzin\u0105 mo\u017ce wzi\u0105\u0107 udzia\u0142 w Konkursie tylko jeden raz. W przypadku uczni\u00f3w wraz z rodzinami kwalifikuj\u0105cych si\u0119 do r\u00f3\u017cnych kategorii wiekowych, jest mo\u017cliwo\u015b\u0107 wzi\u0119cia udzia\u0142u w Konkursie w obu kategoriach.1. Konkurs jest realizowany z podzia\u0142em na&hellip;<\/p>\n","category_list":"<a href=\"http:\/\/spczarna.wolomin.org\/?cat=3\" rel=\"category\">Aktualno\u015bci<\/a>","author_info":{"name":"Rafa\u0142 Jurewicz","url":"http:\/\/spczarna.wolomin.org\/?author=6"},"comments_num":"0 comments","_links":{"self":[{"href":"http:\/\/spczarna.wolomin.org\/index.php?rest_route=\/wp\/v2\/posts\/1448"}],"collection":[{"href":"http:\/\/spczarna.wolomin.org\/index.php?rest_route=\/wp\/v2\/posts"}],"about":[{"href":"http:\/\/spczarna.wolomin.org\/index.php?rest_route=\/wp\/v2\/types\/post"}],"author":[{"embeddable":true,"href":"http:\/\/spczarna.wolomin.org\/index.php?rest_route=\/wp\/v2\/users\/6"}],"replies":[{"embeddable":true,"href":"http:\/\/spczarna.wolomin.org\/index.php?rest_route=%2Fwp%2Fv2%2Fcomments&post=1448"}],"version-history":[{"count":1,"href":"http:\/\/spczarna.wolomin.org\/index.php?rest_route=\/wp\/v2\/posts\/1448\/revisions"}],"predecessor-version":[{"id":1453,"href":"http:\/\/spczarna.wolomin.org\/index.php?rest_route=\/wp\/v2\/posts\/1448\/revisions\/1453"}],"wp:featuredmedia":[{"embeddable":true,"href":"http:\/\/spczarna.wolomin.org\/index.php?rest_route=\/wp\/v2\/media\/1451"}],"wp:attachment":[{"href":"http:\/\/spczarna.wolomin.org\/index.php?rest_route=%2Fwp%2Fv2%2Fmedia&parent=1448"}],"wp:term":[{"taxonomy":"category","embeddable":true,"href":"http:\/\/spczarna.wolomin.org\/index.php?rest_route=%2Fwp%2Fv2%2Fcategories&post=1448"},{"taxonomy":"post_tag","embeddable":true,"href":"http:\/\/spczarna.wolomin.org\/index.php?rest_route=%2Fwp%2Fv2%2Ftags&post=1448"}],"curies":[{"name":"wp","href":"https:\/\/api.w.org\/{rel}","templated":true}]}}