{"id":1458,"date":"2022-09-28T19:21:53","date_gmt":"2022-09-28T19:21:53","guid":{"rendered":"http:\/\/spczarna.wolomin.org\/?p=1458"},"modified":"2022-09-28T19:21:56","modified_gmt":"2022-09-28T19:21:56","slug":"bezpieczna-szkola-krokodylka-tirka","status":"publish","type":"post","link":"http:\/\/spczarna.wolomin.org\/?p=1458","title":{"rendered":"\u201eBezpieczna szko\u0142a krokodylka Tirka\u201d."},"content":{"rendered":"\n<p>15 wrze\u015bnia 2022r. najm\u0142odsi uczniowie uczestniczyli w zdalnej, interaktywnej lekcji przygotowanej<br>przez Inspektorat Transportu Drogowego w ramach og\u00f3lnopolskiej akcji \u201eBezpieczna szko\u0142a krokodyla<br>Tirka\u201d.<br>Prowadz\u0105cy zaj\u0119cia wsp\u00f3lnie z dzie\u0107mi om\u00f3wi\u0142 przepisy i zasady bezpiecze\u0144stwa ruchu drogowego<br>istotne z punktu widzenia bezpiecze\u0144stwa najm\u0142odszych. Tematyka spotkania obejmowa\u0142a m.in.:<br>zasady poruszania si\u0119 po drogach i stosowania si\u0119 do sygnalizacji \u015bwietlnej,<br>bezpiecze\u0144stwa w podr\u00f3\u017cy (w tym stosowania pas\u00f3w bezpiecze\u0144stwa),<br>konieczno\u015bci noszenia element\u00f3w odblaskowych,<br>identyfikacj\u0119 s\u0142u\u017cb ratunkowych oraz umiej\u0119tno\u015b\u0107 ich prawid\u0142owego powiadamiania.<\/p>\n\n\n\n<figure class=\"wp-block-gallery columns-2 is-cropped wp-block-gallery-1 is-layout-flex wp-block-gallery-is-layout-flex\" data-block-type=\"core\"><ul class=\"blocks-gallery-grid\"><li class=\"blocks-gallery-item\"><figure><img fetchpriority=\"high\" decoding=\"async\" width=\"593\" height=\"445\" src=\"http:\/\/spczarna.wolomin.org\/wp-content\/uploads\/2022\/09\/307810823_811567120189675_1738810875743926898_n.jpg\" alt=\"\" data-id=\"1459\" data-full-url=\"http:\/\/spczarna.wolomin.org\/wp-content\/uploads\/2022\/09\/307810823_811567120189675_1738810875743926898_n.jpg\" data-link=\"http:\/\/spczarna.wolomin.org\/?attachment_id=1459\" class=\"wp-image-1459\" srcset=\"http:\/\/spczarna.wolomin.org\/wp-content\/uploads\/2022\/09\/307810823_811567120189675_1738810875743926898_n.jpg 593w, http:\/\/spczarna.wolomin.org\/wp-content\/uploads\/2022\/09\/307810823_811567120189675_1738810875743926898_n-300x225.jpg 300w\" sizes=\"(max-width: 593px) 100vw, 593px\" \/><\/figure><\/li><li class=\"blocks-gallery-item\"><figure><img decoding=\"async\" width=\"593\" height=\"445\" src=\"http:\/\/spczarna.wolomin.org\/wp-content\/uploads\/2022\/09\/307630513_514235290705393_4929763703359623422_n.jpg\" alt=\"\" data-id=\"1460\" data-full-url=\"http:\/\/spczarna.wolomin.org\/wp-content\/uploads\/2022\/09\/307630513_514235290705393_4929763703359623422_n.jpg\" data-link=\"http:\/\/spczarna.wolomin.org\/?attachment_id=1460\" class=\"wp-image-1460\" srcset=\"http:\/\/spczarna.wolomin.org\/wp-content\/uploads\/2022\/09\/307630513_514235290705393_4929763703359623422_n.jpg 593w, http:\/\/spczarna.wolomin.org\/wp-content\/uploads\/2022\/09\/307630513_514235290705393_4929763703359623422_n-300x225.jpg 300w\" sizes=\"(max-width: 593px) 100vw, 593px\" \/><\/figure><\/li><\/ul><\/figure>\n","protected":false},"excerpt":{"rendered":"<p>15 wrze\u015bnia 2022r. najm\u0142odsi uczniowie uczestniczyli w zdalnej, interaktywnej lekcji przygotowanejprzez Inspektorat Transportu Drogowego w ramach og\u00f3lnopolskiej akcji \u201eBezpieczna szko\u0142a<\/p>\n","protected":false},"author":6,"featured_media":1462,"comment_status":"closed","ping_status":"closed","sticky":false,"template":"","format":"standard","meta":{"footnotes":""},"categories":[3],"tags":[],"featured_image_urls":{"full":["http:\/\/spczarna.wolomin.org\/wp-content\/uploads\/2022\/09\/krokodylek.jpg",225,225,false],"thumbnail":["http:\/\/spczarna.wolomin.org\/wp-content\/uploads\/2022\/09\/krokodylek-150x150.jpg",150,150,true],"medium":["http:\/\/spczarna.wolomin.org\/wp-content\/uploads\/2022\/09\/krokodylek.jpg",225,225,false],"medium_large":["http:\/\/spczarna.wolomin.org\/wp-content\/uploads\/2022\/09\/krokodylek.jpg",225,225,false],"large":["http:\/\/spczarna.wolomin.org\/wp-content\/uploads\/2022\/09\/krokodylek.jpg",225,225,false],"1536x1536":["http:\/\/spczarna.wolomin.org\/wp-content\/uploads\/2022\/09\/krokodylek.jpg",225,225,false],"2048x2048":["http:\/\/spczarna.wolomin.org\/wp-content\/uploads\/2022\/09\/krokodylek.jpg",225,225,false],"colormag-highlighted-post":["http:\/\/spczarna.wolomin.org\/wp-content\/uploads\/2022\/09\/krokodylek.jpg",225,225,false],"colormag-featured-post-medium":["http:\/\/spczarna.wolomin.org\/wp-content\/uploads\/2022\/09\/krokodylek-225x205.jpg",225,205,true],"colormag-featured-post-small":["http:\/\/spczarna.wolomin.org\/wp-content\/uploads\/2022\/09\/krokodylek-130x90.jpg",130,90,true],"colormag-featured-image":["http:\/\/spczarna.wolomin.org\/wp-content\/uploads\/2022\/09\/krokodylek.jpg",225,225,false],"colormag-default-news":["http:\/\/spczarna.wolomin.org\/wp-content\/uploads\/2022\/09\/krokodylek.jpg",150,150,false],"colormag-featured-image-large":["http:\/\/spczarna.wolomin.org\/wp-content\/uploads\/2022\/09\/krokodylek.jpg",225,225,false],"colormag-elementor-block-extra-large-thumbnail":["http:\/\/spczarna.wolomin.org\/wp-content\/uploads\/2022\/09\/krokodylek.jpg",225,225,false],"colormag-elementor-grid-large-thumbnail":["http:\/\/spczarna.wolomin.org\/wp-content\/uploads\/2022\/09\/krokodylek.jpg",225,225,false],"colormag-elementor-grid-small-thumbnail":["http:\/\/spczarna.wolomin.org\/wp-content\/uploads\/2022\/09\/krokodylek.jpg",225,225,false],"colormag-elementor-grid-medium-large-thumbnail":["http:\/\/spczarna.wolomin.org\/wp-content\/uploads\/2022\/09\/krokodylek.jpg",198,198,false]},"post_excerpt_stackable":"<p>15 wrze\u015bnia 2022r. najm\u0142odsi uczniowie uczestniczyli w zdalnej, interaktywnej lekcji przygotowanejprzez Inspektorat Transportu Drogowego w ramach og\u00f3lnopolskiej akcji \u201eBezpieczna szko\u0142a krokodylaTirka\u201d.Prowadz\u0105cy zaj\u0119cia wsp\u00f3lnie z dzie\u0107mi om\u00f3wi\u0142 przepisy i zasady bezpiecze\u0144stwa ruchu drogowegoistotne z punktu widzenia bezpiecze\u0144stwa najm\u0142odszych. Tematyka spotkania obejmowa\u0142a m.in.:zasady poruszania si\u0119 po drogach i stosowania si\u0119 do sygnalizacji \u015bwietlnej,bezpiecze\u0144stwa w podr\u00f3\u017cy (w tym stosowania pas\u00f3w bezpiecze\u0144stwa),konieczno\u015bci noszenia element\u00f3w odblaskowych,identyfikacj\u0119 s\u0142u\u017cb ratunkowych oraz umiej\u0119tno\u015b\u0107 ich prawid\u0142owego powiadamiania.<\/p>\n","category_list":"<a href=\"http:\/\/spczarna.wolomin.org\/?cat=3\" rel=\"category\">Aktualno\u015bci<\/a>","author_info":{"name":"Rafa\u0142 Jurewicz","url":"http:\/\/spczarna.wolomin.org\/?author=6"},"comments_num":"0 comments","_links":{"self":[{"href":"http:\/\/spczarna.wolomin.org\/index.php?rest_route=\/wp\/v2\/posts\/1458"}],"collection":[{"href":"http:\/\/spczarna.wolomin.org\/index.php?rest_route=\/wp\/v2\/posts"}],"about":[{"href":"http:\/\/spczarna.wolomin.org\/index.php?rest_route=\/wp\/v2\/types\/post"}],"author":[{"embeddable":true,"href":"http:\/\/spczarna.wolomin.org\/index.php?rest_route=\/wp\/v2\/users\/6"}],"replies":[{"embeddable":true,"href":"http:\/\/spczarna.wolomin.org\/index.php?rest_route=%2Fwp%2Fv2%2Fcomments&post=1458"}],"version-history":[{"count":1,"href":"http:\/\/spczarna.wolomin.org\/index.php?rest_route=\/wp\/v2\/posts\/1458\/revisions"}],"predecessor-version":[{"id":1463,"href":"http:\/\/spczarna.wolomin.org\/index.php?rest_route=\/wp\/v2\/posts\/1458\/revisions\/1463"}],"wp:featuredmedia":[{"embeddable":true,"href":"http:\/\/spczarna.wolomin.org\/index.php?rest_route=\/wp\/v2\/media\/1462"}],"wp:attachment":[{"href":"http:\/\/spczarna.wolomin.org\/index.php?rest_route=%2Fwp%2Fv2%2Fmedia&parent=1458"}],"wp:term":[{"taxonomy":"category","embeddable":true,"href":"http:\/\/spczarna.wolomin.org\/index.php?rest_route=%2Fwp%2Fv2%2Fcategories&post=1458"},{"taxonomy":"post_tag","embeddable":true,"href":"http:\/\/spczarna.wolomin.org\/index.php?rest_route=%2Fwp%2Fv2%2Ftags&post=1458"}],"curies":[{"name":"wp","href":"https:\/\/api.w.org\/{rel}","templated":true}]}}