{"id":2803,"date":"2023-10-11T12:12:21","date_gmt":"2023-10-11T12:12:21","guid":{"rendered":"http:\/\/spczarna.wolomin.org\/?p=2803"},"modified":"2023-10-11T12:12:22","modified_gmt":"2023-10-11T12:12:22","slug":"europejski-dzien-jezykow-obcych-2","status":"publish","type":"post","link":"http:\/\/spczarna.wolomin.org\/?p=2803","title":{"rendered":"EUROPEJSKI DZIE\u0143 J\u0118ZYK\u00d3W OBCYCH"},"content":{"rendered":"\n<div class=\"wp-block-stackable-hero alignfull stk-block-hero stk-block stk-9a00b06 is-style-default\" data-v=\"2\" data-block-id=\"9a00b06\"><style>.stk-9a00b06{margin-bottom:80px !important}.stk-9a00b06-container{background-image:url(https:\/\/d3gt1urn7320t9.cloudfront.net\/library-v3\/section-prism-image-gallery\/9665ae6c7781.png) !important}.stk-9a00b06 .stk-block-hero__content{min-height:500px !important;align-items:center !important;max-width:100% !important;padding-top:240px !important;padding-bottom:240px !important;margin-right:auto !important;margin-left:auto !important;display:flex !important}@media screen and (max-width:1023px){.stk-9a00b06 .stk-block-hero__content{padding-top:56px !important;padding-bottom:56px !important}}@media screen and (max-width:767px){.stk-9a00b06{margin-bottom:32px !important}}<\/style><div class=\"stk-block-hero__content stk-content-align stk-9a00b06-column alignfull stk-container stk-9a00b06-container stk-hover-parent stk--has-background-overlay\"><div class=\"stk-block-content stk-inner-blocks has-text-align-center stk-9a00b06-inner-blocks\">\n<div class=\"wp-block-stackable-heading stk-block-heading stk-block-heading--v2 stk-block stk-bdb0e99\" id=\"span-style-color-var-stk-global-color-60579-1-c-1-c-1-c-class-stk-highlight-product-showcase-span\" data-block-id=\"bdb0e99\"><style>.stk-bdb0e99 .stk-block-heading__text{font-size:55px !important;background-image:linear-gradient(#4bbb49,#4bbb49) !important}@media screen and (max-width:1023px){.stk-bdb0e99 .stk-block-heading__text{font-size:50px !important}}@media screen and (max-width:767px){.stk-bdb0e99 .stk-block-heading__text{font-size:24px !important}}<\/style><h2 class=\"stk-block-heading__text stk--is-gradient has-text-color\">EUROPEJSKI DZIE\u0143 J\u0118ZYK\u00d3W OBCYCH<\/h2><\/div>\n\n\n\n<p class=\"has-text-align-left\">26 wrze\u015bnia , w naszej szkole obchodzili\u015bmy Europejski Dzie\u0144 J\u0119zyk\u00f3w Obcych.<\/p>\n\n\n\n<p>Z tej okazji zosta\u0142 zorganizowany konkurs na najlepsze przebranie oraz dla klas I-IV konkurs na plakat pt. &#8220;J\u0119zyki \u015bwiata&#8221;.<\/p>\n\n\n\n<p>Klasy V-VIII bra\u0142y udzia\u0142 w klasowym quizie na temat wiedzy o pa\u0144stwach Europy, za po\u015brednictwem platformy KAHOOT. W akcj\u0119 w\u0142\u0105czy\u0142o si\u0119 szkolne ko\u0142o Caritas, organizuj\u0105c kiermasz potraw z kraj\u00f3w europejskich. Zebrane \u015brodki zostan\u0105 przekazane na cele charytatywne. Wszyscy dobrze si\u0119 bawili, poznaj\u0105c kultur\u0119 oraz symbole wybranych europejczyk\u00f3w. <\/p>\n\n\n\n<p>Dzi\u0119kujemy za wsparcie rodzicom oraz wszystkim zaanga\u017cowanym w akcj\u0119 osobom.<\/p>\n\n\n\n<div class=\"wp-block-stackable-columns stk-block-columns stk-block stk-3b3a90c\" data-block-id=\"3b3a90c\"><style>.stk-3b3a90c{margin-bottom:32px !important}<\/style><div class=\"stk-row stk-inner-blocks stk-block-content stk-content-align stk-3b3a90c-column\">\n<div class=\"wp-block-stackable-column stk-block-column stk-column stk-block stk-c9909e5\" data-v=\"4\" data-block-id=\"c9909e5\"><div class=\"stk-column-wrapper stk-block-column__content stk-container stk-c9909e5-container stk--no-background stk--no-padding\"><div class=\"stk-block-content stk-inner-blocks stk-c9909e5-inner-blocks\">\n<div class=\"wp-block-stackable-columns stk-block-columns stk-block stk-b095cc0\" data-block-id=\"b095cc0\"><div class=\"stk-row stk-inner-blocks stk-block-content stk-content-align stk-b095cc0-column\">\n<div class=\"wp-block-stackable-column stk-block-column stk-column stk-block stk-4a59de2\" data-v=\"4\" data-block-id=\"4a59de2\"><div class=\"stk-column-wrapper stk-block-column__content stk-container stk-4a59de2-container stk--no-background stk--no-padding\"><div class=\"stk-block-content stk-inner-blocks stk-4a59de2-inner-blocks\">\n<div class=\"wp-block-stackable-image stk-block-image stk-block stk-a33f8c5\" data-block-id=\"a33f8c5\"><figure class=\"stk-img-wrapper stk-image--shape-stretch\"><img fetchpriority=\"high\" decoding=\"async\" class=\"stk-img wp-image-2804\" src=\"http:\/\/spczarna.wolomin.org\/wp-content\/uploads\/2023\/10\/IMG20230926083536-1.jpg\" width=\"334\" height=\"445\" srcset=\"http:\/\/spczarna.wolomin.org\/wp-content\/uploads\/2023\/10\/IMG20230926083536-1.jpg 334w, http:\/\/spczarna.wolomin.org\/wp-content\/uploads\/2023\/10\/IMG20230926083536-1-225x300.jpg 225w\" sizes=\"(max-width: 334px) 100vw, 334px\" \/><\/figure><\/div>\n<\/div><\/div><\/div>\n\n\n\n<div class=\"wp-block-stackable-column stk-block-column stk-column stk-block stk-cf9f9d0\" data-v=\"4\" data-block-id=\"cf9f9d0\"><div class=\"stk-column-wrapper stk-block-column__content stk-container stk-cf9f9d0-container stk--no-background stk--no-padding\"><div class=\"stk-block-content stk-inner-blocks stk-cf9f9d0-inner-blocks\">\n<div class=\"wp-block-stackable-image stk-block-image stk-block stk-598966e\" data-block-id=\"598966e\"><figure class=\"stk-img-wrapper stk-image--shape-stretch\"><img decoding=\"async\" class=\"stk-img wp-image-2809\" src=\"http:\/\/spczarna.wolomin.org\/wp-content\/uploads\/2023\/10\/IMG20230926113629.jpg\" width=\"334\" height=\"445\" srcset=\"http:\/\/spczarna.wolomin.org\/wp-content\/uploads\/2023\/10\/IMG20230926113629.jpg 334w, http:\/\/spczarna.wolomin.org\/wp-content\/uploads\/2023\/10\/IMG20230926113629-225x300.jpg 225w\" sizes=\"(max-width: 334px) 100vw, 334px\" \/><\/figure><\/div>\n<\/div><\/div><\/div>\n\n\n\n<div class=\"wp-block-stackable-column stk-block-column stk-column stk-block stk-48ab4ce\" data-v=\"4\" data-block-id=\"48ab4ce\"><div class=\"stk-column-wrapper stk-block-column__content stk-container stk-48ab4ce-container stk--no-background stk--no-padding\"><div class=\"stk-block-content stk-inner-blocks stk-48ab4ce-inner-blocks\">\n<div class=\"wp-block-stackable-image stk-block-image stk-block stk-6bfee91\" data-block-id=\"6bfee91\"><figure class=\"stk-img-wrapper stk-image--shape-stretch\"><img decoding=\"async\" class=\"stk-img wp-image-2806\" src=\"http:\/\/spczarna.wolomin.org\/wp-content\/uploads\/2023\/10\/IMG20230926103927.jpg\" width=\"334\" height=\"445\" srcset=\"http:\/\/spczarna.wolomin.org\/wp-content\/uploads\/2023\/10\/IMG20230926103927.jpg 334w, http:\/\/spczarna.wolomin.org\/wp-content\/uploads\/2023\/10\/IMG20230926103927-225x300.jpg 225w\" sizes=\"(max-width: 334px) 100vw, 334px\" \/><\/figure><\/div>\n<\/div><\/div><\/div>\n<\/div><\/div>\n<\/div><\/div><\/div>\n<\/div><\/div>\n\n\n\n<div class=\"wp-block-stackable-columns stk-block-columns stk-block stk-5c98898\" data-block-id=\"5c98898\"><style>.stk-5c98898{margin-bottom:32px !important}<\/style><div class=\"stk-row stk-inner-blocks stk-block-content stk-content-align stk-5c98898-column\">\n<div class=\"wp-block-stackable-column stk-block-column stk-column stk-block stk-6d95e36\" data-v=\"4\" data-block-id=\"6d95e36\"><div class=\"stk-column-wrapper stk-block-column__content stk-container stk-6d95e36-container stk--no-background stk--no-padding\"><div class=\"stk-block-content stk-inner-blocks stk-6d95e36-inner-blocks\">\n<div class=\"wp-block-stackable-columns stk-block-columns stk-block stk-6c725e0\" data-block-id=\"6c725e0\"><div class=\"stk-row stk-inner-blocks stk-block-content stk-content-align stk-6c725e0-column\">\n<div class=\"wp-block-stackable-column stk-block-column stk-column stk-block stk-e9694ec\" data-v=\"4\" data-block-id=\"e9694ec\"><div class=\"stk-column-wrapper stk-block-column__content stk-container stk-e9694ec-container stk--no-background stk--no-padding\"><div class=\"stk-block-content stk-inner-blocks stk-e9694ec-inner-blocks\">\n<div class=\"wp-block-stackable-image stk-block-image stk-block stk-b42d00c\" data-block-id=\"b42d00c\"><figure class=\"stk-img-wrapper stk-image--shape-stretch\"><img loading=\"lazy\" decoding=\"async\" class=\"stk-img wp-image-2807\" src=\"http:\/\/spczarna.wolomin.org\/wp-content\/uploads\/2023\/10\/IMG20230926085733-1.jpg\" width=\"593\" height=\"445\" srcset=\"http:\/\/spczarna.wolomin.org\/wp-content\/uploads\/2023\/10\/IMG20230926085733-1.jpg 593w, http:\/\/spczarna.wolomin.org\/wp-content\/uploads\/2023\/10\/IMG20230926085733-1-300x225.jpg 300w\" sizes=\"(max-width: 593px) 100vw, 593px\" \/><\/figure><\/div>\n\n\n\n<div class=\"wp-block-stackable-image stk-block-image stk-block stk-6507c28\" data-block-id=\"6507c28\"><figure class=\"stk-img-wrapper stk-image--shape-stretch\"><img loading=\"lazy\" decoding=\"async\" class=\"stk-img wp-image-2810\" src=\"http:\/\/spczarna.wolomin.org\/wp-content\/uploads\/2023\/10\/IMG20230927101547.jpg\" width=\"593\" height=\"445\" srcset=\"http:\/\/spczarna.wolomin.org\/wp-content\/uploads\/2023\/10\/IMG20230927101547.jpg 593w, http:\/\/spczarna.wolomin.org\/wp-content\/uploads\/2023\/10\/IMG20230927101547-300x225.jpg 300w\" sizes=\"(max-width: 593px) 100vw, 593px\" \/><\/figure><\/div>\n<\/div><\/div><\/div>\n\n\n\n<div class=\"wp-block-stackable-column stk-block-column stk-column stk-block stk-d2ed7a7\" data-v=\"4\" data-block-id=\"d2ed7a7\"><div class=\"stk-column-wrapper stk-block-column__content stk-container stk-d2ed7a7-container stk--no-background stk--no-padding\"><div class=\"stk-block-content stk-inner-blocks stk-d2ed7a7-inner-blocks\">\n<div class=\"wp-block-stackable-image stk-block-image stk-block stk-3eb55d2\" data-block-id=\"3eb55d2\"><figure class=\"stk-img-wrapper stk-image--shape-stretch\"><img loading=\"lazy\" decoding=\"async\" class=\"stk-img wp-image-2808\" src=\"http:\/\/spczarna.wolomin.org\/wp-content\/uploads\/2023\/10\/IMG20230927101533.jpg\" width=\"593\" height=\"445\" srcset=\"http:\/\/spczarna.wolomin.org\/wp-content\/uploads\/2023\/10\/IMG20230927101533.jpg 593w, http:\/\/spczarna.wolomin.org\/wp-content\/uploads\/2023\/10\/IMG20230927101533-300x225.jpg 300w\" sizes=\"(max-width: 593px) 100vw, 593px\" \/><\/figure><\/div>\n\n\n\n<div class=\"wp-block-stackable-image stk-block-image stk-block stk-12f2f0f\" data-block-id=\"12f2f0f\"><figure class=\"stk-img-wrapper stk-image--shape-stretch\"><img loading=\"lazy\" decoding=\"async\" class=\"stk-img wp-image-2811\" src=\"http:\/\/spczarna.wolomin.org\/wp-content\/uploads\/2023\/10\/IMG20230927101550.jpg\" width=\"334\" height=\"445\" srcset=\"http:\/\/spczarna.wolomin.org\/wp-content\/uploads\/2023\/10\/IMG20230927101550.jpg 334w, http:\/\/spczarna.wolomin.org\/wp-content\/uploads\/2023\/10\/IMG20230927101550-225x300.jpg 225w\" sizes=\"(max-width: 334px) 100vw, 334px\" \/><\/figure><\/div>\n<\/div><\/div><\/div>\n\n\n\n<div class=\"wp-block-stackable-column stk-block-column stk-column stk-block stk-5d943da\" data-v=\"4\" data-block-id=\"5d943da\"><div class=\"stk-column-wrapper stk-block-column__content stk-container stk-5d943da-container stk--no-background stk--no-padding\"><div class=\"stk-block-content stk-inner-blocks stk-5d943da-inner-blocks\">\n<div class=\"wp-block-stackable-image stk-block-image stk-block stk-03f88fe\" data-block-id=\"03f88fe\"><figure class=\"stk-img-wrapper stk-image--shape-stretch\"><img loading=\"lazy\" decoding=\"async\" class=\"stk-img wp-image-2805\" src=\"http:\/\/spczarna.wolomin.org\/wp-content\/uploads\/2023\/10\/IMG20230926083602.jpg\" width=\"593\" height=\"445\" srcset=\"http:\/\/spczarna.wolomin.org\/wp-content\/uploads\/2023\/10\/IMG20230926083602.jpg 593w, http:\/\/spczarna.wolomin.org\/wp-content\/uploads\/2023\/10\/IMG20230926083602-300x225.jpg 300w\" sizes=\"(max-width: 593px) 100vw, 593px\" \/><\/figure><\/div>\n<\/div><\/div><\/div>\n<\/div><\/div>\n<\/div><\/div><\/div>\n<\/div><\/div>\n<\/div><\/div><\/div>\n","protected":false},"excerpt":{"rendered":"<p>EUROPEJSKI DZIE\u0143 J\u0118ZYK\u00d3W OBCYCH 26 wrze\u015bnia , w naszej szkole obchodzili\u015bmy Europejski Dzie\u0144 J\u0119zyk\u00f3w Obcych. Z tej okazji zosta\u0142 zorganizowany<\/p>\n","protected":false},"author":6,"featured_media":2808,"comment_status":"closed","ping_status":"closed","sticky":false,"template":"","format":"standard","meta":{"footnotes":""},"categories":[5],"tags":[],"featured_image_urls":{"full":["http:\/\/spczarna.wolomin.org\/wp-content\/uploads\/2023\/10\/IMG20230927101533.jpg",593,445,false],"thumbnail":["http:\/\/spczarna.wolomin.org\/wp-content\/uploads\/2023\/10\/IMG20230927101533-150x150.jpg",150,150,true],"medium":["http:\/\/spczarna.wolomin.org\/wp-content\/uploads\/2023\/10\/IMG20230927101533-300x225.jpg",300,225,true],"medium_large":["http:\/\/spczarna.wolomin.org\/wp-content\/uploads\/2023\/10\/IMG20230927101533.jpg",593,445,false],"large":["http:\/\/spczarna.wolomin.org\/wp-content\/uploads\/2023\/10\/IMG20230927101533.jpg",593,445,false],"1536x1536":["http:\/\/spczarna.wolomin.org\/wp-content\/uploads\/2023\/10\/IMG20230927101533.jpg",593,445,false],"2048x2048":["http:\/\/spczarna.wolomin.org\/wp-content\/uploads\/2023\/10\/IMG20230927101533.jpg",593,445,false],"colormag-highlighted-post":["http:\/\/spczarna.wolomin.org\/wp-content\/uploads\/2023\/10\/IMG20230927101533-392x272.jpg",392,272,true],"colormag-featured-post-medium":["http:\/\/spczarna.wolomin.org\/wp-content\/uploads\/2023\/10\/IMG20230927101533-390x205.jpg",390,205,true],"colormag-featured-post-small":["http:\/\/spczarna.wolomin.org\/wp-content\/uploads\/2023\/10\/IMG20230927101533-130x90.jpg",130,90,true],"colormag-featured-image":["http:\/\/spczarna.wolomin.org\/wp-content\/uploads\/2023\/10\/IMG20230927101533.jpg",593,445,false],"colormag-default-news":["http:\/\/spczarna.wolomin.org\/wp-content\/uploads\/2023\/10\/IMG20230927101533-150x150.jpg",150,150,true],"colormag-featured-image-large":["http:\/\/spczarna.wolomin.org\/wp-content\/uploads\/2023\/10\/IMG20230927101533.jpg",593,445,false],"colormag-elementor-block-extra-large-thumbnail":["http:\/\/spczarna.wolomin.org\/wp-content\/uploads\/2023\/10\/IMG20230927101533.jpg",593,445,false],"colormag-elementor-grid-large-thumbnail":["http:\/\/spczarna.wolomin.org\/wp-content\/uploads\/2023\/10\/IMG20230927101533.jpg",556,417,false],"colormag-elementor-grid-small-thumbnail":["http:\/\/spczarna.wolomin.org\/wp-content\/uploads\/2023\/10\/IMG20230927101533.jpg",285,214,false],"colormag-elementor-grid-medium-large-thumbnail":["http:\/\/spczarna.wolomin.org\/wp-content\/uploads\/2023\/10\/IMG20230927101533.jpg",264,198,false]},"post_excerpt_stackable":"<p>EUROPEJSKI DZIE\u0143 J\u0118ZYK\u00d3W OBCYCH 26 wrze\u015bnia , w naszej szkole obchodzili\u015bmy Europejski Dzie\u0144 J\u0119zyk\u00f3w Obcych. Z tej okazji zosta\u0142 zorganizowany konkurs na najlepsze przebranie oraz dla klas I-IV konkurs na plakat pt. &#8220;J\u0119zyki \u015bwiata&#8221;. Klasy V-VIII bra\u0142y udzia\u0142 w klasowym quizie na temat wiedzy o pa\u0144stwach Europy, za po\u015brednictwem platformy KAHOOT. W akcj\u0119 w\u0142\u0105czy\u0142o si\u0119 szkolne ko\u0142o Caritas, organizuj\u0105c kiermasz potraw z kraj\u00f3w europejskich. Zebrane \u015brodki zostan\u0105 przekazane na cele charytatywne. Wszyscy dobrze si\u0119 bawili, poznaj\u0105c kultur\u0119 oraz symbole wybranych europejczyk\u00f3w. Dzi\u0119kujemy za wsparcie rodzicom oraz wszystkim zaanga\u017cowanym w akcj\u0119 osobom.<\/p>\n","category_list":"<a href=\"http:\/\/spczarna.wolomin.org\/?cat=5\" rel=\"category\">Szko\u0142a<\/a>","author_info":{"name":"Rafa\u0142 Jurewicz","url":"http:\/\/spczarna.wolomin.org\/?author=6"},"comments_num":"0 comments","_links":{"self":[{"href":"http:\/\/spczarna.wolomin.org\/index.php?rest_route=\/wp\/v2\/posts\/2803"}],"collection":[{"href":"http:\/\/spczarna.wolomin.org\/index.php?rest_route=\/wp\/v2\/posts"}],"about":[{"href":"http:\/\/spczarna.wolomin.org\/index.php?rest_route=\/wp\/v2\/types\/post"}],"author":[{"embeddable":true,"href":"http:\/\/spczarna.wolomin.org\/index.php?rest_route=\/wp\/v2\/users\/6"}],"replies":[{"embeddable":true,"href":"http:\/\/spczarna.wolomin.org\/index.php?rest_route=%2Fwp%2Fv2%2Fcomments&post=2803"}],"version-history":[{"count":1,"href":"http:\/\/spczarna.wolomin.org\/index.php?rest_route=\/wp\/v2\/posts\/2803\/revisions"}],"predecessor-version":[{"id":2812,"href":"http:\/\/spczarna.wolomin.org\/index.php?rest_route=\/wp\/v2\/posts\/2803\/revisions\/2812"}],"wp:featuredmedia":[{"embeddable":true,"href":"http:\/\/spczarna.wolomin.org\/index.php?rest_route=\/wp\/v2\/media\/2808"}],"wp:attachment":[{"href":"http:\/\/spczarna.wolomin.org\/index.php?rest_route=%2Fwp%2Fv2%2Fmedia&parent=2803"}],"wp:term":[{"taxonomy":"category","embeddable":true,"href":"http:\/\/spczarna.wolomin.org\/index.php?rest_route=%2Fwp%2Fv2%2Fcategories&post=2803"},{"taxonomy":"post_tag","embeddable":true,"href":"http:\/\/spczarna.wolomin.org\/index.php?rest_route=%2Fwp%2Fv2%2Ftags&post=2803"}],"curies":[{"name":"wp","href":"https:\/\/api.w.org\/{rel}","templated":true}]}}