{"id":3637,"date":"2024-03-02T20:54:33","date_gmt":"2024-03-02T20:54:33","guid":{"rendered":"http:\/\/spczarna.wolomin.org\/?p=3637"},"modified":"2024-03-15T19:56:30","modified_gmt":"2024-03-15T19:56:30","slug":"ekowalentynki-2","status":"publish","type":"post","link":"http:\/\/spczarna.wolomin.org\/?p=3637","title":{"rendered":"EkoWalentynki"},"content":{"rendered":"\t\t<div data-elementor-type=\"wp-post\" data-elementor-id=\"3637\" class=\"elementor elementor-3637\">\n\t\t\t\t\t\t<section class=\"elementor-section elementor-top-section elementor-element elementor-element-4efae15 elementor-section-boxed elementor-section-height-default elementor-section-height-default\" data-id=\"4efae15\" data-element_type=\"section\">\n\t\t\t\t\t\t<div class=\"elementor-container elementor-column-gap-default\">\n\t\t\t\t\t<div class=\"elementor-column elementor-col-100 elementor-top-column elementor-element elementor-element-449fc90\" data-id=\"449fc90\" data-element_type=\"column\">\n\t\t\t<div class=\"elementor-widget-wrap elementor-element-populated\">\n\t\t\t\t\t\t<div class=\"elementor-element elementor-element-7f6bf49 elementor-widget elementor-widget-image\" data-id=\"7f6bf49\" data-element_type=\"widget\" data-widget_type=\"image.default\">\n\t\t\t\t<div class=\"elementor-widget-container\">\n\t\t\t\t\t\t\t\t\t\t\t\t\t<img fetchpriority=\"high\" decoding=\"async\" width=\"800\" height=\"250\" src=\"http:\/\/spczarna.wolomin.org\/wp-content\/uploads\/2024\/03\/ekowalentynki-logo.jpg\" class=\"attachment-large size-large wp-image-3640\" alt=\"\" srcset=\"http:\/\/spczarna.wolomin.org\/wp-content\/uploads\/2024\/03\/ekowalentynki-logo.jpg 800w, http:\/\/spczarna.wolomin.org\/wp-content\/uploads\/2024\/03\/ekowalentynki-logo-300x94.jpg 300w, http:\/\/spczarna.wolomin.org\/wp-content\/uploads\/2024\/03\/ekowalentynki-logo-768x240.jpg 768w\" sizes=\"(max-width: 800px) 100vw, 800px\" \/>\t\t\t\t\t\t\t\t\t\t\t\t\t<\/div>\n\t\t\t\t<\/div>\n\t\t\t\t\t<\/div>\n\t\t<\/div>\n\t\t\t\t\t<\/div>\n\t\t<\/section>\n\t\t\t\t<section class=\"elementor-section elementor-top-section elementor-element elementor-element-7a5e6ba elementor-section-boxed elementor-section-height-default elementor-section-height-default\" data-id=\"7a5e6ba\" data-element_type=\"section\">\n\t\t\t\t\t\t<div class=\"elementor-container elementor-column-gap-default\">\n\t\t\t\t\t<div class=\"elementor-column elementor-col-50 elementor-top-column elementor-element elementor-element-bef12b5\" data-id=\"bef12b5\" data-element_type=\"column\">\n\t\t\t<div class=\"elementor-widget-wrap elementor-element-populated\">\n\t\t\t\t\t\t<div class=\"elementor-element elementor-element-af2e4d6 elementor-widget elementor-widget-text-editor\" data-id=\"af2e4d6\" data-element_type=\"widget\" data-widget_type=\"text-editor.default\">\n\t\t\t\t<div class=\"elementor-widget-container\">\n\t\t\t\t\t\t\t<p><span style=\"color: #2d2d2d;\"><span style=\"font-family: Segoe UI, serif;\"><span style=\"font-size: small;\"><b>Nasza szko\u0142a bierze udzia\u0142 w 15 edycji og\u00f3lnopolskiej akcji ekologicznej #EkoWalentynki.<\/b><\/span><\/span><\/span><\/p><p><span style=\"color: #2d2d2d;\"><span style=\"font-family: Segoe UI, serif;\"><span style=\"font-size: small;\"><b>W dniach 1.03 \u2013 20.03.24 b\u0119dzie trwa\u0107 zbi\u00f3rka zu\u017cytych baterii i elektroodpad\u00f3w. <\/b><\/span><\/span><\/span><\/p><p><span style=\"color: #2d2d2d;\"><span style=\"font-family: Segoe UI, serif;\"><span style=\"font-size: small;\"><b>Celem zbi\u00f3rki jest promocja selektywnej zbi\u00f3rki i recyklingu zu\u017cytych baterii oraz elektroodpad\u00f3w. <\/b><\/span><\/span><\/span><\/p><p><span style=\"color: #2d2d2d;\"><span style=\"font-family: Segoe UI, serif;\"><span style=\"font-size: small;\"><b>Og\u0142aszamy konkurs zwi\u0105zany ze zbi\u00f3rk\u0105.<\/b><\/span><\/span><\/span><\/p><p><span style=\"color: #2d2d2d;\"><span style=\"font-family: Segoe UI, serif;\"><span style=\"font-size: small;\"><b>Startujemy ju\u017c teraz i zapraszamy do udzia\u0142u wszystkie klasy! <\/b><\/span><\/span><\/span><\/p><p><span style=\"color: #2d2d2d;\"><span style=\"font-family: Segoe UI, serif;\"><span style=\"font-size: small;\"><b>Ka\u017cda klasa otrzyma\u0142a pude\u0142ko do zbierania zu\u017cytych baterii. S\u0105 umieszczone w Waszych salach lekcyjnych. Zbieracie baterie i nape\u0142niacie swoje pojemniki. W marcu komisja konkursowa zwa\u017cy zebrane surowce i przeliczy ich ilo\u015b\u0107 na jednego ucznia danej klasy. Zwyci\u0119ska klasa otrzyma upominki.<\/b><\/span><\/span><\/span><\/p><p><a name=\"Bookmark\"><\/a> <span style=\"color: #2d2d2d;\"><span style=\"font-family: Segoe UI, serif;\"><span style=\"font-size: small;\"><b>Opr\u00f3cz tego zbieramy r\u00f3wnie\u017c elektro\u015bmieci, kt\u00f3re mo\u017cecie przynosi\u0107 do sali nr 2 oraz w dniu fina\u0142u zbi\u00f3rki 20 marca 2024r.<\/b><\/span><\/span><\/span><\/p><p><span style=\"color: #2d2d2d;\"><span style=\"font-family: Segoe UI, serif;\"><span style=\"font-size: small;\">W ramach 15. edycji akcji <a href=\"https:\/\/www.facebook.com\/hashtag\/ekowalentynki?__eep__=6&amp;__cft__%5b0%5d=AZWgpcX1wgZfn5dHl-D_Ci0eqXpq6_GH31Cc1mrk8ye7N7EZ9Hnuob2o0fu5giEJLMeZWix8znLPZGIVrukoRmPXGtEI_7sHb89lDM7RKoLKfdDDeOyBUTP98DKxTw69Ep8syWJuVP2-qxms1D5W1ZIkfRPNiFRsH1vxHTOGhbfGUmn6iXiQj_0pqZMOfABjJ_3nUY8P3iP2B7GhmYaOLyi1&amp;__tn__=*NK-y-R\">#EkoWalentynki<\/a> b\u0119dziemy dzia\u0142a\u0107 w ca\u0142ej Polsce od Bugu po Odr\u0119, od Tatr po Hel. Pozbieramy zu\u017cyte bateryjki w szko\u0142ach, przedszkolach, na wy\u017cszych uczelniach, w samorz\u0105dach, mediach, organizacjach spo\u0142ecznych. Akcj\u0119 organizujemy wsp\u00f3lnie z REMONDIS Electrorecycling Polska, Electro-System Organizacja Odzysku, Europejska Platforma Recyklingu &#8211; firmami, kt\u00f3re s\u0105 liderami w Polsce i Europie w zakresie zbi\u00f3rki, odzysku i recyklingu zu\u017cytych baterii, oraz naszym przyjacielem, ekologiem Dominikiem Dobrowolskim, z kt\u00f3rym od lat wsp\u00f3lnie dzia\u0142amy na rzecz ochrony \u015brodowiska.<\/span><\/span><\/span><\/p><p><span style=\"color: #2d2d2d;\"><span style=\"font-family: Segoe UI, serif;\"><span style=\"font-size: small;\"><b>A dlaczego nale\u017cy zbiera\u0107 baterie?<\/b><\/span><\/span><\/span><\/p><p><span style=\"color: #2d2d2d;\"><span style=\"font-family: Segoe UI, serif;\"><span style=\"font-size: small;\">Najwa\u017cniejsz\u0105 zasad\u0105 jest wrzucanie baterii do specjalnych pojemnik\u00f3w, czyli niemieszanie ich z innymi odpadami.<\/span><\/span><\/span><\/p><p><span style=\"color: #2d2d2d;\"><span style=\"font-family: Segoe UI, serif;\"><span style=\"font-size: small;\">Za spraw\u0105 selektywnej zbi\u00f3rki zu\u017cytych baterii i akumulator\u00f3w, mo\u017cna z tych niebezpiecznych odpad\u00f3w odzyska\u0107 cenne substancje, np.: aluminium, cynk, kadm, kobalt, lit, mied\u017a, nikiel, o\u0142\u00f3w, mangan, mosi\u0105dz, rt\u0119\u0107 oraz tworzywa sztuczne i papier do produkcji paliwa RDF. Mog\u0105 by\u0107 one ponownie wykorzystywane w wielu procesach produkcji przemys\u0142owej, dzi\u0119ki czemu oszcz\u0119dzane s\u0105 surowce naturalne, paliwa kopalne, energia oraz woda.<\/span><\/span><\/span><\/p><p><span style=\"color: #2d2d2d;\"><span style=\"font-family: Segoe UI, serif;\"><span style=\"font-size: small;\"><b>Pami\u0119taj!<\/b><\/span><\/span><\/span><\/p><p><span style=\"color: #2d2d2d;\"><span style=\"font-family: Segoe UI, serif;\"><span style=\"font-size: small;\">Oddzielaj akumulatory i baterie od innych odpad\u00f3w.<\/span><\/span><\/span><\/p><p><span style=\"color: #2d2d2d;\"><span style=\"font-family: Segoe UI, serif;\"><span style=\"font-size: small;\">Przed wyrzuceniem np. zabawki, narz\u0119dzia, czujnika, LED\u2019u, odzie\u017cy i obuwia ze \u015bwiec\u0105cymi elementami, sprawdzaj, czy nie ma w \u015brodku ukrytej baterii lub akumulatora .<\/span><\/span><\/span><\/p><p><span style=\"color: #2d2d2d;\"><span style=\"font-family: Segoe UI, serif;\"><span style=\"font-size: small;\">Akumulatory przeno\u015bne i baterie wrzucaj do specjalnych pojemnik\u00f3w \u2013 znajdziesz je w urz\u0119dach, szko\u0142ach, cz\u0119\u015bci sklep\u00f3w oraz stacji benzynowych. Baterie te\u017c s\u0105 zbierane w wielu sklepach, na poczcie, w wielu plac\u00f3wkach o\u015bwiatowych, w zak\u0142adach recyklingu REMONDIS Electrorecycling. <\/span><\/span><\/span><\/p><p><span style=\"color: #2d2d2d;\"><span style=\"font-family: Segoe UI, serif;\"><span style=\"font-size: small;\">Baterie i elektroodpady mo\u017cna te\u017c oddawa\u0107 do PSZOK\u00f3w (punkt\u00f3w selektywnej zbi\u00f3rki odpad\u00f3w komunalnych), kt\u00f3re s\u0105 w ka\u017cdej gminie w Polsce.<\/span><\/span><\/span><\/p>\t\t\t\t\t\t<\/div>\n\t\t\t\t<\/div>\n\t\t\t\t\t<\/div>\n\t\t<\/div>\n\t\t\t\t<div class=\"elementor-column elementor-col-50 elementor-top-column elementor-element elementor-element-76427f8\" data-id=\"76427f8\" data-element_type=\"column\">\n\t\t\t<div class=\"elementor-widget-wrap elementor-element-populated\">\n\t\t\t\t\t\t<div class=\"elementor-element elementor-element-2243a0a elementor-widget elementor-widget-image\" data-id=\"2243a0a\" data-element_type=\"widget\" data-widget_type=\"image.default\">\n\t\t\t\t<div class=\"elementor-widget-container\">\n\t\t\t\t\t\t\t\t\t\t\t\t\t<img decoding=\"async\" width=\"200\" height=\"400\" src=\"http:\/\/spczarna.wolomin.org\/wp-content\/uploads\/2024\/03\/Projekt-bez-nazwy-3.jpg\" class=\"attachment-large size-large wp-image-3639\" alt=\"\" srcset=\"http:\/\/spczarna.wolomin.org\/wp-content\/uploads\/2024\/03\/Projekt-bez-nazwy-3.jpg 200w, http:\/\/spczarna.wolomin.org\/wp-content\/uploads\/2024\/03\/Projekt-bez-nazwy-3-150x300.jpg 150w\" sizes=\"(max-width: 200px) 100vw, 200px\" \/>\t\t\t\t\t\t\t\t\t\t\t\t\t<\/div>\n\t\t\t\t<\/div>\n\t\t\t\t\t<\/div>\n\t\t<\/div>\n\t\t\t\t\t<\/div>\n\t\t<\/section>\n\t\t\t\t<section class=\"elementor-section elementor-top-section elementor-element elementor-element-2dd46a0 elementor-section-boxed elementor-section-height-default elementor-section-height-default\" data-id=\"2dd46a0\" data-element_type=\"section\">\n\t\t\t\t\t\t<div class=\"elementor-container elementor-column-gap-default\">\n\t\t\t\t\t<div class=\"elementor-column elementor-col-100 elementor-top-column elementor-element elementor-element-c311163\" data-id=\"c311163\" data-element_type=\"column\">\n\t\t\t<div class=\"elementor-widget-wrap elementor-element-populated\">\n\t\t\t\t\t\t<div class=\"elementor-element elementor-element-3f4d1e1 elementor-widget elementor-widget-text-editor\" data-id=\"3f4d1e1\" data-element_type=\"widget\" data-widget_type=\"text-editor.default\">\n\t\t\t\t<div class=\"elementor-widget-container\">\n\t\t\t\t\t\t\t<p style=\"text-align: right;\"><span style=\"color: #2d2d2d;\"><span style=\"font-family: Segoe UI, serif;\"><span style=\"font-size: small;\"><b>Koordynatorzy akcji:<\/b><\/span><\/span><\/span><\/p><p style=\"text-align: right;\"><span style=\"color: #2d2d2d;\"><span style=\"font-family: Segoe UI, serif;\"><span style=\"font-size: small;\"><b>Katarzyna Kostrzewa<\/b><\/span><\/span><\/span><\/p><p style=\"text-align: right;\"><span style=\"color: #2d2d2d;\"><span style=\"font-family: Segoe UI, serif;\"><span style=\"font-size: small;\"><b>Iwona Orych<\/b><\/span><\/span><\/span><\/p><p style=\"text-align: right;\"><span style=\"color: #2d2d2d;\"><span style=\"font-family: Segoe UI, serif;\"><span style=\"font-size: small;\"><b>Katarzyna Wardak<\/b><\/span><\/span><\/span><\/p>\t\t\t\t\t\t<\/div>\n\t\t\t\t<\/div>\n\t\t\t\t\t<\/div>\n\t\t<\/div>\n\t\t\t\t\t<\/div>\n\t\t<\/section>\n\t\t\t\t<\/div>\n\t\t","protected":false},"excerpt":{"rendered":"<p>Nasza szko\u0142a bierze udzia\u0142 w 15 edycji og\u00f3lnopolskiej akcji ekologicznej #EkoWalentynki. W dniach 1.03 \u2013 20.03.24 b\u0119dzie trwa\u0107 zbi\u00f3rka zu\u017cytych<\/p>\n","protected":false},"author":6,"featured_media":3641,"comment_status":"closed","ping_status":"closed","sticky":false,"template":"","format":"standard","meta":{"footnotes":""},"categories":[3],"tags":[],"featured_image_urls":{"full":["http:\/\/spczarna.wolomin.org\/wp-content\/uploads\/2024\/03\/eko.jpg",623,445,false],"thumbnail":["http:\/\/spczarna.wolomin.org\/wp-content\/uploads\/2024\/03\/eko-150x150.jpg",150,150,true],"medium":["http:\/\/spczarna.wolomin.org\/wp-content\/uploads\/2024\/03\/eko-300x214.jpg",300,214,true],"medium_large":["http:\/\/spczarna.wolomin.org\/wp-content\/uploads\/2024\/03\/eko.jpg",623,445,false],"large":["http:\/\/spczarna.wolomin.org\/wp-content\/uploads\/2024\/03\/eko.jpg",623,445,false],"1536x1536":["http:\/\/spczarna.wolomin.org\/wp-content\/uploads\/2024\/03\/eko.jpg",623,445,false],"2048x2048":["http:\/\/spczarna.wolomin.org\/wp-content\/uploads\/2024\/03\/eko.jpg",623,445,false],"colormag-highlighted-post":["http:\/\/spczarna.wolomin.org\/wp-content\/uploads\/2024\/03\/eko-392x272.jpg",392,272,true],"colormag-featured-post-medium":["http:\/\/spczarna.wolomin.org\/wp-content\/uploads\/2024\/03\/eko-390x205.jpg",390,205,true],"colormag-featured-post-small":["http:\/\/spczarna.wolomin.org\/wp-content\/uploads\/2024\/03\/eko-130x90.jpg",130,90,true],"colormag-featured-image":["http:\/\/spczarna.wolomin.org\/wp-content\/uploads\/2024\/03\/eko.jpg",623,445,false],"colormag-default-news":["http:\/\/spczarna.wolomin.org\/wp-content\/uploads\/2024\/03\/eko-150x150.jpg",150,150,true],"colormag-featured-image-large":["http:\/\/spczarna.wolomin.org\/wp-content\/uploads\/2024\/03\/eko.jpg",623,445,false],"colormag-elementor-block-extra-large-thumbnail":["http:\/\/spczarna.wolomin.org\/wp-content\/uploads\/2024\/03\/eko.jpg",623,445,false],"colormag-elementor-grid-large-thumbnail":["http:\/\/spczarna.wolomin.org\/wp-content\/uploads\/2024\/03\/eko-600x417.jpg",600,417,true],"colormag-elementor-grid-small-thumbnail":["http:\/\/spczarna.wolomin.org\/wp-content\/uploads\/2024\/03\/eko-285x445.jpg",285,445,true],"colormag-elementor-grid-medium-large-thumbnail":["http:\/\/spczarna.wolomin.org\/wp-content\/uploads\/2024\/03\/eko-575x198.jpg",575,198,true]},"post_excerpt_stackable":"<p>Nasza szko\u0142a bierze udzia\u0142 w 15 edycji og\u00f3lnopolskiej akcji ekologicznej #EkoWalentynki.W dniach 1.03 \u2013 20.03.24 b\u0119dzie trwa\u0107 zbi\u00f3rka zu\u017cytych baterii i elektroodpad\u00f3w. Celem zbi\u00f3rki jest promocja selektywnej zbi\u00f3rki i recyklingu zu\u017cytych baterii oraz elektroodpad\u00f3w. Og\u0142aszamy konkurs zwi\u0105zany ze zbi\u00f3rk\u0105.Startujemy ju\u017c teraz i zapraszamy do udzia\u0142u wszystkie klasy! Ka\u017cda klasa otrzyma\u0142a pude\u0142ko do zbierania zu\u017cytych baterii. S\u0105 umieszczone w Waszych salach lekcyjnych. Zbieracie baterie i nape\u0142niacie swoje pojemniki. W marcu komisja konkursowa zwa\u017cy zebrane surowce i przeliczy ich ilo\u015b\u0107 na jednego ucznia danej klasy. Zwyci\u0119ska klasa otrzyma upominki. Opr\u00f3cz tego zbieramy r\u00f3wnie\u017c elektro\u015bmieci, kt\u00f3re mo\u017cecie przynosi\u0107 do sali nr 2 oraz&hellip;<\/p>\n","category_list":"<a href=\"http:\/\/spczarna.wolomin.org\/?cat=3\" rel=\"category\">Aktualno\u015bci<\/a>","author_info":{"name":"Rafa\u0142 Jurewicz","url":"http:\/\/spczarna.wolomin.org\/?author=6"},"comments_num":"0 comments","_links":{"self":[{"href":"http:\/\/spczarna.wolomin.org\/index.php?rest_route=\/wp\/v2\/posts\/3637"}],"collection":[{"href":"http:\/\/spczarna.wolomin.org\/index.php?rest_route=\/wp\/v2\/posts"}],"about":[{"href":"http:\/\/spczarna.wolomin.org\/index.php?rest_route=\/wp\/v2\/types\/post"}],"author":[{"embeddable":true,"href":"http:\/\/spczarna.wolomin.org\/index.php?rest_route=\/wp\/v2\/users\/6"}],"replies":[{"embeddable":true,"href":"http:\/\/spczarna.wolomin.org\/index.php?rest_route=%2Fwp%2Fv2%2Fcomments&post=3637"}],"version-history":[{"count":9,"href":"http:\/\/spczarna.wolomin.org\/index.php?rest_route=\/wp\/v2\/posts\/3637\/revisions"}],"predecessor-version":[{"id":3650,"href":"http:\/\/spczarna.wolomin.org\/index.php?rest_route=\/wp\/v2\/posts\/3637\/revisions\/3650"}],"wp:featuredmedia":[{"embeddable":true,"href":"http:\/\/spczarna.wolomin.org\/index.php?rest_route=\/wp\/v2\/media\/3641"}],"wp:attachment":[{"href":"http:\/\/spczarna.wolomin.org\/index.php?rest_route=%2Fwp%2Fv2%2Fmedia&parent=3637"}],"wp:term":[{"taxonomy":"category","embeddable":true,"href":"http:\/\/spczarna.wolomin.org\/index.php?rest_route=%2Fwp%2Fv2%2Fcategories&post=3637"},{"taxonomy":"post_tag","embeddable":true,"href":"http:\/\/spczarna.wolomin.org\/index.php?rest_route=%2Fwp%2Fv2%2Ftags&post=3637"}],"curies":[{"name":"wp","href":"https:\/\/api.w.org\/{rel}","templated":true}]}}