{"id":3717,"date":"2024-03-15T19:23:40","date_gmt":"2024-03-15T19:23:40","guid":{"rendered":"http:\/\/spczarna.wolomin.org\/?p=3717"},"modified":"2024-03-15T20:57:58","modified_gmt":"2024-03-15T20:57:58","slug":"nie-zwykla-lekcja","status":"publish","type":"post","link":"http:\/\/spczarna.wolomin.org\/?p=3717","title":{"rendered":"Niezwyk\u0142a lekcja."},"content":{"rendered":"\t\t<div data-elementor-type=\"wp-post\" data-elementor-id=\"3717\" class=\"elementor elementor-3717\">\n\t\t\t\t\t\t<section class=\"elementor-section elementor-top-section elementor-element elementor-element-4076cc2 elementor-section-boxed elementor-section-height-default elementor-section-height-default\" data-id=\"4076cc2\" data-element_type=\"section\">\n\t\t\t\t\t\t<div class=\"elementor-container elementor-column-gap-default\">\n\t\t\t\t\t<div class=\"elementor-column elementor-col-50 elementor-top-column elementor-element elementor-element-4f5048b\" data-id=\"4f5048b\" data-element_type=\"column\">\n\t\t\t<div class=\"elementor-widget-wrap elementor-element-populated\">\n\t\t\t\t\t\t<div class=\"elementor-element elementor-element-fb232eb elementor-widget elementor-widget-text-editor\" data-id=\"fb232eb\" data-element_type=\"widget\" data-widget_type=\"text-editor.default\">\n\t\t\t\t<div class=\"elementor-widget-container\">\n\t\t\t\t\t\t\t<p style=\"text-align: right;\">\u00a0 Dnia 29 lutego uczniowie klasy 3 b wybrali si\u0119 si\u0119 w podr\u00f3\u017c do Afryki! Dowiedzieli si\u0119, \u017ce warto podr\u00f3\u017cowa\u0107 i poznawa\u0107 \u015bwiat, tak\u017ce przy pomocy ksi\u0105\u017cek. Wskazali na mapie tras\u0119 wielkiej podr\u00f3\u017cy Kazimierza Nowaka. Zaj\u0119cia mia\u0142y charakter lekcji otwartej, w kt\u00f3rej uczestniczy\u0142a Pani Dyrektor Teresa Kowalczyk. <br \/>Zdj\u0119cia przedstawiaj\u0105 prac\u0119 w grupach, zadaniem dzieci by\u0142o namalowanie swoich wyobra\u017ce\u0144 zwi\u0105zanych z obszarami &#8211; pustynia, sawanna i d\u017cungla.<br \/><br \/><strong>Katarzyna Wardak <\/strong><\/p>\t\t\t\t\t\t<\/div>\n\t\t\t\t<\/div>\n\t\t\t\t\t<\/div>\n\t\t<\/div>\n\t\t\t\t<div class=\"elementor-column elementor-col-50 elementor-top-column elementor-element elementor-element-6480e56\" data-id=\"6480e56\" data-element_type=\"column\">\n\t\t\t<div class=\"elementor-widget-wrap elementor-element-populated\">\n\t\t\t\t\t\t<div class=\"elementor-element elementor-element-04d58b4 elementor-widget elementor-widget-image-gallery\" data-id=\"04d58b4\" data-element_type=\"widget\" data-widget_type=\"image-gallery.default\">\n\t\t\t\t<div class=\"elementor-widget-container\">\n\t\t\t\t\t<div class=\"elementor-image-gallery\">\n\t\t\t<div id='gallery-1' class='gallery galleryid-3717 gallery-columns-1 gallery-size-medium'><figure class='gallery-item'>\n\t\t\t<div class='gallery-icon landscape'>\n\t\t\t\t<a data-elementor-open-lightbox=\"yes\" data-elementor-lightbox-slideshow=\"04d58b4\" data-elementor-lightbox-title=\"IMG20240229111022\" data-e-action-hash=\"#elementor-action%3Aaction%3Dlightbox%26settings%3DeyJpZCI6MzcyMCwidXJsIjoiaHR0cDpcL1wvc3BjemFybmEud29sb21pbi5vcmdcL3dwLWNvbnRlbnRcL3VwbG9hZHNcLzIwMjRcLzAzXC9JTUcyMDI0MDIyOTExMTAyMi5qcGciLCJzbGlkZXNob3ciOiIwNGQ1OGI0In0%3D\" href='http:\/\/spczarna.wolomin.org\/wp-content\/uploads\/2024\/03\/IMG20240229111022.jpg'><img fetchpriority=\"high\" decoding=\"async\" width=\"300\" height=\"226\" src=\"http:\/\/spczarna.wolomin.org\/wp-content\/uploads\/2024\/03\/IMG20240229111022-300x226.jpg\" class=\"attachment-medium size-medium\" alt=\"\" srcset=\"http:\/\/spczarna.wolomin.org\/wp-content\/uploads\/2024\/03\/IMG20240229111022-300x226.jpg 300w, http:\/\/spczarna.wolomin.org\/wp-content\/uploads\/2024\/03\/IMG20240229111022.jpg 591w\" sizes=\"(max-width: 300px) 100vw, 300px\" \/><\/a>\n\t\t\t<\/div><\/figure><figure class='gallery-item'>\n\t\t\t<div class='gallery-icon landscape'>\n\t\t\t\t<a data-elementor-open-lightbox=\"yes\" data-elementor-lightbox-slideshow=\"04d58b4\" data-elementor-lightbox-title=\"IMG20240229113449\" data-e-action-hash=\"#elementor-action%3Aaction%3Dlightbox%26settings%3DeyJpZCI6MzcyMSwidXJsIjoiaHR0cDpcL1wvc3BjemFybmEud29sb21pbi5vcmdcL3dwLWNvbnRlbnRcL3VwbG9hZHNcLzIwMjRcLzAzXC9JTUcyMDI0MDIyOTExMzQ0OS5qcGciLCJzbGlkZXNob3ciOiIwNGQ1OGI0In0%3D\" href='http:\/\/spczarna.wolomin.org\/wp-content\/uploads\/2024\/03\/IMG20240229113449.jpg'><img decoding=\"async\" width=\"300\" height=\"226\" src=\"http:\/\/spczarna.wolomin.org\/wp-content\/uploads\/2024\/03\/IMG20240229113449-300x226.jpg\" class=\"attachment-medium size-medium\" alt=\"\" srcset=\"http:\/\/spczarna.wolomin.org\/wp-content\/uploads\/2024\/03\/IMG20240229113449-300x226.jpg 300w, http:\/\/spczarna.wolomin.org\/wp-content\/uploads\/2024\/03\/IMG20240229113449.jpg 591w\" sizes=\"(max-width: 300px) 100vw, 300px\" \/><\/a>\n\t\t\t<\/div><\/figure><figure class='gallery-item'>\n\t\t\t<div class='gallery-icon portrait'>\n\t\t\t\t<a data-elementor-open-lightbox=\"yes\" data-elementor-lightbox-slideshow=\"04d58b4\" data-elementor-lightbox-title=\"IMG20240229113642\" data-e-action-hash=\"#elementor-action%3Aaction%3Dlightbox%26settings%3DeyJpZCI6MzcyMiwidXJsIjoiaHR0cDpcL1wvc3BjemFybmEud29sb21pbi5vcmdcL3dwLWNvbnRlbnRcL3VwbG9hZHNcLzIwMjRcLzAzXC9JTUcyMDI0MDIyOTExMzY0Mi5qcGciLCJzbGlkZXNob3ciOiIwNGQ1OGI0In0%3D\" href='http:\/\/spczarna.wolomin.org\/wp-content\/uploads\/2024\/03\/IMG20240229113642.jpg'><img decoding=\"async\" width=\"226\" height=\"300\" src=\"http:\/\/spczarna.wolomin.org\/wp-content\/uploads\/2024\/03\/IMG20240229113642-226x300.jpg\" class=\"attachment-medium size-medium\" alt=\"\" srcset=\"http:\/\/spczarna.wolomin.org\/wp-content\/uploads\/2024\/03\/IMG20240229113642-226x300.jpg 226w, http:\/\/spczarna.wolomin.org\/wp-content\/uploads\/2024\/03\/IMG20240229113642.jpg 335w\" sizes=\"(max-width: 226px) 100vw, 226px\" \/><\/a>\n\t\t\t<\/div><\/figure>\n\t\t<\/div>\n\t\t<\/div>\n\t\t\t\t<\/div>\n\t\t\t\t<\/div>\n\t\t\t\t\t<\/div>\n\t\t<\/div>\n\t\t\t\t\t<\/div>\n\t\t<\/section>\n\t\t\t\t<\/div>\n\t\t","protected":false},"excerpt":{"rendered":"<p>\u00a0 Dnia 29 lutego uczniowie klasy 3 b wybrali si\u0119 si\u0119 w podr\u00f3\u017c do Afryki! Dowiedzieli si\u0119, \u017ce warto podr\u00f3\u017cowa\u0107<\/p>\n","protected":false},"author":6,"featured_media":3719,"comment_status":"closed","ping_status":"closed","sticky":false,"template":"","format":"standard","meta":{"footnotes":""},"categories":[5],"tags":[],"featured_image_urls":{"full":["http:\/\/spczarna.wolomin.org\/wp-content\/uploads\/2024\/03\/Afrykanska.jpg",623,445,false],"thumbnail":["http:\/\/spczarna.wolomin.org\/wp-content\/uploads\/2024\/03\/Afrykanska-150x150.jpg",150,150,true],"medium":["http:\/\/spczarna.wolomin.org\/wp-content\/uploads\/2024\/03\/Afrykanska-300x214.jpg",300,214,true],"medium_large":["http:\/\/spczarna.wolomin.org\/wp-content\/uploads\/2024\/03\/Afrykanska.jpg",623,445,false],"large":["http:\/\/spczarna.wolomin.org\/wp-content\/uploads\/2024\/03\/Afrykanska.jpg",623,445,false],"1536x1536":["http:\/\/spczarna.wolomin.org\/wp-content\/uploads\/2024\/03\/Afrykanska.jpg",623,445,false],"2048x2048":["http:\/\/spczarna.wolomin.org\/wp-content\/uploads\/2024\/03\/Afrykanska.jpg",623,445,false],"colormag-highlighted-post":["http:\/\/spczarna.wolomin.org\/wp-content\/uploads\/2024\/03\/Afrykanska-392x272.jpg",392,272,true],"colormag-featured-post-medium":["http:\/\/spczarna.wolomin.org\/wp-content\/uploads\/2024\/03\/Afrykanska-390x205.jpg",390,205,true],"colormag-featured-post-small":["http:\/\/spczarna.wolomin.org\/wp-content\/uploads\/2024\/03\/Afrykanska-130x90.jpg",130,90,true],"colormag-featured-image":["http:\/\/spczarna.wolomin.org\/wp-content\/uploads\/2024\/03\/Afrykanska.jpg",623,445,false],"colormag-default-news":["http:\/\/spczarna.wolomin.org\/wp-content\/uploads\/2024\/03\/Afrykanska-150x150.jpg",150,150,true],"colormag-featured-image-large":["http:\/\/spczarna.wolomin.org\/wp-content\/uploads\/2024\/03\/Afrykanska.jpg",623,445,false],"colormag-elementor-block-extra-large-thumbnail":["http:\/\/spczarna.wolomin.org\/wp-content\/uploads\/2024\/03\/Afrykanska.jpg",623,445,false],"colormag-elementor-grid-large-thumbnail":["http:\/\/spczarna.wolomin.org\/wp-content\/uploads\/2024\/03\/Afrykanska-600x417.jpg",600,417,true],"colormag-elementor-grid-small-thumbnail":["http:\/\/spczarna.wolomin.org\/wp-content\/uploads\/2024\/03\/Afrykanska-285x445.jpg",285,445,true],"colormag-elementor-grid-medium-large-thumbnail":["http:\/\/spczarna.wolomin.org\/wp-content\/uploads\/2024\/03\/Afrykanska-575x198.jpg",575,198,true]},"post_excerpt_stackable":"<p>\u00a0 Dnia 29 lutego uczniowie klasy 3 b wybrali si\u0119 si\u0119 w podr\u00f3\u017c do Afryki! Dowiedzieli si\u0119, \u017ce warto podr\u00f3\u017cowa\u0107 i poznawa\u0107 \u015bwiat, tak\u017ce przy pomocy ksi\u0105\u017cek. Wskazali na mapie tras\u0119 wielkiej podr\u00f3\u017cy Kazimierza Nowaka. Zaj\u0119cia mia\u0142y charakter lekcji otwartej, w kt\u00f3rej uczestniczy\u0142a Pani Dyrektor Teresa Kowalczyk. Zdj\u0119cia przedstawiaj\u0105 prac\u0119 w grupach, zadaniem dzieci by\u0142o namalowanie swoich wyobra\u017ce\u0144 zwi\u0105zanych z obszarami &#8211; pustynia, sawanna i d\u017cungla.Katarzyna Wardak<\/p>\n","category_list":"<a href=\"http:\/\/spczarna.wolomin.org\/?cat=5\" rel=\"category\">Szko\u0142a<\/a>","author_info":{"name":"Rafa\u0142 Jurewicz","url":"http:\/\/spczarna.wolomin.org\/?author=6"},"comments_num":"0 comments","_links":{"self":[{"href":"http:\/\/spczarna.wolomin.org\/index.php?rest_route=\/wp\/v2\/posts\/3717"}],"collection":[{"href":"http:\/\/spczarna.wolomin.org\/index.php?rest_route=\/wp\/v2\/posts"}],"about":[{"href":"http:\/\/spczarna.wolomin.org\/index.php?rest_route=\/wp\/v2\/types\/post"}],"author":[{"embeddable":true,"href":"http:\/\/spczarna.wolomin.org\/index.php?rest_route=\/wp\/v2\/users\/6"}],"replies":[{"embeddable":true,"href":"http:\/\/spczarna.wolomin.org\/index.php?rest_route=%2Fwp%2Fv2%2Fcomments&post=3717"}],"version-history":[{"count":5,"href":"http:\/\/spczarna.wolomin.org\/index.php?rest_route=\/wp\/v2\/posts\/3717\/revisions"}],"predecessor-version":[{"id":3737,"href":"http:\/\/spczarna.wolomin.org\/index.php?rest_route=\/wp\/v2\/posts\/3717\/revisions\/3737"}],"wp:featuredmedia":[{"embeddable":true,"href":"http:\/\/spczarna.wolomin.org\/index.php?rest_route=\/wp\/v2\/media\/3719"}],"wp:attachment":[{"href":"http:\/\/spczarna.wolomin.org\/index.php?rest_route=%2Fwp%2Fv2%2Fmedia&parent=3717"}],"wp:term":[{"taxonomy":"category","embeddable":true,"href":"http:\/\/spczarna.wolomin.org\/index.php?rest_route=%2Fwp%2Fv2%2Fcategories&post=3717"},{"taxonomy":"post_tag","embeddable":true,"href":"http:\/\/spczarna.wolomin.org\/index.php?rest_route=%2Fwp%2Fv2%2Ftags&post=3717"}],"curies":[{"name":"wp","href":"https:\/\/api.w.org\/{rel}","templated":true}]}}