{"id":389,"date":"2021-02-25T13:46:00","date_gmt":"2021-02-25T13:46:00","guid":{"rendered":"http:\/\/spczarna.wolomin.org\/?p=389"},"modified":"2021-02-25T13:46:03","modified_gmt":"2021-02-25T13:46:03","slug":"patroni-roku-2021","status":"publish","type":"post","link":"http:\/\/spczarna.wolomin.org\/?p=389","title":{"rendered":"PATRONI ROKU 2021"},"content":{"rendered":"\n<p>Sejm RP przyj\u0105\u0142 uchwa\u0142\u0119 ustanowienia roku 2021 Rokiem&nbsp;Stanis\u0142awa Lema, Cypriana Kamila Norwida, Krzysztofa Kamila Baczy\u0144skiego i Tadeusza R\u00f3\u017cewicza. Rok 2021 b\u0119dzie tak\u017ce rokiem Konstytucji 3 Maja i kardyna\u0142a Stefana Wyszy\u0144skiego.<\/p>\n\n\n\n<p><strong>STANIS\u0141AW LEM &#8211; 100. rocznica urodzin (1921 &#8211; 2006)<\/strong><\/p>\n\n\n\n<p>Pisarz uznawany za najwybitniejszego przedstawiciela&nbsp;polskiej fantastyki w swoich rozwa\u017caniach nad kondycj\u0105 wsp\u00f3\u0142czesnego cz\u0142owieka, skutkami post\u0119pu technicznego i cywilizacyjnego dostrzega\u0142 wiele zagadnie\u0144&nbsp; wa\u017cnych dla kultury. Jego prace teoretyczne i prognozy futurologiczne maj\u0105 znacz\u0105cy wp\u0142yw na definiowanie miejsca ludzko\u015bci we wszech\u015bwiecie i prognozowanie jej losu.<\/p>\n\n\n\n<p><strong>CYPRIAN KAMIL NORWID &#8211; 200. rocznica urodzin (1821 &#8211; 1883)<\/strong><\/p>\n\n\n\n<p>By\u0142 poet\u0105, dramatopisarzem, prozaikiem i my\u015blicielem, a tak\u017ce artyst\u0105 sztuk pi\u0119knych.&nbsp;Tw\u00f3rczo\u015b\u0107 Norwida, nierozumiana przez mu wsp\u00f3\u0142czesnych, zosta\u0142a odkryta na nowo dopiero w XX w. &nbsp;Poeta odwo\u0142ywa\u0142 si\u0119 do narodowej i og\u00f3lno-europejskiej tradycji, a zarazem by\u0142 odwa\u017cnym nowatorem. Na zawsze wesz\u0142y do zbiorowej \u015bwiadomo\u015bci &nbsp;jego frazy, jak ta: \u201eOjczyzna to wielki, zbiorowy obowi\u0105zek\u201d.<\/p>\n\n\n\n<p><strong>KRZYSZTOF KAMIL BACZY\u0143SKI<\/strong> &#8211; <strong>100. rocznica urodzin poety (1921-1944)<\/strong> Jeden z najwybitniejszych przedstawicieli poet\u00f3w pokolenia Kolumb\u00f3w, kt\u00f3re swoje \u017cycie po\u015bwi\u0119ci\u0142o Ojczy\u017anie. Po\u015bmiertnie zosta\u0142 odznaczony Krzy\u017cem Armii Krajowej, otrzyma\u0142 r\u00f3wnie\u017c Krzy\u017c Komandorski Orderu Odrodzenia Polski za wybitne zas\u0142ugi dla niepodleg\u0142o\u015bci Rzeczypospolitej Polskiej oraz osi\u0105gni\u0119cia w dzia\u0142alno\u015bci na rzecz rozwoju polskiej kultury.&nbsp;<\/p>\n\n\n\n<p>&nbsp;<strong>TADEUSZ R\u00d3\u017bEWICZ &#8211; 100. rocznica urodzin (1921 -2014)<\/strong><\/p>\n\n\n\n<p>Poeta, dramaturg, prozaik i scenarzysta. &nbsp;Zmieni\u0142 polsk\u0105 poezj\u0119 i nada\u0142 jej now\u0105 form\u0119. G\u0142\u0119boko zwi\u0105za\u0142 si\u0119 z losem pokolenia wojennego. Po prze\u017cyciu ludob\u00f3jstwa, okrucie\u0144stwa wojny i Holocaustu stworzy\u0142 nowy j\u0119zyk poezji.&nbsp; By\u0142 pe\u0142en czu\u0142o\u015bci dla \u015bwiata i empatii dla szarego cz\u0142owieka &#8211; bohatera. Poprzez now\u0105 poetyck\u0105 form\u0119 precyzyjnie definiowa\u0142 kryzys wsp\u00f3\u0142czesnego \u015bwiata jak i rozdarcie wsp\u00f3\u0142czesnego cz\u0142owieka.<\/p>\n\n\n\n<p><strong>STEFAN WYSZY\u0143SKI (1901-1981)<\/strong> &nbsp;&#8211; <strong>40. rocznica \u015bmierci, a tak\u017ce 120. urodzin duchownego.<\/strong><\/p>\n\n\n\n<p>Prymas Tysi\u0105clecia by\u0142 g\u0142osicielem uniwersalnych warto\u015bci chrze\u015bcija\u0144skich i m\u0119\u017cem stanu. Wyst\u0119powa\u0142 w imieniu Ojczyzny, domagaj\u0105c si\u0119 od komunistycznych w\u0142adz poszanowania wolno\u015bci religijnej i broni\u0105c polskiej kultury. Wyszy\u0144ski podkre\u015bla\u0142 konieczno\u015b\u0107 zrozumienia znaczenia wolno\u015bci Narodu.<\/p>\n\n\n\n<p>2021&nbsp;b\u0119dzie te\u017c <strong>Rokiem<\/strong>&nbsp;<strong>Konstytucji 3&nbsp;Maja<\/strong>&nbsp;i&nbsp;czasem refleksji nad&nbsp;jej dziedzictwem wsp\u00f3\u0142cze\u015bnie. Uchwalony w&nbsp;1791&nbsp;r. przez&nbsp;Sejm akt wprowadzi\u0142 tr\u00f3jpodzia\u0142 w\u0142adzy, ni\u00f3s\u0142 gwarancje swob\u00f3d obywatelskich, tradycje chrze\u015bcija\u0144skie, tolerancj\u0119 i&nbsp;warto\u015bci O\u015bwiecenia. Jako pierwsza w&nbsp;Europie i&nbsp;druga na&nbsp;\u015bwiecie Ustawa Rz\u0105dowa stanowi\u0142a dow\u00f3d g\u0142\u0119bokiego patriotyzmu oraz&nbsp;zrozumienia spraw obywatelskich i&nbsp;spo\u0142ecznych. W&nbsp;tym roku przypada <strong>230.<\/strong> rocznica tej&nbsp;wa\u017cnej daty.<\/p>\n","protected":false},"excerpt":{"rendered":"<p>Sejm RP przyj\u0105\u0142 uchwa\u0142\u0119 ustanowienia roku 2021 Rokiem&nbsp;Stanis\u0142awa Lema, Cypriana Kamila Norwida, Krzysztofa Kamila Baczy\u0144skiego i Tadeusza R\u00f3\u017cewicza. Rok 2021<\/p>\n","protected":false},"author":1,"featured_media":0,"comment_status":"closed","ping_status":"closed","sticky":false,"template":"","format":"standard","meta":{"footnotes":""},"categories":[3],"tags":[],"featured_image_urls":{"full":"","thumbnail":"","medium":"","medium_large":"","large":"","1536x1536":"","2048x2048":"","colormag-highlighted-post":"","colormag-featured-post-medium":"","colormag-featured-post-small":"","colormag-featured-image":"","colormag-default-news":"","colormag-featured-image-large":"","colormag-elementor-block-extra-large-thumbnail":"","colormag-elementor-grid-large-thumbnail":"","colormag-elementor-grid-small-thumbnail":"","colormag-elementor-grid-medium-large-thumbnail":""},"post_excerpt_stackable":"<p>Sejm RP przyj\u0105\u0142 uchwa\u0142\u0119 ustanowienia roku 2021 Rokiem&nbsp;Stanis\u0142awa Lema, Cypriana Kamila Norwida, Krzysztofa Kamila Baczy\u0144skiego i Tadeusza R\u00f3\u017cewicza. Rok 2021 b\u0119dzie tak\u017ce rokiem Konstytucji 3 Maja i kardyna\u0142a Stefana Wyszy\u0144skiego. STANIS\u0141AW LEM &#8211; 100. rocznica urodzin (1921 &#8211; 2006) Pisarz uznawany za najwybitniejszego przedstawiciela&nbsp;polskiej fantastyki w swoich rozwa\u017caniach nad kondycj\u0105 wsp\u00f3\u0142czesnego cz\u0142owieka, skutkami post\u0119pu technicznego i cywilizacyjnego dostrzega\u0142 wiele zagadnie\u0144&nbsp; wa\u017cnych dla kultury. Jego prace teoretyczne i prognozy futurologiczne maj\u0105 znacz\u0105cy wp\u0142yw na definiowanie miejsca ludzko\u015bci we wszech\u015bwiecie i prognozowanie jej losu. CYPRIAN KAMIL NORWID &#8211; 200. rocznica urodzin (1821 &#8211; 1883) By\u0142 poet\u0105, dramatopisarzem, prozaikiem i my\u015blicielem, a tak\u017ce&hellip;<\/p>\n","category_list":"<a href=\"http:\/\/spczarna.wolomin.org\/?cat=3\" rel=\"category\">Aktualno\u015bci<\/a>","author_info":{"name":"admin","url":"http:\/\/spczarna.wolomin.org\/?author=1"},"comments_num":"0 comments","_links":{"self":[{"href":"http:\/\/spczarna.wolomin.org\/index.php?rest_route=\/wp\/v2\/posts\/389"}],"collection":[{"href":"http:\/\/spczarna.wolomin.org\/index.php?rest_route=\/wp\/v2\/posts"}],"about":[{"href":"http:\/\/spczarna.wolomin.org\/index.php?rest_route=\/wp\/v2\/types\/post"}],"author":[{"embeddable":true,"href":"http:\/\/spczarna.wolomin.org\/index.php?rest_route=\/wp\/v2\/users\/1"}],"replies":[{"embeddable":true,"href":"http:\/\/spczarna.wolomin.org\/index.php?rest_route=%2Fwp%2Fv2%2Fcomments&post=389"}],"version-history":[{"count":1,"href":"http:\/\/spczarna.wolomin.org\/index.php?rest_route=\/wp\/v2\/posts\/389\/revisions"}],"predecessor-version":[{"id":390,"href":"http:\/\/spczarna.wolomin.org\/index.php?rest_route=\/wp\/v2\/posts\/389\/revisions\/390"}],"wp:attachment":[{"href":"http:\/\/spczarna.wolomin.org\/index.php?rest_route=%2Fwp%2Fv2%2Fmedia&parent=389"}],"wp:term":[{"taxonomy":"category","embeddable":true,"href":"http:\/\/spczarna.wolomin.org\/index.php?rest_route=%2Fwp%2Fv2%2Fcategories&post=389"},{"taxonomy":"post_tag","embeddable":true,"href":"http:\/\/spczarna.wolomin.org\/index.php?rest_route=%2Fwp%2Fv2%2Ftags&post=389"}],"curies":[{"name":"wp","href":"https:\/\/api.w.org\/{rel}","templated":true}]}}