{"id":406,"date":"2021-03-12T14:14:21","date_gmt":"2021-03-12T14:14:21","guid":{"rendered":"http:\/\/spczarna.wolomin.org\/?p=406"},"modified":"2021-03-12T14:16:56","modified_gmt":"2021-03-12T14:16:56","slug":"nauka-hybrydowa-w-klasach-i-iii-szkol-podstawowych-w-wojewodztwie-mazowieckim-od-15-do-28-marca","status":"publish","type":"post","link":"http:\/\/spczarna.wolomin.org\/?p=406","title":{"rendered":"Nauka hybrydowa w klasach I-III szk\u00f3\u0142 podstawowych w wojew\u00f3dztwie mazowieckim od 15 do 28 marca"},"content":{"rendered":"\n<p>W zwi\u0105zku z zapowiedzi\u0105 wprowadzenia nowych obostrze\u0144 sanitarnych od dnia 15 marca 2021 r. m.in. na terenie wojew\u00f3dztwa mazowieckiego, w klasach I-III szk\u00f3\u0142 podstawowych zostanie wprowadzona nauka hybrydowa.<br>Zgodnie z wytycznymi Kuratorium O\u015bwiaty w Warszawie w naszej szkole zaj\u0119cia b\u0119d\u0105 odbywa\u0142y si\u0119 wg nast\u0119puj\u0105cego harmonogramu:<\/p>\n\n\n\n<p><br><strong>w dniach 15-19 marca<\/strong><br>Uczniowie klas I A, II A, III A b\u0119d\u0105 mie\u0107 zaj\u0119cia w budynku szko\u0142y<br>Uczniowie klas I B, II B, III B b\u0119d\u0105 mie\u0107 lekcje zdalnie<\/p>\n\n\n\n<p><br><strong>w dniach 22-26 marca<\/strong><br>Uczniowie klas I A, II A, III A b\u0119d\u0105 mie\u0107 lekcje zdalnie<br>Uczniowie klas I B, II B, III B b\u0119d\u0105 mie\u0107 zaj\u0119cia w budynku szko\u0142y<\/p>\n\n\n\n<p><br>Obiady b\u0119d\u0105 wydawane na dotychczasowych zasadach tzn. dzieci ucz\u0119szczaj\u0105ce na zaj\u0119cia stacjonarnie jedz\u0105 w szkole a dla dzieci maj\u0105cych lekcje zdalnie rodzice mog\u0105 odbiera\u0107 posi\u0142ki na wynos.<\/p>\n\n\n\n<p><br>Dzieciom zapisanym na \u015bwietlic\u0119 szko\u0142a zapewnia opiek\u0119.<\/p>\n\n\n\n<p><br>Zaj\u0119cia z pedagogami, psychologiem i logoped\u0105 odbywaj\u0105 si\u0119 na terenie szko\u0142y wed\u0142ug powy\u017cszego harmonogramu.<\/p>\n\n\n\n<p><br>Pozaszkolne zaj\u0119cia dodatkowe (j\u0119zyk angielski, karate, akrobatyka) b\u0119d\u0105 prowadzone bez zmian, z zaznaczeniem, \u017ce uczniowie przychodz\u0105 na zaj\u0119cia z domu.<\/p>\n\n\n\n<p><br>Uczniowie klas I-III otrzymali o\u015bwiadczenie, kt\u00f3re rodzice s\u0105 zobowi\u0105zani wype\u0142nia\u0107 ka\u017cdego dnia i okaza\u0107 przed wej\u015bciem dziecka do szko\u0142y.<\/p>\n","protected":false},"excerpt":{"rendered":"<p>W zwi\u0105zku z zapowiedzi\u0105 wprowadzenia nowych obostrze\u0144 sanitarnych od dnia 15 marca 2021 r. m.in. na terenie wojew\u00f3dztwa mazowieckiego, w<\/p>\n","protected":false},"author":1,"featured_media":408,"comment_status":"closed","ping_status":"closed","sticky":false,"template":"","format":"standard","meta":{"footnotes":""},"categories":[3],"tags":[],"featured_image_urls":{"full":["http:\/\/spczarna.wolomin.org\/wp-content\/uploads\/2021\/03\/729x308.jpg",729,308,false],"thumbnail":["http:\/\/spczarna.wolomin.org\/wp-content\/uploads\/2021\/03\/729x308-150x150.jpg",150,150,true],"medium":["http:\/\/spczarna.wolomin.org\/wp-content\/uploads\/2021\/03\/729x308-300x127.jpg",300,127,true],"medium_large":["http:\/\/spczarna.wolomin.org\/wp-content\/uploads\/2021\/03\/729x308.jpg",729,308,false],"large":["http:\/\/spczarna.wolomin.org\/wp-content\/uploads\/2021\/03\/729x308.jpg",729,308,false],"1536x1536":["http:\/\/spczarna.wolomin.org\/wp-content\/uploads\/2021\/03\/729x308.jpg",729,308,false],"2048x2048":["http:\/\/spczarna.wolomin.org\/wp-content\/uploads\/2021\/03\/729x308.jpg",729,308,false],"colormag-highlighted-post":["http:\/\/spczarna.wolomin.org\/wp-content\/uploads\/2021\/03\/729x308-392x272.jpg",392,272,true],"colormag-featured-post-medium":["http:\/\/spczarna.wolomin.org\/wp-content\/uploads\/2021\/03\/729x308-390x205.jpg",390,205,true],"colormag-featured-post-small":["http:\/\/spczarna.wolomin.org\/wp-content\/uploads\/2021\/03\/729x308-130x90.jpg",130,90,true],"colormag-featured-image":["http:\/\/spczarna.wolomin.org\/wp-content\/uploads\/2021\/03\/729x308.jpg",729,308,false],"colormag-default-news":["http:\/\/spczarna.wolomin.org\/wp-content\/uploads\/2021\/03\/729x308.jpg",150,63,false],"colormag-featured-image-large":["http:\/\/spczarna.wolomin.org\/wp-content\/uploads\/2021\/03\/729x308.jpg",729,308,false],"colormag-elementor-block-extra-large-thumbnail":["http:\/\/spczarna.wolomin.org\/wp-content\/uploads\/2021\/03\/729x308.jpg",729,308,false],"colormag-elementor-grid-large-thumbnail":["http:\/\/spczarna.wolomin.org\/wp-content\/uploads\/2021\/03\/729x308.jpg",600,253,false],"colormag-elementor-grid-small-thumbnail":["http:\/\/spczarna.wolomin.org\/wp-content\/uploads\/2021\/03\/729x308.jpg",285,120,false],"colormag-elementor-grid-medium-large-thumbnail":["http:\/\/spczarna.wolomin.org\/wp-content\/uploads\/2021\/03\/729x308.jpg",469,198,false]},"post_excerpt_stackable":"<p>W zwi\u0105zku z zapowiedzi\u0105 wprowadzenia nowych obostrze\u0144 sanitarnych od dnia 15 marca 2021 r. m.in. na terenie wojew\u00f3dztwa mazowieckiego, w klasach I-III szk\u00f3\u0142 podstawowych zostanie wprowadzona nauka hybrydowa.Zgodnie z wytycznymi Kuratorium O\u015bwiaty w Warszawie w naszej szkole zaj\u0119cia b\u0119d\u0105 odbywa\u0142y si\u0119 wg nast\u0119puj\u0105cego harmonogramu: w dniach 15-19 marcaUczniowie klas I A, II A, III A b\u0119d\u0105 mie\u0107 zaj\u0119cia w budynku szko\u0142yUczniowie klas I B, II B, III B b\u0119d\u0105 mie\u0107 lekcje zdalnie w dniach 22-26 marcaUczniowie klas I A, II A, III A b\u0119d\u0105 mie\u0107 lekcje zdalnieUczniowie klas I B, II B, III B b\u0119d\u0105 mie\u0107 zaj\u0119cia w budynku szko\u0142y&hellip;<\/p>\n","category_list":"<a href=\"http:\/\/spczarna.wolomin.org\/?cat=3\" rel=\"category\">Aktualno\u015bci<\/a>","author_info":{"name":"admin","url":"http:\/\/spczarna.wolomin.org\/?author=1"},"comments_num":"0 comments","_links":{"self":[{"href":"http:\/\/spczarna.wolomin.org\/index.php?rest_route=\/wp\/v2\/posts\/406"}],"collection":[{"href":"http:\/\/spczarna.wolomin.org\/index.php?rest_route=\/wp\/v2\/posts"}],"about":[{"href":"http:\/\/spczarna.wolomin.org\/index.php?rest_route=\/wp\/v2\/types\/post"}],"author":[{"embeddable":true,"href":"http:\/\/spczarna.wolomin.org\/index.php?rest_route=\/wp\/v2\/users\/1"}],"replies":[{"embeddable":true,"href":"http:\/\/spczarna.wolomin.org\/index.php?rest_route=%2Fwp%2Fv2%2Fcomments&post=406"}],"version-history":[{"count":1,"href":"http:\/\/spczarna.wolomin.org\/index.php?rest_route=\/wp\/v2\/posts\/406\/revisions"}],"predecessor-version":[{"id":407,"href":"http:\/\/spczarna.wolomin.org\/index.php?rest_route=\/wp\/v2\/posts\/406\/revisions\/407"}],"wp:featuredmedia":[{"embeddable":true,"href":"http:\/\/spczarna.wolomin.org\/index.php?rest_route=\/wp\/v2\/media\/408"}],"wp:attachment":[{"href":"http:\/\/spczarna.wolomin.org\/index.php?rest_route=%2Fwp%2Fv2%2Fmedia&parent=406"}],"wp:term":[{"taxonomy":"category","embeddable":true,"href":"http:\/\/spczarna.wolomin.org\/index.php?rest_route=%2Fwp%2Fv2%2Fcategories&post=406"},{"taxonomy":"post_tag","embeddable":true,"href":"http:\/\/spczarna.wolomin.org\/index.php?rest_route=%2Fwp%2Fv2%2Ftags&post=406"}],"curies":[{"name":"wp","href":"https:\/\/api.w.org\/{rel}","templated":true}]}}