{"id":4246,"date":"2024-08-07T19:14:03","date_gmt":"2024-08-07T19:14:03","guid":{"rendered":"http:\/\/spczarna.wolomin.org\/?p=4246"},"modified":"2024-08-07T19:15:35","modified_gmt":"2024-08-07T19:15:35","slug":"zaproszenie-3","status":"publish","type":"post","link":"http:\/\/spczarna.wolomin.org\/?p=4246","title":{"rendered":"Zaproszenie."},"content":{"rendered":"\t\t<div data-elementor-type=\"wp-post\" data-elementor-id=\"4246\" class=\"elementor elementor-4246\">\n\t\t\t\t\t\t<section class=\"elementor-section elementor-top-section elementor-element elementor-element-6934316 elementor-section-boxed elementor-section-height-default elementor-section-height-default\" data-id=\"6934316\" data-element_type=\"section\">\n\t\t\t\t\t\t<div class=\"elementor-container elementor-column-gap-default\">\n\t\t\t\t\t<div class=\"elementor-column elementor-col-100 elementor-top-column elementor-element elementor-element-d9504d8\" data-id=\"d9504d8\" data-element_type=\"column\">\n\t\t\t<div class=\"elementor-widget-wrap elementor-element-populated\">\n\t\t\t\t\t\t<div class=\"elementor-element elementor-element-b87de83 elementor-widget elementor-widget-text-editor\" data-id=\"b87de83\" data-element_type=\"widget\" data-widget_type=\"text-editor.default\">\n\t\t\t\t<div class=\"elementor-widget-container\">\n\t\t\t\t\t\t\t<div>Szanowni Pa\u0144stwo,<\/div><p>\u00a0<\/p><p>El\u017cbieta Radwan Burmistrz Wo\u0142omina, wsp\u00f3lnie z Muzeum Wojska Polskiego serdecznie zapraszaj\u0105 na uroczyste obchody \u015awi\u0119ta Wojska Polskiego. Wydarzenie odb\u0119dzie si\u0119 17 sierpnia w godzinach 14:00 \u2013 18:00 przed Muzeum Bitwy Warszawskiej 1920 roku w Ossowie.<br \/><br \/>To wyj\u0105tkowa okazja do oddania ho\u0142du naszym bohaterom oraz do uczestnictwa w licznych atrakcjach przygotowanych specjalnie na t\u0119 okazj\u0119.<br \/><br \/><\/p><p><b>W programie:<\/b><\/p><ul><li><b>Rekonstrukcje historyczne<\/b> &#8211; niezwykli rekonstruktorzy wciel\u0105 si\u0119 w I pu\u0142k szwole\u017cer\u00f3w J\u00f3zefa Pi\u0142sudskiego oraz \u017co\u0142nierzy z okresu wojny polsko-bolszewickiej 1919 &#8211; 1921.<\/li><li><b>Pokaz repliki samochodu pancernego Ford T<\/b> &#8211; gratka dla fan\u00f3w historii.<\/li><li><b>Pokaz wsp\u00f3\u0142czesnego sprz\u0119tu i uzbrojenia wojskowego<\/b> &#8211; mo\u017cliwo\u015b\u0107 zobaczenia z bliska nowoczesnego sprz\u0119tu u\u017cywanego przez nasze si\u0142y zbrojne.<\/li><li><b>Koncert Orkiestry Wojskowej<\/b> &#8211; zapewniaj\u0105cy muzyczn\u0105 opraw\u0119 na najwy\u017cszym poziomie.<\/li><li><b>Stoiska informacyjno-promocyjne<\/b> &#8211; instytucji, muze\u00f3w i uczelni wojskowych, idealne miejsce, aby dowiedzie\u0107 si\u0119 wi\u0119cej o historii i tradycjach polskiego wojska.<\/li><li><b>Degustacja wojskowej groch\u00f3wki<\/b> &#8211; serwowanej bezp\u0142atnie.<\/li><\/ul><p>To doskona\u0142a okazja, aby odda\u0107 ho\u0142d naszym bohaterom, sp\u0119dzi\u0107 czas w gronie rodziny i znajomych oraz pozna\u0107 fascynuj\u0105c\u0105 histori\u0119 naszego wojska. B\u0119dzie to wyj\u0105tkowe wydarzenie pe\u0142ne emocji i niezapomnianych chwil.<br \/><br \/><\/p><p>Do zobaczenia w Ossowie.<br \/><br \/><\/p><p>Link do wydarzenia: <a href=\"https:\/\/www.facebook.com\/events\/420393767696051\/?rdid=3fTEgpEO9IOKzN3I&amp;share_url=https%3A%2F%2Fwww.facebook.com%2Fshare%2Fc1utudHMBXeRAaTZ%2F\" target=\"_blank\" rel=\"noopener noreferrer\"> Wydarzenie na Facebooku<\/a><\/p>\t\t\t\t\t\t<\/div>\n\t\t\t\t<\/div>\n\t\t\t\t\t<\/div>\n\t\t<\/div>\n\t\t\t\t\t<\/div>\n\t\t<\/section>\n\t\t\t\t<section class=\"elementor-section elementor-top-section elementor-element elementor-element-5ea1760 elementor-section-boxed elementor-section-height-default elementor-section-height-default\" data-id=\"5ea1760\" data-element_type=\"section\">\n\t\t\t\t\t\t<div class=\"elementor-container elementor-column-gap-default\">\n\t\t\t\t\t<div class=\"elementor-column elementor-col-100 elementor-top-column elementor-element elementor-element-788cfb3\" data-id=\"788cfb3\" data-element_type=\"column\">\n\t\t\t<div class=\"elementor-widget-wrap elementor-element-populated\">\n\t\t\t\t\t\t<div class=\"elementor-element elementor-element-fc46d1f elementor-widget elementor-widget-image\" data-id=\"fc46d1f\" data-element_type=\"widget\" data-widget_type=\"image.default\">\n\t\t\t\t<div class=\"elementor-widget-container\">\n\t\t\t\t\t\t\t\t\t\t\t\t\t<img fetchpriority=\"high\" decoding=\"async\" width=\"315\" height=\"445\" src=\"http:\/\/spczarna.wolomin.org\/wp-content\/uploads\/2024\/08\/PLAKAT-OSSOW-2024-A-3-DRUK.jpg\" class=\"attachment-full size-full wp-image-4248\" alt=\"\" srcset=\"http:\/\/spczarna.wolomin.org\/wp-content\/uploads\/2024\/08\/PLAKAT-OSSOW-2024-A-3-DRUK.jpg 315w, http:\/\/spczarna.wolomin.org\/wp-content\/uploads\/2024\/08\/PLAKAT-OSSOW-2024-A-3-DRUK-212x300.jpg 212w\" sizes=\"(max-width: 315px) 100vw, 315px\" \/>\t\t\t\t\t\t\t\t\t\t\t\t\t<\/div>\n\t\t\t\t<\/div>\n\t\t\t\t\t<\/div>\n\t\t<\/div>\n\t\t\t\t\t<\/div>\n\t\t<\/section>\n\t\t\t\t<\/div>\n\t\t","protected":false},"excerpt":{"rendered":"<p>Szanowni Pa\u0144stwo, \u00a0 El\u017cbieta Radwan Burmistrz Wo\u0142omina, wsp\u00f3lnie z Muzeum Wojska Polskiego serdecznie zapraszaj\u0105 na uroczyste obchody \u015awi\u0119ta Wojska Polskiego.<\/p>\n","protected":false},"author":6,"featured_media":4249,"comment_status":"closed","ping_status":"closed","sticky":false,"template":"","format":"standard","meta":{"footnotes":""},"categories":[1],"tags":[],"featured_image_urls":{"full":["http:\/\/spczarna.wolomin.org\/wp-content\/uploads\/2024\/08\/Projekt-bez-nazwy-14.jpg",623,445,false],"thumbnail":["http:\/\/spczarna.wolomin.org\/wp-content\/uploads\/2024\/08\/Projekt-bez-nazwy-14-150x150.jpg",150,150,true],"medium":["http:\/\/spczarna.wolomin.org\/wp-content\/uploads\/2024\/08\/Projekt-bez-nazwy-14-300x214.jpg",300,214,true],"medium_large":["http:\/\/spczarna.wolomin.org\/wp-content\/uploads\/2024\/08\/Projekt-bez-nazwy-14.jpg",623,445,false],"large":["http:\/\/spczarna.wolomin.org\/wp-content\/uploads\/2024\/08\/Projekt-bez-nazwy-14.jpg",623,445,false],"1536x1536":["http:\/\/spczarna.wolomin.org\/wp-content\/uploads\/2024\/08\/Projekt-bez-nazwy-14.jpg",623,445,false],"2048x2048":["http:\/\/spczarna.wolomin.org\/wp-content\/uploads\/2024\/08\/Projekt-bez-nazwy-14.jpg",623,445,false],"colormag-highlighted-post":["http:\/\/spczarna.wolomin.org\/wp-content\/uploads\/2024\/08\/Projekt-bez-nazwy-14-392x272.jpg",392,272,true],"colormag-featured-post-medium":["http:\/\/spczarna.wolomin.org\/wp-content\/uploads\/2024\/08\/Projekt-bez-nazwy-14-390x205.jpg",390,205,true],"colormag-featured-post-small":["http:\/\/spczarna.wolomin.org\/wp-content\/uploads\/2024\/08\/Projekt-bez-nazwy-14-130x90.jpg",130,90,true],"colormag-featured-image":["http:\/\/spczarna.wolomin.org\/wp-content\/uploads\/2024\/08\/Projekt-bez-nazwy-14.jpg",623,445,false],"colormag-default-news":["http:\/\/spczarna.wolomin.org\/wp-content\/uploads\/2024\/08\/Projekt-bez-nazwy-14-150x150.jpg",150,150,true],"colormag-featured-image-large":["http:\/\/spczarna.wolomin.org\/wp-content\/uploads\/2024\/08\/Projekt-bez-nazwy-14.jpg",623,445,false],"colormag-elementor-block-extra-large-thumbnail":["http:\/\/spczarna.wolomin.org\/wp-content\/uploads\/2024\/08\/Projekt-bez-nazwy-14.jpg",623,445,false],"colormag-elementor-grid-large-thumbnail":["http:\/\/spczarna.wolomin.org\/wp-content\/uploads\/2024\/08\/Projekt-bez-nazwy-14-600x417.jpg",600,417,true],"colormag-elementor-grid-small-thumbnail":["http:\/\/spczarna.wolomin.org\/wp-content\/uploads\/2024\/08\/Projekt-bez-nazwy-14-285x445.jpg",285,445,true],"colormag-elementor-grid-medium-large-thumbnail":["http:\/\/spczarna.wolomin.org\/wp-content\/uploads\/2024\/08\/Projekt-bez-nazwy-14-575x198.jpg",575,198,true]},"post_excerpt_stackable":"<p>Szanowni Pa\u0144stwo,\u00a0El\u017cbieta Radwan Burmistrz Wo\u0142omina, wsp\u00f3lnie z Muzeum Wojska Polskiego serdecznie zapraszaj\u0105 na uroczyste obchody \u015awi\u0119ta Wojska Polskiego. Wydarzenie odb\u0119dzie si\u0119 17 sierpnia w godzinach 14:00 \u2013 18:00 przed Muzeum Bitwy Warszawskiej 1920 roku w Ossowie.To wyj\u0105tkowa okazja do oddania ho\u0142du naszym bohaterom oraz do uczestnictwa w licznych atrakcjach przygotowanych specjalnie na t\u0119 okazj\u0119.W programie:Rekonstrukcje historyczne &#8211; niezwykli rekonstruktorzy wciel\u0105 si\u0119 w I pu\u0142k szwole\u017cer\u00f3w J\u00f3zefa Pi\u0142sudskiego oraz \u017co\u0142nierzy z okresu wojny polsko-bolszewickiej 1919 &#8211; 1921.Pokaz repliki samochodu pancernego Ford T &#8211; gratka dla fan\u00f3w historii.Pokaz wsp\u00f3\u0142czesnego sprz\u0119tu i uzbrojenia wojskowego &#8211; mo\u017cliwo\u015b\u0107 zobaczenia z bliska nowoczesnego sprz\u0119tu u\u017cywanego przez&hellip;<\/p>\n","category_list":"<a href=\"http:\/\/spczarna.wolomin.org\/?cat=1\" rel=\"category\">Uncategorized<\/a>","author_info":{"name":"Rafa\u0142 Jurewicz","url":"http:\/\/spczarna.wolomin.org\/?author=6"},"comments_num":"0 comments","_links":{"self":[{"href":"http:\/\/spczarna.wolomin.org\/index.php?rest_route=\/wp\/v2\/posts\/4246"}],"collection":[{"href":"http:\/\/spczarna.wolomin.org\/index.php?rest_route=\/wp\/v2\/posts"}],"about":[{"href":"http:\/\/spczarna.wolomin.org\/index.php?rest_route=\/wp\/v2\/types\/post"}],"author":[{"embeddable":true,"href":"http:\/\/spczarna.wolomin.org\/index.php?rest_route=\/wp\/v2\/users\/6"}],"replies":[{"embeddable":true,"href":"http:\/\/spczarna.wolomin.org\/index.php?rest_route=%2Fwp%2Fv2%2Fcomments&post=4246"}],"version-history":[{"count":4,"href":"http:\/\/spczarna.wolomin.org\/index.php?rest_route=\/wp\/v2\/posts\/4246\/revisions"}],"predecessor-version":[{"id":4252,"href":"http:\/\/spczarna.wolomin.org\/index.php?rest_route=\/wp\/v2\/posts\/4246\/revisions\/4252"}],"wp:featuredmedia":[{"embeddable":true,"href":"http:\/\/spczarna.wolomin.org\/index.php?rest_route=\/wp\/v2\/media\/4249"}],"wp:attachment":[{"href":"http:\/\/spczarna.wolomin.org\/index.php?rest_route=%2Fwp%2Fv2%2Fmedia&parent=4246"}],"wp:term":[{"taxonomy":"category","embeddable":true,"href":"http:\/\/spczarna.wolomin.org\/index.php?rest_route=%2Fwp%2Fv2%2Fcategories&post=4246"},{"taxonomy":"post_tag","embeddable":true,"href":"http:\/\/spczarna.wolomin.org\/index.php?rest_route=%2Fwp%2Fv2%2Ftags&post=4246"}],"curies":[{"name":"wp","href":"https:\/\/api.w.org\/{rel}","templated":true}]}}