{"id":4271,"date":"2024-08-26T14:45:04","date_gmt":"2024-08-26T14:45:04","guid":{"rendered":"http:\/\/spczarna.wolomin.org\/?p=4271"},"modified":"2024-08-26T14:51:20","modified_gmt":"2024-08-26T14:51:20","slug":"zaproszenie-na-warsztaty","status":"publish","type":"post","link":"http:\/\/spczarna.wolomin.org\/?p=4271","title":{"rendered":"Zaproszenie na warsztaty."},"content":{"rendered":"\t\t<div data-elementor-type=\"wp-post\" data-elementor-id=\"4271\" class=\"elementor elementor-4271\">\n\t\t\t\t\t\t<section class=\"elementor-section elementor-top-section elementor-element elementor-element-3f9fea5 elementor-section-boxed elementor-section-height-default elementor-section-height-default\" data-id=\"3f9fea5\" data-element_type=\"section\">\n\t\t\t\t\t\t<div class=\"elementor-container elementor-column-gap-default\">\n\t\t\t\t\t<div class=\"elementor-column elementor-col-100 elementor-top-column elementor-element elementor-element-b2a8b5c\" data-id=\"b2a8b5c\" data-element_type=\"column\">\n\t\t\t<div class=\"elementor-widget-wrap elementor-element-populated\">\n\t\t\t\t\t\t<div class=\"elementor-element elementor-element-790458d elementor-widget elementor-widget-text-editor\" data-id=\"790458d\" data-element_type=\"widget\" data-widget_type=\"text-editor.default\">\n\t\t\t\t<div class=\"elementor-widget-container\">\n\t\t\t\t\t\t\t<p>Mamy przyjemno\u015b\u0107 <strong>zaprosi\u0107 Uczni\u00f3w Pa\u0144stwa Szko\u0142y do wzi\u0119cia udzia\u0142u w jubileuszowej, 15. edycji \u201eKoduj z Gigantami: Cyber Przygoda w \u015bwiecie AI\u201d, czyli bezp\u0142atnych warsztatach z programowania, skierowanych do uczni\u00f3w szk\u00f3\u0142 podstawowych i \u015brednich.\u00a0<\/strong><\/p><p>\u00a0<\/p><p>W tej edycji, opr\u00f3cz dobrej zabawy i podstaw programowania, uczestnicy poznaj\u0105 tajniki sztucznej inteligencji i naucz\u0105 si\u0119, jak m\u0105drze wykorzystywa\u0107 narz\u0119dzia AI.<\/p><p>\u00a0<\/p><p>\u201eKoduj z Gigantami\u201d to organizowana przez Gigant\u00f3w Programowania og\u00f3lnopolska, spo\u0142eczna akcja edukacyjna. Celem akcji jest popularyzowanie nauki programowania w\u015br\u00f3d dzieci i m\u0142odzie\u017cy, a <strong>honorowy patronat nad wydarzeniem obj\u0119li Minister Edukacji i Nauki, Starosta Wo\u0142omi\u0144ski, Burmistrz Wo\u0142omina oraz O\u015brodek Rozwoju Edukacji.<\/strong><\/p><p><strong>\u00a0<\/strong><\/p><p>Uczniowie z Wo\u0142omina i s\u0105siednich miejscowo\u015bci b\u0119d\u0105 mieli okazj\u0119 stworzy\u0107 w\u0142asne programy i gry w nast\u0119puj\u0105cych \u015brodowiskach:<\/p><ul><li>6-7 lat: ScratchJr<\/li><li>7-9 lat: Scratch i Minecraft Education<\/li><li>10-12 lat: Scratch, Minecraft Education oraz AppInventor<\/li><li>13-15 oraz 16-18 lat: C# i Python<\/li><\/ul><p>\u00a0<\/p><p><strong>Warsztaty odb\u0119d\u0105 si\u0119 w plac\u00f3wce Giganci Programowania w Wo\u0142ominie, przy ul. Wile\u0144skiej 51b, w terminach 29-31 sierpnia oraz 7-8 i 12-15 wrze\u015bnia.<\/strong><\/p><p>\u00a0<\/p><p><strong>Zapisu mog\u0105 dokona\u0107 zainteresowani wydarzeniem Rodzice na stronie<\/strong><a href=\"https:\/\/kodujzgigantami.pl\"><strong> https:\/\/kodujzgigantami.pl<\/strong><\/a><strong> lub telefonicznie: 607 904 609.<\/strong><\/p><p>\u00a0<\/p><p>Ka\u017cdy uczestnik mo\u017ce wzi\u0105\u0107 udzia\u0142 w 2 zaj\u0119ciach trwaj\u0105cych po 90 minut. Liczba miejsc jest ograniczona!<\/p>\t\t\t\t\t\t<\/div>\n\t\t\t\t<\/div>\n\t\t\t\t\t<\/div>\n\t\t<\/div>\n\t\t\t\t\t<\/div>\n\t\t<\/section>\n\t\t\t\t<\/div>\n\t\t","protected":false},"excerpt":{"rendered":"<p>Mamy przyjemno\u015b\u0107 zaprosi\u0107 Uczni\u00f3w Pa\u0144stwa Szko\u0142y do wzi\u0119cia udzia\u0142u w jubileuszowej, 15. edycji \u201eKoduj z Gigantami: Cyber Przygoda w \u015bwiecie<\/p>\n","protected":false},"author":6,"featured_media":4273,"comment_status":"closed","ping_status":"closed","sticky":false,"template":"","format":"standard","meta":{"footnotes":""},"categories":[3],"tags":[],"featured_image_urls":{"full":["http:\/\/spczarna.wolomin.org\/wp-content\/uploads\/2024\/08\/Obowiazekszkolny-1.jpg",623,445,false],"thumbnail":["http:\/\/spczarna.wolomin.org\/wp-content\/uploads\/2024\/08\/Obowiazekszkolny-1-150x150.jpg",150,150,true],"medium":["http:\/\/spczarna.wolomin.org\/wp-content\/uploads\/2024\/08\/Obowiazekszkolny-1-300x214.jpg",300,214,true],"medium_large":["http:\/\/spczarna.wolomin.org\/wp-content\/uploads\/2024\/08\/Obowiazekszkolny-1.jpg",623,445,false],"large":["http:\/\/spczarna.wolomin.org\/wp-content\/uploads\/2024\/08\/Obowiazekszkolny-1.jpg",623,445,false],"1536x1536":["http:\/\/spczarna.wolomin.org\/wp-content\/uploads\/2024\/08\/Obowiazekszkolny-1.jpg",623,445,false],"2048x2048":["http:\/\/spczarna.wolomin.org\/wp-content\/uploads\/2024\/08\/Obowiazekszkolny-1.jpg",623,445,false],"colormag-highlighted-post":["http:\/\/spczarna.wolomin.org\/wp-content\/uploads\/2024\/08\/Obowiazekszkolny-1-392x272.jpg",392,272,true],"colormag-featured-post-medium":["http:\/\/spczarna.wolomin.org\/wp-content\/uploads\/2024\/08\/Obowiazekszkolny-1-390x205.jpg",390,205,true],"colormag-featured-post-small":["http:\/\/spczarna.wolomin.org\/wp-content\/uploads\/2024\/08\/Obowiazekszkolny-1-130x90.jpg",130,90,true],"colormag-featured-image":["http:\/\/spczarna.wolomin.org\/wp-content\/uploads\/2024\/08\/Obowiazekszkolny-1.jpg",623,445,false],"colormag-default-news":["http:\/\/spczarna.wolomin.org\/wp-content\/uploads\/2024\/08\/Obowiazekszkolny-1-150x150.jpg",150,150,true],"colormag-featured-image-large":["http:\/\/spczarna.wolomin.org\/wp-content\/uploads\/2024\/08\/Obowiazekszkolny-1.jpg",623,445,false],"colormag-elementor-block-extra-large-thumbnail":["http:\/\/spczarna.wolomin.org\/wp-content\/uploads\/2024\/08\/Obowiazekszkolny-1.jpg",623,445,false],"colormag-elementor-grid-large-thumbnail":["http:\/\/spczarna.wolomin.org\/wp-content\/uploads\/2024\/08\/Obowiazekszkolny-1-600x417.jpg",600,417,true],"colormag-elementor-grid-small-thumbnail":["http:\/\/spczarna.wolomin.org\/wp-content\/uploads\/2024\/08\/Obowiazekszkolny-1-285x445.jpg",285,445,true],"colormag-elementor-grid-medium-large-thumbnail":["http:\/\/spczarna.wolomin.org\/wp-content\/uploads\/2024\/08\/Obowiazekszkolny-1-575x198.jpg",575,198,true]},"post_excerpt_stackable":"<p>Mamy przyjemno\u015b\u0107 zaprosi\u0107 Uczni\u00f3w Pa\u0144stwa Szko\u0142y do wzi\u0119cia udzia\u0142u w jubileuszowej, 15. edycji \u201eKoduj z Gigantami: Cyber Przygoda w \u015bwiecie AI\u201d, czyli bezp\u0142atnych warsztatach z programowania, skierowanych do uczni\u00f3w szk\u00f3\u0142 podstawowych i \u015brednich.\u00a0\u00a0W tej edycji, opr\u00f3cz dobrej zabawy i podstaw programowania, uczestnicy poznaj\u0105 tajniki sztucznej inteligencji i naucz\u0105 si\u0119, jak m\u0105drze wykorzystywa\u0107 narz\u0119dzia AI.\u00a0\u201eKoduj z Gigantami\u201d to organizowana przez Gigant\u00f3w Programowania og\u00f3lnopolska, spo\u0142eczna akcja edukacyjna. Celem akcji jest popularyzowanie nauki programowania w\u015br\u00f3d dzieci i m\u0142odzie\u017cy, a honorowy patronat nad wydarzeniem obj\u0119li Minister Edukacji i Nauki, Starosta Wo\u0142omi\u0144ski, Burmistrz Wo\u0142omina oraz O\u015brodek Rozwoju Edukacji.\u00a0Uczniowie z Wo\u0142omina i s\u0105siednich miejscowo\u015bci b\u0119d\u0105 mieli&hellip;<\/p>\n","category_list":"<a href=\"http:\/\/spczarna.wolomin.org\/?cat=3\" rel=\"category\">Aktualno\u015bci<\/a>","author_info":{"name":"Rafa\u0142 Jurewicz","url":"http:\/\/spczarna.wolomin.org\/?author=6"},"comments_num":"0 comments","_links":{"self":[{"href":"http:\/\/spczarna.wolomin.org\/index.php?rest_route=\/wp\/v2\/posts\/4271"}],"collection":[{"href":"http:\/\/spczarna.wolomin.org\/index.php?rest_route=\/wp\/v2\/posts"}],"about":[{"href":"http:\/\/spczarna.wolomin.org\/index.php?rest_route=\/wp\/v2\/types\/post"}],"author":[{"embeddable":true,"href":"http:\/\/spczarna.wolomin.org\/index.php?rest_route=\/wp\/v2\/users\/6"}],"replies":[{"embeddable":true,"href":"http:\/\/spczarna.wolomin.org\/index.php?rest_route=%2Fwp%2Fv2%2Fcomments&post=4271"}],"version-history":[{"count":4,"href":"http:\/\/spczarna.wolomin.org\/index.php?rest_route=\/wp\/v2\/posts\/4271\/revisions"}],"predecessor-version":[{"id":4276,"href":"http:\/\/spczarna.wolomin.org\/index.php?rest_route=\/wp\/v2\/posts\/4271\/revisions\/4276"}],"wp:featuredmedia":[{"embeddable":true,"href":"http:\/\/spczarna.wolomin.org\/index.php?rest_route=\/wp\/v2\/media\/4273"}],"wp:attachment":[{"href":"http:\/\/spczarna.wolomin.org\/index.php?rest_route=%2Fwp%2Fv2%2Fmedia&parent=4271"}],"wp:term":[{"taxonomy":"category","embeddable":true,"href":"http:\/\/spczarna.wolomin.org\/index.php?rest_route=%2Fwp%2Fv2%2Fcategories&post=4271"},{"taxonomy":"post_tag","embeddable":true,"href":"http:\/\/spczarna.wolomin.org\/index.php?rest_route=%2Fwp%2Fv2%2Ftags&post=4271"}],"curies":[{"name":"wp","href":"https:\/\/api.w.org\/{rel}","templated":true}]}}