{"id":4288,"date":"2024-08-28T20:27:28","date_gmt":"2024-08-28T20:27:28","guid":{"rendered":"http:\/\/spczarna.wolomin.org\/?p=4288"},"modified":"2024-08-28T20:29:03","modified_gmt":"2024-08-28T20:29:03","slug":"zaproszenie-5","status":"publish","type":"post","link":"http:\/\/spczarna.wolomin.org\/?p=4288","title":{"rendered":"Zaproszenie."},"content":{"rendered":"\t\t<div data-elementor-type=\"wp-post\" data-elementor-id=\"4288\" class=\"elementor elementor-4288\">\n\t\t\t\t\t\t<section class=\"elementor-section elementor-top-section elementor-element elementor-element-abc9a95 elementor-section-boxed elementor-section-height-default elementor-section-height-default\" data-id=\"abc9a95\" data-element_type=\"section\">\n\t\t\t\t\t\t<div class=\"elementor-container elementor-column-gap-default\">\n\t\t\t\t\t<div class=\"elementor-column elementor-col-100 elementor-top-column elementor-element elementor-element-7a9c360\" data-id=\"7a9c360\" data-element_type=\"column\">\n\t\t\t<div class=\"elementor-widget-wrap elementor-element-populated\">\n\t\t\t\t\t\t<div class=\"elementor-element elementor-element-dcebe89 elementor-widget elementor-widget-text-editor\" data-id=\"dcebe89\" data-element_type=\"widget\" data-widget_type=\"text-editor.default\">\n\t\t\t\t<div class=\"elementor-widget-container\">\n\t\t\t\t\t\t\t<div>Zapraszamy na Wo\u0142omi\u0144ski Mityng Biegowy!<\/div><div>Wszystkich mi\u0142o\u015bnik\u00f3w aktywno\u015bci fizycznej zapraszamy na Wo\u0142omi\u0144ski Mityng Biegowy! To sportowe wydarzenie skierowane do wszystkich, kt\u00f3rzy chc\u0105 sp\u0119dzi\u0107 czas w mi\u0142ym towarzystwie i poczu\u0107 sportowe emocje na najwy\u017cszym poziomie.<\/div><div>\u00a0<\/div><div>Do\u0142\u0105czcie do nas na stadionie, gdzie b\u0119dziecie mogli sprawdzi\u0107 swoje mo\u017cliwo\u015bci na nowoczesnej bie\u017cni O\u015brodka Sportu i Rekreacji &#8220;Huragan&#8221; w Wo\u0142ominie! Dla dzieci przygotowali\u015bmy biegi na dystansach 60, 100 i 400 metr\u00f3w, a doro\u015bli mog\u0105 spr\u00f3bowa\u0107 swoich si\u0142 na 400, 800 i 1000 metrach. Ka\u017cdy uczestnik otrzyma pami\u0105tkowy medal, kt\u00f3ry b\u0119dzie wyj\u0105tkow\u0105 pami\u0105tk\u0105 z tego wydarzenia.<\/div><div>\u00a0<\/div><div>Razem wspierajmy sport i promujmy zdrowy styl \u017cycia w naszej gminie! Zapiszcie si\u0119 ju\u017c teraz, klikaj\u0105c w link:\u00a0<a href=\"https:\/\/zapisyonline.pl\/wydarzenie\/748,wolominski-mityng-biegowy\" target=\"_blank\" rel=\"noopener\" data-saferedirecturl=\"https:\/\/www.google.com\/url?q=https:\/\/zapisyonline.pl\/wydarzenie\/748,wolominski-mityng-biegowy&amp;source=gmail&amp;ust=1724961593562000&amp;usg=AOvVaw26HdPVUuzaYAfcRRd6V8vu\">https:\/\/zapisyonline.pl\/<wbr \/>wydarzenie\/748,wolominski-<wbr \/>mityng-biegowy<\/a>\u00a0<\/div><div>\u00a0<\/div><div>Nie zapomnijcie r\u00f3wnie\u017c do\u0142\u0105czy\u0107 do wydarzenia na Facebooku, aby by\u0107 na bie\u017c\u0105co z informacjami. Startujemy o 10:00 \u2013 nie przegapcie tej okazji!<\/div><div>\u00a0<\/div><div>Do\u0142\u0105cz do wydarzenia na Facebooku:\u00a0<a href=\"https:\/\/www.facebook.com\/events\/2000404117096355\/\" target=\"_blank\" rel=\"noopener\" data-saferedirecturl=\"https:\/\/www.google.com\/url?q=https:\/\/www.facebook.com\/events\/2000404117096355\/&amp;source=gmail&amp;ust=1724961593562000&amp;usg=AOvVaw19XHeWbyqy2itUzYd8Xq9A\">https:\/\/www.facebook.com\/<wbr \/>events\/2000404117096355\/<\/a><\/div><div>\u00a0<\/div><div><b>Przyk\u0142adowy gotowy post do umieszczenia na stronie:\u00a0<\/b><\/div><div>Drodzy Uczniowie, Rodzice i Nauczyciele!<\/div><div>\u00a0<\/div><div>Z rado\u015bci\u0105 zapraszamy Was na Wo\u0142omi\u0144ski Mityng Biegowy \u2013 sportowe wydarzenie, kt\u00f3re odb\u0119dzie si\u0119 ju\u017c wkr\u00f3tce na naszym stadionie!\u00a0To doskona\u0142a okazja, by wsp\u00f3lnie sp\u0119dzi\u0107 czas, poczu\u0107 sportowe emocje i sprawdzi\u0107 swoje si\u0142y na nowoczesnej bie\u017cni.<\/div><div>\u00a0<\/div><div>Dla dzieci przygotowali\u015bmy biegi na dystansach 60, 100 i 400 metr\u00f3w, a dla doros\u0142ych na 400, 800 i 1000 metr\u00f3w. Ka\u017cdy uczestnik otrzyma pami\u0105tkowy medal!\u00a0<\/div><div>\u00a0<\/div><div>To \u015bwietna zabawa dla ca\u0142ej rodziny, wi\u0119c nie zwlekajcie \u2013 zapiszcie si\u0119 ju\u017c teraz i do\u0142\u0105czcie do nas w tym sportowym \u015bwi\u0119cie!\u00a0<\/div><div>\u00a0<\/div><div>Zaczynamy o 10:00 \u2013 czekamy na Was!\u00a0<\/div><div>Link do zapis\u00f3w:\u00a0<a href=\"https:\/\/zapisyonline.pl\/wydarzenie\/748,wolominski-mityng-biegowy\" target=\"_blank\" rel=\"noopener\" data-saferedirecturl=\"https:\/\/www.google.com\/url?q=https:\/\/zapisyonline.pl\/wydarzenie\/748,wolominski-mityng-biegowy&amp;source=gmail&amp;ust=1724961593562000&amp;usg=AOvVaw26HdPVUuzaYAfcRRd6V8vu\">https:\/\/zapisyonline.pl\/<wbr \/>wydarzenie\/748,wolominski-<wbr \/>mityng-biegowy<\/a>\u00a0<\/div><div>Do\u0142\u0105cz do wydarzenia na Facebooku:\u00a0<a href=\"https:\/\/www.facebook.com\/events\/2000404117096355\/\" target=\"_blank\" rel=\"noopener\" data-saferedirecturl=\"https:\/\/www.google.com\/url?q=https:\/\/www.facebook.com\/events\/2000404117096355\/&amp;source=gmail&amp;ust=1724961593562000&amp;usg=AOvVaw19XHeWbyqy2itUzYd8Xq9A\">https:\/\/www.facebook.com\/<wbr \/>events\/2000404117096355\/<\/a><\/div><div>\u00a0<\/div><div>Widzimy si\u0119 na starcie!<\/div>\t\t\t\t\t\t<\/div>\n\t\t\t\t<\/div>\n\t\t\t\t\t<\/div>\n\t\t<\/div>\n\t\t\t\t\t<\/div>\n\t\t<\/section>\n\t\t\t\t<\/div>\n\t\t","protected":false},"excerpt":{"rendered":"<p>Zapraszamy na Wo\u0142omi\u0144ski Mityng Biegowy!Wszystkich mi\u0142o\u015bnik\u00f3w aktywno\u015bci fizycznej zapraszamy na Wo\u0142omi\u0144ski Mityng Biegowy! To sportowe wydarzenie skierowane do wszystkich, kt\u00f3rzy<\/p>\n","protected":false},"author":6,"featured_media":4290,"comment_status":"closed","ping_status":"closed","sticky":false,"template":"","format":"standard","meta":{"footnotes":""},"categories":[3],"tags":[],"featured_image_urls":{"full":["http:\/\/spczarna.wolomin.org\/wp-content\/uploads\/2024\/08\/Projekt-bez-nazwy-16.jpg",623,445,false],"thumbnail":["http:\/\/spczarna.wolomin.org\/wp-content\/uploads\/2024\/08\/Projekt-bez-nazwy-16-150x150.jpg",150,150,true],"medium":["http:\/\/spczarna.wolomin.org\/wp-content\/uploads\/2024\/08\/Projekt-bez-nazwy-16-300x214.jpg",300,214,true],"medium_large":["http:\/\/spczarna.wolomin.org\/wp-content\/uploads\/2024\/08\/Projekt-bez-nazwy-16.jpg",623,445,false],"large":["http:\/\/spczarna.wolomin.org\/wp-content\/uploads\/2024\/08\/Projekt-bez-nazwy-16.jpg",623,445,false],"1536x1536":["http:\/\/spczarna.wolomin.org\/wp-content\/uploads\/2024\/08\/Projekt-bez-nazwy-16.jpg",623,445,false],"2048x2048":["http:\/\/spczarna.wolomin.org\/wp-content\/uploads\/2024\/08\/Projekt-bez-nazwy-16.jpg",623,445,false],"colormag-highlighted-post":["http:\/\/spczarna.wolomin.org\/wp-content\/uploads\/2024\/08\/Projekt-bez-nazwy-16-392x272.jpg",392,272,true],"colormag-featured-post-medium":["http:\/\/spczarna.wolomin.org\/wp-content\/uploads\/2024\/08\/Projekt-bez-nazwy-16-390x205.jpg",390,205,true],"colormag-featured-post-small":["http:\/\/spczarna.wolomin.org\/wp-content\/uploads\/2024\/08\/Projekt-bez-nazwy-16-130x90.jpg",130,90,true],"colormag-featured-image":["http:\/\/spczarna.wolomin.org\/wp-content\/uploads\/2024\/08\/Projekt-bez-nazwy-16.jpg",623,445,false],"colormag-default-news":["http:\/\/spczarna.wolomin.org\/wp-content\/uploads\/2024\/08\/Projekt-bez-nazwy-16-150x150.jpg",150,150,true],"colormag-featured-image-large":["http:\/\/spczarna.wolomin.org\/wp-content\/uploads\/2024\/08\/Projekt-bez-nazwy-16.jpg",623,445,false],"colormag-elementor-block-extra-large-thumbnail":["http:\/\/spczarna.wolomin.org\/wp-content\/uploads\/2024\/08\/Projekt-bez-nazwy-16.jpg",623,445,false],"colormag-elementor-grid-large-thumbnail":["http:\/\/spczarna.wolomin.org\/wp-content\/uploads\/2024\/08\/Projekt-bez-nazwy-16-600x417.jpg",600,417,true],"colormag-elementor-grid-small-thumbnail":["http:\/\/spczarna.wolomin.org\/wp-content\/uploads\/2024\/08\/Projekt-bez-nazwy-16-285x445.jpg",285,445,true],"colormag-elementor-grid-medium-large-thumbnail":["http:\/\/spczarna.wolomin.org\/wp-content\/uploads\/2024\/08\/Projekt-bez-nazwy-16-575x198.jpg",575,198,true]},"post_excerpt_stackable":"<p>Zapraszamy na Wo\u0142omi\u0144ski Mityng Biegowy!Wszystkich mi\u0142o\u015bnik\u00f3w aktywno\u015bci fizycznej zapraszamy na Wo\u0142omi\u0144ski Mityng Biegowy! To sportowe wydarzenie skierowane do wszystkich, kt\u00f3rzy chc\u0105 sp\u0119dzi\u0107 czas w mi\u0142ym towarzystwie i poczu\u0107 sportowe emocje na najwy\u017cszym poziomie.\u00a0Do\u0142\u0105czcie do nas na stadionie, gdzie b\u0119dziecie mogli sprawdzi\u0107 swoje mo\u017cliwo\u015bci na nowoczesnej bie\u017cni O\u015brodka Sportu i Rekreacji &#8220;Huragan&#8221; w Wo\u0142ominie! Dla dzieci przygotowali\u015bmy biegi na dystansach 60, 100 i 400 metr\u00f3w, a doro\u015bli mog\u0105 spr\u00f3bowa\u0107 swoich si\u0142 na 400, 800 i 1000 metrach. Ka\u017cdy uczestnik otrzyma pami\u0105tkowy medal, kt\u00f3ry b\u0119dzie wyj\u0105tkow\u0105 pami\u0105tk\u0105 z tego wydarzenia.\u00a0Razem wspierajmy sport i promujmy zdrowy styl \u017cycia w naszej gminie! Zapiszcie si\u0119&hellip;<\/p>\n","category_list":"<a href=\"http:\/\/spczarna.wolomin.org\/?cat=3\" rel=\"category\">Aktualno\u015bci<\/a>","author_info":{"name":"Rafa\u0142 Jurewicz","url":"http:\/\/spczarna.wolomin.org\/?author=6"},"comments_num":"0 comments","_links":{"self":[{"href":"http:\/\/spczarna.wolomin.org\/index.php?rest_route=\/wp\/v2\/posts\/4288"}],"collection":[{"href":"http:\/\/spczarna.wolomin.org\/index.php?rest_route=\/wp\/v2\/posts"}],"about":[{"href":"http:\/\/spczarna.wolomin.org\/index.php?rest_route=\/wp\/v2\/types\/post"}],"author":[{"embeddable":true,"href":"http:\/\/spczarna.wolomin.org\/index.php?rest_route=\/wp\/v2\/users\/6"}],"replies":[{"embeddable":true,"href":"http:\/\/spczarna.wolomin.org\/index.php?rest_route=%2Fwp%2Fv2%2Fcomments&post=4288"}],"version-history":[{"count":4,"href":"http:\/\/spczarna.wolomin.org\/index.php?rest_route=\/wp\/v2\/posts\/4288\/revisions"}],"predecessor-version":[{"id":4293,"href":"http:\/\/spczarna.wolomin.org\/index.php?rest_route=\/wp\/v2\/posts\/4288\/revisions\/4293"}],"wp:featuredmedia":[{"embeddable":true,"href":"http:\/\/spczarna.wolomin.org\/index.php?rest_route=\/wp\/v2\/media\/4290"}],"wp:attachment":[{"href":"http:\/\/spczarna.wolomin.org\/index.php?rest_route=%2Fwp%2Fv2%2Fmedia&parent=4288"}],"wp:term":[{"taxonomy":"category","embeddable":true,"href":"http:\/\/spczarna.wolomin.org\/index.php?rest_route=%2Fwp%2Fv2%2Fcategories&post=4288"},{"taxonomy":"post_tag","embeddable":true,"href":"http:\/\/spczarna.wolomin.org\/index.php?rest_route=%2Fwp%2Fv2%2Ftags&post=4288"}],"curies":[{"name":"wp","href":"https:\/\/api.w.org\/{rel}","templated":true}]}}