{"id":4324,"date":"2024-09-05T18:47:10","date_gmt":"2024-09-05T18:47:10","guid":{"rendered":"http:\/\/spczarna.wolomin.org\/?p=4324"},"modified":"2024-09-05T18:48:17","modified_gmt":"2024-09-05T18:48:17","slug":"dolacz-do-akcji","status":"publish","type":"post","link":"http:\/\/spczarna.wolomin.org\/?p=4324","title":{"rendered":"Do\u0142\u0105cz do akcji!!!"},"content":{"rendered":"\t\t<div data-elementor-type=\"wp-post\" data-elementor-id=\"4324\" class=\"elementor elementor-4324\">\n\t\t\t\t\t\t<section class=\"elementor-section elementor-top-section elementor-element elementor-element-c6c54ff elementor-section-boxed elementor-section-height-default elementor-section-height-default\" data-id=\"c6c54ff\" data-element_type=\"section\">\n\t\t\t\t\t\t<div class=\"elementor-container elementor-column-gap-default\">\n\t\t\t\t\t<div class=\"elementor-column elementor-col-50 elementor-top-column elementor-element elementor-element-e7880dd\" data-id=\"e7880dd\" data-element_type=\"column\">\n\t\t\t<div class=\"elementor-widget-wrap elementor-element-populated\">\n\t\t\t\t\t\t<div class=\"elementor-element elementor-element-3f4697b elementor-widget elementor-widget-image\" data-id=\"3f4697b\" data-element_type=\"widget\" data-widget_type=\"image.default\">\n\t\t\t\t<div class=\"elementor-widget-container\">\n\t\t\t\t\t\t\t\t\t\t\t\t\t<img fetchpriority=\"high\" decoding=\"async\" width=\"315\" height=\"445\" src=\"http:\/\/spczarna.wolomin.org\/wp-content\/uploads\/2024\/09\/POSTER_Plakat08_DC_DY_SY.jpg\" class=\"attachment-large size-large wp-image-4326\" alt=\"\" srcset=\"http:\/\/spczarna.wolomin.org\/wp-content\/uploads\/2024\/09\/POSTER_Plakat08_DC_DY_SY.jpg 315w, http:\/\/spczarna.wolomin.org\/wp-content\/uploads\/2024\/09\/POSTER_Plakat08_DC_DY_SY-212x300.jpg 212w\" sizes=\"(max-width: 315px) 100vw, 315px\" \/>\t\t\t\t\t\t\t\t\t\t\t\t\t<\/div>\n\t\t\t\t<\/div>\n\t\t\t\t\t<\/div>\n\t\t<\/div>\n\t\t\t\t<div class=\"elementor-column elementor-col-50 elementor-top-column elementor-element elementor-element-c854fbc\" data-id=\"c854fbc\" data-element_type=\"column\">\n\t\t\t<div class=\"elementor-widget-wrap elementor-element-populated\">\n\t\t\t\t\t\t<div class=\"elementor-element elementor-element-74fc459 elementor-widget elementor-widget-image\" data-id=\"74fc459\" data-element_type=\"widget\" data-widget_type=\"image.default\">\n\t\t\t\t<div class=\"elementor-widget-container\">\n\t\t\t\t\t\t\t\t\t\t\t\t\t<img decoding=\"async\" width=\"321\" height=\"445\" src=\"http:\/\/spczarna.wolomin.org\/wp-content\/uploads\/2024\/09\/POSTER_Plakat01_DC_DY_SY.jpg\" class=\"attachment-large size-large wp-image-4327\" alt=\"\" srcset=\"http:\/\/spczarna.wolomin.org\/wp-content\/uploads\/2024\/09\/POSTER_Plakat01_DC_DY_SY.jpg 321w, http:\/\/spczarna.wolomin.org\/wp-content\/uploads\/2024\/09\/POSTER_Plakat01_DC_DY_SY-216x300.jpg 216w\" sizes=\"(max-width: 321px) 100vw, 321px\" \/>\t\t\t\t\t\t\t\t\t\t\t\t\t<\/div>\n\t\t\t\t<\/div>\n\t\t\t\t\t<\/div>\n\t\t<\/div>\n\t\t\t\t\t<\/div>\n\t\t<\/section>\n\t\t\t\t<section class=\"elementor-section elementor-top-section elementor-element elementor-element-9cb74f5 elementor-section-boxed elementor-section-height-default elementor-section-height-default\" data-id=\"9cb74f5\" data-element_type=\"section\">\n\t\t\t\t\t\t<div class=\"elementor-container elementor-column-gap-default\">\n\t\t\t\t\t<div class=\"elementor-column elementor-col-100 elementor-top-column elementor-element elementor-element-747f9c9\" data-id=\"747f9c9\" data-element_type=\"column\">\n\t\t\t<div class=\"elementor-widget-wrap elementor-element-populated\">\n\t\t\t\t\t\t<div class=\"elementor-element elementor-element-7fad8b7 elementor-widget elementor-widget-text-editor\" data-id=\"7fad8b7\" data-element_type=\"widget\" data-widget_type=\"text-editor.default\">\n\t\t\t\t<div class=\"elementor-widget-container\">\n\t\t\t\t\t\t\t<div><strong><span class=\"font\"><span class=\"size\">Do\u0142\u0105cz do akcji zbieramy Talenciaki!<\/span><\/span><\/strong><\/div><div>\u00a0<\/div><div><span class=\"font\"><span class=\"size\">Od 2 wrze\u015bnia 2024 r. po raz kolejny zbieramy Talenciaki, za kt\u00f3re szko\u0142a mo\u017ce otrzyma\u0107 ciekawe nagrody.<\/span><\/span><\/div><div>\u00a0<\/div><div><span class=\"font\"><span class=\"size\">1. Zr\u00f3b zakupy w Lidlu za minimum 50 z\u0142 (w tym przynajmniej jedno warzywo lub jeden owoc).<\/span><\/span><\/div><div><span class=\"font\"><span class=\"size\">2. Przy kasie odbierz kupon \u2013 Talenciaka.<\/span><\/span><\/div><div><span class=\"font\"><span class=\"size\">3. Przeka\u017c Talenciaka naszej szkole:<\/span><\/span><\/div><div><span class=\"font\"><span class=\"size\">\u2013 wrzuci\u0107 Talenciaka do specjalnego pude\u0142ka w szkole,<\/span><\/span><\/div><div>\u00a0<\/div><div><span class=\"font\"><span class=\"size\">Klienci b\u0119d\u0105 mogli otrzyma\u0107 Talenciaki za zakupy w sklepach Lidl od 2 wrze\u015bnia do 31 pa\u017adziernika 2024 r.<\/span><\/span><\/div><div>\u00a0<\/div><div><span class=\"font\"><span class=\"size\">Wi\u0119cej informacji na: <a href=\"http:\/\/lidl.pl\/szkoly\" target=\"_blank\" rel=\"noopener\">lidl.pl\/szkoly<\/a><\/span><\/span><\/div>\t\t\t\t\t\t<\/div>\n\t\t\t\t<\/div>\n\t\t\t\t\t<\/div>\n\t\t<\/div>\n\t\t\t\t\t<\/div>\n\t\t<\/section>\n\t\t\t\t<\/div>\n\t\t","protected":false},"excerpt":{"rendered":"<p>Do\u0142\u0105cz do akcji zbieramy Talenciaki!\u00a0Od 2 wrze\u015bnia 2024 r. po raz kolejny zbieramy Talenciaki, za kt\u00f3re szko\u0142a mo\u017ce otrzyma\u0107 ciekawe<\/p>\n","protected":false},"author":6,"featured_media":4328,"comment_status":"closed","ping_status":"closed","sticky":false,"template":"","format":"standard","meta":{"footnotes":""},"categories":[3],"tags":[],"featured_image_urls":{"full":["http:\/\/spczarna.wolomin.org\/wp-content\/uploads\/2024\/09\/Projekt-bez-nazwy-18.jpg",623,445,false],"thumbnail":["http:\/\/spczarna.wolomin.org\/wp-content\/uploads\/2024\/09\/Projekt-bez-nazwy-18-150x150.jpg",150,150,true],"medium":["http:\/\/spczarna.wolomin.org\/wp-content\/uploads\/2024\/09\/Projekt-bez-nazwy-18-300x214.jpg",300,214,true],"medium_large":["http:\/\/spczarna.wolomin.org\/wp-content\/uploads\/2024\/09\/Projekt-bez-nazwy-18.jpg",623,445,false],"large":["http:\/\/spczarna.wolomin.org\/wp-content\/uploads\/2024\/09\/Projekt-bez-nazwy-18.jpg",623,445,false],"1536x1536":["http:\/\/spczarna.wolomin.org\/wp-content\/uploads\/2024\/09\/Projekt-bez-nazwy-18.jpg",623,445,false],"2048x2048":["http:\/\/spczarna.wolomin.org\/wp-content\/uploads\/2024\/09\/Projekt-bez-nazwy-18.jpg",623,445,false],"colormag-highlighted-post":["http:\/\/spczarna.wolomin.org\/wp-content\/uploads\/2024\/09\/Projekt-bez-nazwy-18-392x272.jpg",392,272,true],"colormag-featured-post-medium":["http:\/\/spczarna.wolomin.org\/wp-content\/uploads\/2024\/09\/Projekt-bez-nazwy-18-390x205.jpg",390,205,true],"colormag-featured-post-small":["http:\/\/spczarna.wolomin.org\/wp-content\/uploads\/2024\/09\/Projekt-bez-nazwy-18-130x90.jpg",130,90,true],"colormag-featured-image":["http:\/\/spczarna.wolomin.org\/wp-content\/uploads\/2024\/09\/Projekt-bez-nazwy-18.jpg",623,445,false],"colormag-default-news":["http:\/\/spczarna.wolomin.org\/wp-content\/uploads\/2024\/09\/Projekt-bez-nazwy-18-150x150.jpg",150,150,true],"colormag-featured-image-large":["http:\/\/spczarna.wolomin.org\/wp-content\/uploads\/2024\/09\/Projekt-bez-nazwy-18.jpg",623,445,false],"colormag-elementor-block-extra-large-thumbnail":["http:\/\/spczarna.wolomin.org\/wp-content\/uploads\/2024\/09\/Projekt-bez-nazwy-18.jpg",623,445,false],"colormag-elementor-grid-large-thumbnail":["http:\/\/spczarna.wolomin.org\/wp-content\/uploads\/2024\/09\/Projekt-bez-nazwy-18-600x417.jpg",600,417,true],"colormag-elementor-grid-small-thumbnail":["http:\/\/spczarna.wolomin.org\/wp-content\/uploads\/2024\/09\/Projekt-bez-nazwy-18-285x445.jpg",285,445,true],"colormag-elementor-grid-medium-large-thumbnail":["http:\/\/spczarna.wolomin.org\/wp-content\/uploads\/2024\/09\/Projekt-bez-nazwy-18-575x198.jpg",575,198,true]},"post_excerpt_stackable":"<p>Do\u0142\u0105cz do akcji zbieramy Talenciaki!\u00a0Od 2 wrze\u015bnia 2024 r. po raz kolejny zbieramy Talenciaki, za kt\u00f3re szko\u0142a mo\u017ce otrzyma\u0107 ciekawe nagrody.\u00a01. Zr\u00f3b zakupy w Lidlu za minimum 50 z\u0142 (w tym przynajmniej jedno warzywo lub jeden owoc).2. Przy kasie odbierz kupon \u2013 Talenciaka.3. Przeka\u017c Talenciaka naszej szkole:\u2013 wrzuci\u0107 Talenciaka do specjalnego pude\u0142ka w szkole,\u00a0Klienci b\u0119d\u0105 mogli otrzyma\u0107 Talenciaki za zakupy w sklepach Lidl od 2 wrze\u015bnia do 31 pa\u017adziernika 2024 r.\u00a0Wi\u0119cej informacji na: lidl.pl\/szkoly<\/p>\n","category_list":"<a href=\"http:\/\/spczarna.wolomin.org\/?cat=3\" rel=\"category\">Aktualno\u015bci<\/a>","author_info":{"name":"Rafa\u0142 Jurewicz","url":"http:\/\/spczarna.wolomin.org\/?author=6"},"comments_num":"0 comments","_links":{"self":[{"href":"http:\/\/spczarna.wolomin.org\/index.php?rest_route=\/wp\/v2\/posts\/4324"}],"collection":[{"href":"http:\/\/spczarna.wolomin.org\/index.php?rest_route=\/wp\/v2\/posts"}],"about":[{"href":"http:\/\/spczarna.wolomin.org\/index.php?rest_route=\/wp\/v2\/types\/post"}],"author":[{"embeddable":true,"href":"http:\/\/spczarna.wolomin.org\/index.php?rest_route=\/wp\/v2\/users\/6"}],"replies":[{"embeddable":true,"href":"http:\/\/spczarna.wolomin.org\/index.php?rest_route=%2Fwp%2Fv2%2Fcomments&post=4324"}],"version-history":[{"count":4,"href":"http:\/\/spczarna.wolomin.org\/index.php?rest_route=\/wp\/v2\/posts\/4324\/revisions"}],"predecessor-version":[{"id":4331,"href":"http:\/\/spczarna.wolomin.org\/index.php?rest_route=\/wp\/v2\/posts\/4324\/revisions\/4331"}],"wp:featuredmedia":[{"embeddable":true,"href":"http:\/\/spczarna.wolomin.org\/index.php?rest_route=\/wp\/v2\/media\/4328"}],"wp:attachment":[{"href":"http:\/\/spczarna.wolomin.org\/index.php?rest_route=%2Fwp%2Fv2%2Fmedia&parent=4324"}],"wp:term":[{"taxonomy":"category","embeddable":true,"href":"http:\/\/spczarna.wolomin.org\/index.php?rest_route=%2Fwp%2Fv2%2Fcategories&post=4324"},{"taxonomy":"post_tag","embeddable":true,"href":"http:\/\/spczarna.wolomin.org\/index.php?rest_route=%2Fwp%2Fv2%2Ftags&post=4324"}],"curies":[{"name":"wp","href":"https:\/\/api.w.org\/{rel}","templated":true}]}}