{"id":4490,"date":"2024-10-15T17:45:21","date_gmt":"2024-10-15T17:45:21","guid":{"rendered":"http:\/\/spczarna.wolomin.org\/?p=4490"},"modified":"2024-10-15T17:49:19","modified_gmt":"2024-10-15T17:49:19","slug":"pomoz-dzikom-wrocic-do-lasu-3","status":"publish","type":"post","link":"http:\/\/spczarna.wolomin.org\/?p=4490","title":{"rendered":"&#8220;Pom\u00f3\u017c dzikom wr\u00f3ci\u0107 do lasu\u201d"},"content":{"rendered":"\t\t<div data-elementor-type=\"wp-post\" data-elementor-id=\"4490\" class=\"elementor elementor-4490\">\n\t\t\t\t\t\t<section class=\"elementor-section elementor-top-section elementor-element elementor-element-1a71131 elementor-section-boxed elementor-section-height-default elementor-section-height-default\" data-id=\"1a71131\" data-element_type=\"section\">\n\t\t\t\t\t\t<div class=\"elementor-container elementor-column-gap-default\">\n\t\t\t\t\t<div class=\"elementor-column elementor-col-100 elementor-top-column elementor-element elementor-element-2d73aa5\" data-id=\"2d73aa5\" data-element_type=\"column\">\n\t\t\t<div class=\"elementor-widget-wrap elementor-element-populated\">\n\t\t\t\t\t\t<div class=\"elementor-element elementor-element-97614fd elementor-widget elementor-widget-image\" data-id=\"97614fd\" data-element_type=\"widget\" data-widget_type=\"image.default\">\n\t\t\t\t<div class=\"elementor-widget-container\">\n\t\t\t\t\t\t\t\t\t\t\t\t\t<img decoding=\"async\" width=\"225\" height=\"76\" src=\"http:\/\/spczarna.wolomin.org\/wp-content\/uploads\/2024\/10\/image001.jpg\" class=\"attachment-large size-large wp-image-4492\" alt=\"\" \/>\t\t\t\t\t\t\t\t\t\t\t\t\t<\/div>\n\t\t\t\t<\/div>\n\t\t\t\t\t<\/div>\n\t\t<\/div>\n\t\t\t\t\t<\/div>\n\t\t<\/section>\n\t\t\t\t<section class=\"elementor-section elementor-top-section elementor-element elementor-element-45ab495 elementor-section-boxed elementor-section-height-default elementor-section-height-default\" data-id=\"45ab495\" data-element_type=\"section\">\n\t\t\t\t\t\t<div class=\"elementor-container elementor-column-gap-default\">\n\t\t\t\t\t<div class=\"elementor-column elementor-col-100 elementor-top-column elementor-element elementor-element-a2e706c\" data-id=\"a2e706c\" data-element_type=\"column\">\n\t\t\t<div class=\"elementor-widget-wrap elementor-element-populated\">\n\t\t\t\t\t\t<div class=\"elementor-element elementor-element-1dc9f6e elementor-widget elementor-widget-text-editor\" data-id=\"1dc9f6e\" data-element_type=\"widget\" data-widget_type=\"text-editor.default\">\n\t\t\t\t<div class=\"elementor-widget-container\">\n\t\t\t\t\t\t\t<div id=\"ReadMailMainWrapper\"><div><span class=\"font\"><span class=\"size\">Starosta Wo\u0142omi\u0144ski \u2013 Arkadiusz Werelich<\/span><\/span><\/div><div>\u00a0<\/div><div><span class=\"font\"><span class=\"size\">zaprasza do udzia\u0142u w akcji edukacyjnej pn. &#8220;Pom\u00f3\u017c dzikom wr\u00f3ci\u0107 do lasu\u201d<\/span><\/span><\/div><div>\u00a0<\/div><div><span class=\"font\"><span class=\"size\">Akcja jest po\u0142\u0105czona ze zbieraniem \u017co\u0142\u0119dzi, kt\u00f3re b\u0119d\u0105 nast\u0119pnie przekazane ko\u0142om \u0142owieckim \u017bo\u0142\u0119dzie zostan\u0105 rozsypane w lesie &#8211; naturalnym \u015brodowisku bytowania dzik\u00f3w, co spowoduje zmniejszenie bazy pokarmowej w miastach i ograniczy migracj\u0119 tych zwierz\u0105t w tereny zurbanizowane.<\/span><\/span><\/div><div>\u00a0<\/div><div><span class=\"font\"><span class=\"size\">Przemieszczanie si\u0119 dzik\u00f3w do miast spowodowane jest mi\u0119dzy innymi obfit\u0105 baz\u0105 pokarmow\u0105, w tym dojrzewaj\u0105cymi obecnie \u017co\u0142\u0119dziami spadaj\u0105cymi z rosn\u0105cych w mie\u015bcie d\u0119b\u00f3w. Stanowi\u0105 one doskona\u0142y pokarm dla migruj\u0105cych dzik\u00f3w. W naszych miastach wyst\u0119puje obecnie nadmiar tego pokarmu i zwabia on coraz wi\u0119ksz\u0105 liczb\u0119 zwierz\u0105t na tereny zamieszka\u0142e przez ludzi. Obecno\u015b\u0107 dzik\u00f3w po\u015br\u00f3d siedzib ludzkich budzi zaniepokojenie mieszka\u0144c\u00f3w, a ich dzia\u0142alno\u015b\u0107 powoduje niszczenie trawnik\u00f3w itp.<\/span><\/span><\/div><div>\u00a0<\/div><div><span class=\"font\"><span class=\"size\">Akcja edukacyjna przyczyni si\u0119 do poznania zachowa\u0144 dzikich zwierz\u0105t oraz sposobu post\u0119powania w przypadku spotkania z dzikami. Podj\u0119te dzia\u0142ania pomog\u0105 zmniejszy\u0107 liczb\u0119 dzik\u00f3w w terenach zurbanizowanych i poprawi\u0105 nasze bezpiecze\u0144stwo.<\/span><\/span><\/div><div>\u00a0<\/div><div><span class=\"font\"><span class=\"size\">\u017bo\u0142\u0119dzie powinny by\u0107 suche i zdrowe, nadaj\u0105ce si\u0119 na karm\u0119 dla zwierz\u0105t. Nale\u017cy<\/span><\/span><\/div><div><span class=\"font\"><span class=\"size\">je przechowywa\u0107 w przewiewnych workach lub kartonach.<\/span><\/span><\/div><div>\u00a0<\/div><div><span class=\"font\"><span class=\"size\">Zako\u0144czenie akcji zbierania \u017co\u0142\u0119dzi zaplanowane jest w dniu 31.10.2024 r.<\/span><\/span><\/div><div>\u00a0<\/div><div><span class=\"font\"><span class=\"size\">Plac\u00f3wki o\u015bwiatowe, kt\u00f3re zbior\u0105 najwi\u0119ksz\u0105 ilo\u015b\u0107 \u017co\u0142\u0119dzi, otrzymaj\u0105 wskazane przez nie nagrody rzeczowe o warto\u015bci do 2 000 z\u0142. \u0141\u0105cznie zostanie nagrodzonych 5 plac\u00f3wek. Plac\u00f3wki uczestnicz\u0105ce w akcji otrzymaj\u0105 pami\u0105tkowe dyplomy. Dla dzieci, kt\u00f3re zbior\u0105 najwi\u0119cej \u017co\u0142\u0119dzi, przewidziano upominki.<\/span><\/span><\/div><div>\u00a0<\/div><div>\u00a0<\/div><div style=\"text-align: right;\"><strong>Koordynatorzy akcji: Katarzyna Kostrzewa, Iwona Orych<\/strong><\/div><\/div>\t\t\t\t\t\t<\/div>\n\t\t\t\t<\/div>\n\t\t\t\t<div class=\"elementor-element elementor-element-a75019f elementor-widget elementor-widget-image\" data-id=\"a75019f\" data-element_type=\"widget\" data-widget_type=\"image.default\">\n\t\t\t\t<div class=\"elementor-widget-container\">\n\t\t\t\t\t\t\t\t\t\t\t\t\t<img fetchpriority=\"high\" decoding=\"async\" width=\"315\" height=\"445\" src=\"http:\/\/spczarna.wolomin.org\/wp-content\/uploads\/2024\/10\/Plakat-dziki-2024-.jpg\" class=\"attachment-full size-full wp-image-4494\" alt=\"\" srcset=\"http:\/\/spczarna.wolomin.org\/wp-content\/uploads\/2024\/10\/Plakat-dziki-2024-.jpg 315w, http:\/\/spczarna.wolomin.org\/wp-content\/uploads\/2024\/10\/Plakat-dziki-2024--212x300.jpg 212w\" sizes=\"(max-width: 315px) 100vw, 315px\" \/>\t\t\t\t\t\t\t\t\t\t\t\t\t<\/div>\n\t\t\t\t<\/div>\n\t\t\t\t\t<\/div>\n\t\t<\/div>\n\t\t\t\t\t<\/div>\n\t\t<\/section>\n\t\t\t\t<section class=\"elementor-section elementor-top-section elementor-element elementor-element-27c9610 elementor-section-boxed elementor-section-height-default elementor-section-height-default\" data-id=\"27c9610\" data-element_type=\"section\">\n\t\t\t\t\t\t<div class=\"elementor-container elementor-column-gap-default\">\n\t\t\t\t\t<div class=\"elementor-column elementor-col-100 elementor-top-column elementor-element elementor-element-b897ab4\" data-id=\"b897ab4\" data-element_type=\"column\">\n\t\t\t<div class=\"elementor-widget-wrap\">\n\t\t\t\t\t\t\t<\/div>\n\t\t<\/div>\n\t\t\t\t\t<\/div>\n\t\t<\/section>\n\t\t\t\t<\/div>\n\t\t","protected":false},"excerpt":{"rendered":"<p>Starosta Wo\u0142omi\u0144ski \u2013 Arkadiusz Werelich\u00a0zaprasza do udzia\u0142u w akcji edukacyjnej pn. &#8220;Pom\u00f3\u017c dzikom wr\u00f3ci\u0107 do lasu\u201d\u00a0Akcja jest po\u0142\u0105czona ze zbieraniem<\/p>\n","protected":false},"author":6,"featured_media":4493,"comment_status":"closed","ping_status":"closed","sticky":false,"template":"","format":"standard","meta":{"footnotes":""},"categories":[1],"tags":[],"featured_image_urls":{"full":["http:\/\/spczarna.wolomin.org\/wp-content\/uploads\/2024\/10\/Projekt-bez-nazwy-26.jpg",677,445,false],"thumbnail":["http:\/\/spczarna.wolomin.org\/wp-content\/uploads\/2024\/10\/Projekt-bez-nazwy-26-150x150.jpg",150,150,true],"medium":["http:\/\/spczarna.wolomin.org\/wp-content\/uploads\/2024\/10\/Projekt-bez-nazwy-26-300x197.jpg",300,197,true],"medium_large":["http:\/\/spczarna.wolomin.org\/wp-content\/uploads\/2024\/10\/Projekt-bez-nazwy-26.jpg",677,445,false],"large":["http:\/\/spczarna.wolomin.org\/wp-content\/uploads\/2024\/10\/Projekt-bez-nazwy-26.jpg",677,445,false],"1536x1536":["http:\/\/spczarna.wolomin.org\/wp-content\/uploads\/2024\/10\/Projekt-bez-nazwy-26.jpg",677,445,false],"2048x2048":["http:\/\/spczarna.wolomin.org\/wp-content\/uploads\/2024\/10\/Projekt-bez-nazwy-26.jpg",677,445,false],"colormag-highlighted-post":["http:\/\/spczarna.wolomin.org\/wp-content\/uploads\/2024\/10\/Projekt-bez-nazwy-26-392x272.jpg",392,272,true],"colormag-featured-post-medium":["http:\/\/spczarna.wolomin.org\/wp-content\/uploads\/2024\/10\/Projekt-bez-nazwy-26-390x205.jpg",390,205,true],"colormag-featured-post-small":["http:\/\/spczarna.wolomin.org\/wp-content\/uploads\/2024\/10\/Projekt-bez-nazwy-26-130x90.jpg",130,90,true],"colormag-featured-image":["http:\/\/spczarna.wolomin.org\/wp-content\/uploads\/2024\/10\/Projekt-bez-nazwy-26.jpg",677,445,false],"colormag-default-news":["http:\/\/spczarna.wolomin.org\/wp-content\/uploads\/2024\/10\/Projekt-bez-nazwy-26-150x150.jpg",150,150,true],"colormag-featured-image-large":["http:\/\/spczarna.wolomin.org\/wp-content\/uploads\/2024\/10\/Projekt-bez-nazwy-26.jpg",677,445,false],"colormag-elementor-block-extra-large-thumbnail":["http:\/\/spczarna.wolomin.org\/wp-content\/uploads\/2024\/10\/Projekt-bez-nazwy-26.jpg",677,445,false],"colormag-elementor-grid-large-thumbnail":["http:\/\/spczarna.wolomin.org\/wp-content\/uploads\/2024\/10\/Projekt-bez-nazwy-26-600x417.jpg",600,417,true],"colormag-elementor-grid-small-thumbnail":["http:\/\/spczarna.wolomin.org\/wp-content\/uploads\/2024\/10\/Projekt-bez-nazwy-26-285x445.jpg",285,445,true],"colormag-elementor-grid-medium-large-thumbnail":["http:\/\/spczarna.wolomin.org\/wp-content\/uploads\/2024\/10\/Projekt-bez-nazwy-26-575x198.jpg",575,198,true]},"post_excerpt_stackable":"<p>Starosta Wo\u0142omi\u0144ski \u2013 Arkadiusz Werelich\u00a0zaprasza do udzia\u0142u w akcji edukacyjnej pn. &#8220;Pom\u00f3\u017c dzikom wr\u00f3ci\u0107 do lasu\u201d\u00a0Akcja jest po\u0142\u0105czona ze zbieraniem \u017co\u0142\u0119dzi, kt\u00f3re b\u0119d\u0105 nast\u0119pnie przekazane ko\u0142om \u0142owieckim \u017bo\u0142\u0119dzie zostan\u0105 rozsypane w lesie &#8211; naturalnym \u015brodowisku bytowania dzik\u00f3w, co spowoduje zmniejszenie bazy pokarmowej w miastach i ograniczy migracj\u0119 tych zwierz\u0105t w tereny zurbanizowane.\u00a0Przemieszczanie si\u0119 dzik\u00f3w do miast spowodowane jest mi\u0119dzy innymi obfit\u0105 baz\u0105 pokarmow\u0105, w tym dojrzewaj\u0105cymi obecnie \u017co\u0142\u0119dziami spadaj\u0105cymi z rosn\u0105cych w mie\u015bcie d\u0119b\u00f3w. Stanowi\u0105 one doskona\u0142y pokarm dla migruj\u0105cych dzik\u00f3w. W naszych miastach wyst\u0119puje obecnie nadmiar tego pokarmu i zwabia on coraz wi\u0119ksz\u0105 liczb\u0119 zwierz\u0105t na tereny zamieszka\u0142e przez&hellip;<\/p>\n","category_list":"<a href=\"http:\/\/spczarna.wolomin.org\/?cat=1\" rel=\"category\">Uncategorized<\/a>","author_info":{"name":"Rafa\u0142 Jurewicz","url":"http:\/\/spczarna.wolomin.org\/?author=6"},"comments_num":"0 comments","_links":{"self":[{"href":"http:\/\/spczarna.wolomin.org\/index.php?rest_route=\/wp\/v2\/posts\/4490"}],"collection":[{"href":"http:\/\/spczarna.wolomin.org\/index.php?rest_route=\/wp\/v2\/posts"}],"about":[{"href":"http:\/\/spczarna.wolomin.org\/index.php?rest_route=\/wp\/v2\/types\/post"}],"author":[{"embeddable":true,"href":"http:\/\/spczarna.wolomin.org\/index.php?rest_route=\/wp\/v2\/users\/6"}],"replies":[{"embeddable":true,"href":"http:\/\/spczarna.wolomin.org\/index.php?rest_route=%2Fwp%2Fv2%2Fcomments&post=4490"}],"version-history":[{"count":4,"href":"http:\/\/spczarna.wolomin.org\/index.php?rest_route=\/wp\/v2\/posts\/4490\/revisions"}],"predecessor-version":[{"id":4497,"href":"http:\/\/spczarna.wolomin.org\/index.php?rest_route=\/wp\/v2\/posts\/4490\/revisions\/4497"}],"wp:featuredmedia":[{"embeddable":true,"href":"http:\/\/spczarna.wolomin.org\/index.php?rest_route=\/wp\/v2\/media\/4493"}],"wp:attachment":[{"href":"http:\/\/spczarna.wolomin.org\/index.php?rest_route=%2Fwp%2Fv2%2Fmedia&parent=4490"}],"wp:term":[{"taxonomy":"category","embeddable":true,"href":"http:\/\/spczarna.wolomin.org\/index.php?rest_route=%2Fwp%2Fv2%2Fcategories&post=4490"},{"taxonomy":"post_tag","embeddable":true,"href":"http:\/\/spczarna.wolomin.org\/index.php?rest_route=%2Fwp%2Fv2%2Ftags&post=4490"}],"curies":[{"name":"wp","href":"https:\/\/api.w.org\/{rel}","templated":true}]}}