{"id":4500,"date":"2024-10-15T18:19:24","date_gmt":"2024-10-15T18:19:24","guid":{"rendered":"http:\/\/spczarna.wolomin.org\/?p=4500"},"modified":"2024-10-15T18:20:10","modified_gmt":"2024-10-15T18:20:10","slug":"recykling-daje-owoce-w-czarnej-2","status":"publish","type":"post","link":"http:\/\/spczarna.wolomin.org\/?p=4500","title":{"rendered":"Recykling Daje Owoce w Czarnej!"},"content":{"rendered":"\t\t<div data-elementor-type=\"wp-post\" data-elementor-id=\"4500\" class=\"elementor elementor-4500\">\n\t\t\t\t\t\t<section class=\"elementor-section elementor-top-section elementor-element elementor-element-feaf0cd elementor-section-boxed elementor-section-height-default elementor-section-height-default\" data-id=\"feaf0cd\" data-element_type=\"section\">\n\t\t\t\t\t\t<div class=\"elementor-container elementor-column-gap-default\">\n\t\t\t\t\t<div class=\"elementor-column elementor-col-50 elementor-top-column elementor-element elementor-element-3af2d08\" data-id=\"3af2d08\" data-element_type=\"column\">\n\t\t\t<div class=\"elementor-widget-wrap elementor-element-populated\">\n\t\t\t\t\t\t<div class=\"elementor-element elementor-element-930794d elementor-widget elementor-widget-text-editor\" data-id=\"930794d\" data-element_type=\"widget\" data-widget_type=\"text-editor.default\">\n\t\t\t\t<div class=\"elementor-widget-container\">\n\t\t\t\t\t\t\t<p>\u00a0 \u00a0Szko\u0142a Podstawowa w Czarnej we wsp\u00f3\u0142pracy z ekologiem i podr\u00f3\u017cnikiem Dominikiem Dobrowolskim zapraszaj\u0105 do udzia\u0142u w kolejnej edycji edukacyjnej akcji pt. Recykling Daje Owoce. Solidnym partnerem, kt\u00f3ry pomaga nam w tej akcji od lat jest Europejska Platforma Recyklingu. Celem akcji jest promocja selektywnej zbi\u00f3rki zu\u017cytego sprz\u0119tu elektrycznego i elektronicznego (zsee) oraz zu\u017cytych baterii. W akcji mog\u0105 wzi\u0105\u0107 udzia\u0142 plac\u00f3wki o\u015bwiatowe, samorz\u0105dy oraz organizacje spo\u0142eczne z ca\u0142ej Polski.<\/p><p>Zbi\u00f3rka zu\u017cytych baterii oraz zu\u017cytego drobnego sprz\u0119tu elektrycznego i elektronicznego b\u0119dzie trwa\u0142a w naszej szkole do <strong>9 grudnia 2024r<\/strong>. Baterie b\u0119d\u0105 zbierane do specjalnych pojemnik\u00f3w, kt\u00f3re b\u0119d\u0105 rozstawione w ka\u017cdej sali lekcyjnej i podpisane symbolem klasy. Wszystkie zebrane podczas akcji elektroodpady i baterie b\u0119d\u0105 poddane odzyskowi i recyklingowi.<\/p><p><strong>Zu\u017cyty sprz\u0119t elektryczny i elektroniczny przynosimy do sali numer 3 lub 8.<\/strong><\/p><p>Zach\u0119camy do udzia\u0142u w akcji<\/p><p style=\"text-align: right;\"><strong>Koordynatorki:<\/strong><\/p><p style=\"text-align: right;\"><strong>Iwona Orych<\/strong><\/p><p style=\"text-align: right;\"><strong>Katarzyna Kostrzewa<\/strong><\/p>\t\t\t\t\t\t<\/div>\n\t\t\t\t<\/div>\n\t\t\t\t\t<\/div>\n\t\t<\/div>\n\t\t\t\t<div class=\"elementor-column elementor-col-50 elementor-top-column elementor-element elementor-element-35d10d7\" data-id=\"35d10d7\" data-element_type=\"column\">\n\t\t\t<div class=\"elementor-widget-wrap elementor-element-populated\">\n\t\t\t\t\t\t<div class=\"elementor-element elementor-element-03acc8b elementor-widget elementor-widget-image\" data-id=\"03acc8b\" data-element_type=\"widget\" data-widget_type=\"image.default\">\n\t\t\t\t<div class=\"elementor-widget-container\">\n\t\t\t\t\t\t\t\t\t\t\t\t\t<img fetchpriority=\"high\" decoding=\"async\" width=\"200\" height=\"400\" src=\"http:\/\/spczarna.wolomin.org\/wp-content\/uploads\/2024\/10\/recykling-daje-owoce.jpg\" class=\"attachment-large size-large wp-image-4502\" alt=\"\" srcset=\"http:\/\/spczarna.wolomin.org\/wp-content\/uploads\/2024\/10\/recykling-daje-owoce.jpg 200w, http:\/\/spczarna.wolomin.org\/wp-content\/uploads\/2024\/10\/recykling-daje-owoce-150x300.jpg 150w\" sizes=\"(max-width: 200px) 100vw, 200px\" \/>\t\t\t\t\t\t\t\t\t\t\t\t\t<\/div>\n\t\t\t\t<\/div>\n\t\t\t\t\t<\/div>\n\t\t<\/div>\n\t\t\t\t\t<\/div>\n\t\t<\/section>\n\t\t\t\t<\/div>\n\t\t","protected":false},"excerpt":{"rendered":"<p>\u00a0 \u00a0Szko\u0142a Podstawowa w Czarnej we wsp\u00f3\u0142pracy z ekologiem i podr\u00f3\u017cnikiem Dominikiem Dobrowolskim zapraszaj\u0105 do udzia\u0142u w kolejnej edycji edukacyjnej<\/p>\n","protected":false},"author":6,"featured_media":4503,"comment_status":"closed","ping_status":"closed","sticky":false,"template":"","format":"standard","meta":{"footnotes":""},"categories":[3],"tags":[],"featured_image_urls":{"full":["http:\/\/spczarna.wolomin.org\/wp-content\/uploads\/2024\/10\/recykling.jpg",677,445,false],"thumbnail":["http:\/\/spczarna.wolomin.org\/wp-content\/uploads\/2024\/10\/recykling-150x150.jpg",150,150,true],"medium":["http:\/\/spczarna.wolomin.org\/wp-content\/uploads\/2024\/10\/recykling-300x197.jpg",300,197,true],"medium_large":["http:\/\/spczarna.wolomin.org\/wp-content\/uploads\/2024\/10\/recykling.jpg",677,445,false],"large":["http:\/\/spczarna.wolomin.org\/wp-content\/uploads\/2024\/10\/recykling.jpg",677,445,false],"1536x1536":["http:\/\/spczarna.wolomin.org\/wp-content\/uploads\/2024\/10\/recykling.jpg",677,445,false],"2048x2048":["http:\/\/spczarna.wolomin.org\/wp-content\/uploads\/2024\/10\/recykling.jpg",677,445,false],"colormag-highlighted-post":["http:\/\/spczarna.wolomin.org\/wp-content\/uploads\/2024\/10\/recykling-392x272.jpg",392,272,true],"colormag-featured-post-medium":["http:\/\/spczarna.wolomin.org\/wp-content\/uploads\/2024\/10\/recykling-390x205.jpg",390,205,true],"colormag-featured-post-small":["http:\/\/spczarna.wolomin.org\/wp-content\/uploads\/2024\/10\/recykling-130x90.jpg",130,90,true],"colormag-featured-image":["http:\/\/spczarna.wolomin.org\/wp-content\/uploads\/2024\/10\/recykling.jpg",677,445,false],"colormag-default-news":["http:\/\/spczarna.wolomin.org\/wp-content\/uploads\/2024\/10\/recykling-150x150.jpg",150,150,true],"colormag-featured-image-large":["http:\/\/spczarna.wolomin.org\/wp-content\/uploads\/2024\/10\/recykling.jpg",677,445,false],"colormag-elementor-block-extra-large-thumbnail":["http:\/\/spczarna.wolomin.org\/wp-content\/uploads\/2024\/10\/recykling.jpg",677,445,false],"colormag-elementor-grid-large-thumbnail":["http:\/\/spczarna.wolomin.org\/wp-content\/uploads\/2024\/10\/recykling-600x417.jpg",600,417,true],"colormag-elementor-grid-small-thumbnail":["http:\/\/spczarna.wolomin.org\/wp-content\/uploads\/2024\/10\/recykling-285x445.jpg",285,445,true],"colormag-elementor-grid-medium-large-thumbnail":["http:\/\/spczarna.wolomin.org\/wp-content\/uploads\/2024\/10\/recykling-575x198.jpg",575,198,true]},"post_excerpt_stackable":"<p>\u00a0 \u00a0Szko\u0142a Podstawowa w Czarnej we wsp\u00f3\u0142pracy z ekologiem i podr\u00f3\u017cnikiem Dominikiem Dobrowolskim zapraszaj\u0105 do udzia\u0142u w kolejnej edycji edukacyjnej akcji pt. Recykling Daje Owoce. Solidnym partnerem, kt\u00f3ry pomaga nam w tej akcji od lat jest Europejska Platforma Recyklingu. Celem akcji jest promocja selektywnej zbi\u00f3rki zu\u017cytego sprz\u0119tu elektrycznego i elektronicznego (zsee) oraz zu\u017cytych baterii. W akcji mog\u0105 wzi\u0105\u0107 udzia\u0142 plac\u00f3wki o\u015bwiatowe, samorz\u0105dy oraz organizacje spo\u0142eczne z ca\u0142ej Polski.Zbi\u00f3rka zu\u017cytych baterii oraz zu\u017cytego drobnego sprz\u0119tu elektrycznego i elektronicznego b\u0119dzie trwa\u0142a w naszej szkole do 9 grudnia 2024r. Baterie b\u0119d\u0105 zbierane do specjalnych pojemnik\u00f3w, kt\u00f3re b\u0119d\u0105 rozstawione w ka\u017cdej sali lekcyjnej i&hellip;<\/p>\n","category_list":"<a href=\"http:\/\/spczarna.wolomin.org\/?cat=3\" rel=\"category\">Aktualno\u015bci<\/a>","author_info":{"name":"Rafa\u0142 Jurewicz","url":"http:\/\/spczarna.wolomin.org\/?author=6"},"comments_num":"0 comments","_links":{"self":[{"href":"http:\/\/spczarna.wolomin.org\/index.php?rest_route=\/wp\/v2\/posts\/4500"}],"collection":[{"href":"http:\/\/spczarna.wolomin.org\/index.php?rest_route=\/wp\/v2\/posts"}],"about":[{"href":"http:\/\/spczarna.wolomin.org\/index.php?rest_route=\/wp\/v2\/types\/post"}],"author":[{"embeddable":true,"href":"http:\/\/spczarna.wolomin.org\/index.php?rest_route=\/wp\/v2\/users\/6"}],"replies":[{"embeddable":true,"href":"http:\/\/spczarna.wolomin.org\/index.php?rest_route=%2Fwp%2Fv2%2Fcomments&post=4500"}],"version-history":[{"count":4,"href":"http:\/\/spczarna.wolomin.org\/index.php?rest_route=\/wp\/v2\/posts\/4500\/revisions"}],"predecessor-version":[{"id":4506,"href":"http:\/\/spczarna.wolomin.org\/index.php?rest_route=\/wp\/v2\/posts\/4500\/revisions\/4506"}],"wp:featuredmedia":[{"embeddable":true,"href":"http:\/\/spczarna.wolomin.org\/index.php?rest_route=\/wp\/v2\/media\/4503"}],"wp:attachment":[{"href":"http:\/\/spczarna.wolomin.org\/index.php?rest_route=%2Fwp%2Fv2%2Fmedia&parent=4500"}],"wp:term":[{"taxonomy":"category","embeddable":true,"href":"http:\/\/spczarna.wolomin.org\/index.php?rest_route=%2Fwp%2Fv2%2Fcategories&post=4500"},{"taxonomy":"post_tag","embeddable":true,"href":"http:\/\/spczarna.wolomin.org\/index.php?rest_route=%2Fwp%2Fv2%2Ftags&post=4500"}],"curies":[{"name":"wp","href":"https:\/\/api.w.org\/{rel}","templated":true}]}}