{"id":467,"date":"2021-04-26T19:25:59","date_gmt":"2021-04-26T19:25:59","guid":{"rendered":"http:\/\/spczarna.wolomin.org\/?p=467"},"modified":"2021-04-26T19:26:01","modified_gmt":"2021-04-26T19:26:01","slug":"nauka-hybrydowa-w-klasach-i-iii-szkol-podstawowychw-wojewodztwie-mazowieckim-26-kwietnia","status":"publish","type":"post","link":"http:\/\/spczarna.wolomin.org\/?p=467","title":{"rendered":"Nauka hybrydowa w klasach I-III szk\u00f3\u0142 podstawowych<br>w wojew\u00f3dztwie mazowieckim 26 kwietnia"},"content":{"rendered":"\n<p><strong>Od 26 kwietnia 2021r<\/strong>. na terenie wojew\u00f3dztwa mazowieckiego, w klasach I-III szk\u00f3\u0142 podstawowych zostanie wprowadzona nauka hybrydowa.<\/p>\n\n\n\n<p>Zgodnie z wytycznymi Kuratorium O\u015bwiaty w Warszawie w naszej szkole zaj\u0119cia b\u0119d\u0105 odbywa\u0142y si\u0119 wg nast\u0119puj\u0105cego harmonogramu:<\/p>\n\n\n\n<p><strong>w dniach 26-30 kwietnia<\/strong><\/p>\n\n\n\n<p>Uczniowie klas IB, II B, III B b\u0119d\u0105 mie\u0107 zaj\u0119cia w budynku szko\u0142y (klasa IB- sala nr 1n, klasa IIB- sala nr 4n, klasa IIIB- sala nr 5s);<\/p>\n\n\n\n<p>Uczniowie klas I A, II A, III A b\u0119d\u0105 mie\u0107 lekcje zdalnie na platformie Teams, tak jak dotychczas;<\/p>\n\n\n\n<p>Obiady b\u0119d\u0105 wydawane na dotychczasowych zasadach tzn. dzieci ucz\u0119szczaj\u0105ce na zaj\u0119cia stacjonarnie jedz\u0105 w szkole, a dla dzieci maj\u0105cych lekcje zdalnie rodzice mog\u0105 odbiera\u0107 posi\u0142ki na wynos.<\/p>\n\n\n\n<p>Dzieciom zapisanym na \u015bwietlic\u0119 szko\u0142a zapewnia opiek\u0119.<\/p>\n\n\n\n<p>Zaj\u0119cia z pedagogami, psychologiem i logoped\u0105 odbywaj\u0105 si\u0119 na terenie szko\u0142y wed\u0142ug powy\u017cszego harmonogramu.<\/p>\n\n\n\n<p>Pozaszkolne zaj\u0119cia dodatkowe (j\u0119zyk angielski, karate, akrobatyka) b\u0119d\u0105 prowadzone bez zmian, z zaznaczeniem, \u017ce uczniowie przychodz\u0105 na zaj\u0119cia z domu.<\/p>\n\n\n\n<p>Rodzice uczni\u00f3w klas I-III zobowi\u0105zani s\u0105 wype\u0142nia\u0107 o\u015bwiadczenie (znajduj\u0105ce si\u0119<br>w dzienniku elektronicznym w plikach szko\u0142y) ka\u017cdego dnia i okaza\u0107 przed wej\u015bciem dziecka do szko\u0142y.<br>Druki b\u0119d\u0105 te\u017c znajdowa\u0142y si\u0119 przy wej\u015bciu do szko\u0142y.<\/p>\n","protected":false},"excerpt":{"rendered":"<p>Od 26 kwietnia 2021r. na terenie wojew\u00f3dztwa mazowieckiego, w klasach I-III szk\u00f3\u0142 podstawowych zostanie wprowadzona nauka hybrydowa. Zgodnie z wytycznymi<\/p>\n","protected":false},"author":1,"featured_media":0,"comment_status":"closed","ping_status":"closed","sticky":false,"template":"","format":"standard","meta":{"footnotes":""},"categories":[3],"tags":[],"featured_image_urls":{"full":"","thumbnail":"","medium":"","medium_large":"","large":"","1536x1536":"","2048x2048":"","colormag-highlighted-post":"","colormag-featured-post-medium":"","colormag-featured-post-small":"","colormag-featured-image":"","colormag-default-news":"","colormag-featured-image-large":"","colormag-elementor-block-extra-large-thumbnail":"","colormag-elementor-grid-large-thumbnail":"","colormag-elementor-grid-small-thumbnail":"","colormag-elementor-grid-medium-large-thumbnail":""},"post_excerpt_stackable":"<p>Od 26 kwietnia 2021r. na terenie wojew\u00f3dztwa mazowieckiego, w klasach I-III szk\u00f3\u0142 podstawowych zostanie wprowadzona nauka hybrydowa. Zgodnie z wytycznymi Kuratorium O\u015bwiaty w Warszawie w naszej szkole zaj\u0119cia b\u0119d\u0105 odbywa\u0142y si\u0119 wg nast\u0119puj\u0105cego harmonogramu: w dniach 26-30 kwietnia Uczniowie klas IB, II B, III B b\u0119d\u0105 mie\u0107 zaj\u0119cia w budynku szko\u0142y (klasa IB- sala nr 1n, klasa IIB- sala nr 4n, klasa IIIB- sala nr 5s); Uczniowie klas I A, II A, III A b\u0119d\u0105 mie\u0107 lekcje zdalnie na platformie Teams, tak jak dotychczas; Obiady b\u0119d\u0105 wydawane na dotychczasowych zasadach tzn. dzieci ucz\u0119szczaj\u0105ce na zaj\u0119cia stacjonarnie jedz\u0105 w szkole, a&hellip;<\/p>\n","category_list":"<a href=\"http:\/\/spczarna.wolomin.org\/?cat=3\" rel=\"category\">Aktualno\u015bci<\/a>","author_info":{"name":"admin","url":"http:\/\/spczarna.wolomin.org\/?author=1"},"comments_num":"0 comments","_links":{"self":[{"href":"http:\/\/spczarna.wolomin.org\/index.php?rest_route=\/wp\/v2\/posts\/467"}],"collection":[{"href":"http:\/\/spczarna.wolomin.org\/index.php?rest_route=\/wp\/v2\/posts"}],"about":[{"href":"http:\/\/spczarna.wolomin.org\/index.php?rest_route=\/wp\/v2\/types\/post"}],"author":[{"embeddable":true,"href":"http:\/\/spczarna.wolomin.org\/index.php?rest_route=\/wp\/v2\/users\/1"}],"replies":[{"embeddable":true,"href":"http:\/\/spczarna.wolomin.org\/index.php?rest_route=%2Fwp%2Fv2%2Fcomments&post=467"}],"version-history":[{"count":1,"href":"http:\/\/spczarna.wolomin.org\/index.php?rest_route=\/wp\/v2\/posts\/467\/revisions"}],"predecessor-version":[{"id":468,"href":"http:\/\/spczarna.wolomin.org\/index.php?rest_route=\/wp\/v2\/posts\/467\/revisions\/468"}],"wp:attachment":[{"href":"http:\/\/spczarna.wolomin.org\/index.php?rest_route=%2Fwp%2Fv2%2Fmedia&parent=467"}],"wp:term":[{"taxonomy":"category","embeddable":true,"href":"http:\/\/spczarna.wolomin.org\/index.php?rest_route=%2Fwp%2Fv2%2Fcategories&post=467"},{"taxonomy":"post_tag","embeddable":true,"href":"http:\/\/spczarna.wolomin.org\/index.php?rest_route=%2Fwp%2Fv2%2Ftags&post=467"}],"curies":[{"name":"wp","href":"https:\/\/api.w.org\/{rel}","templated":true}]}}