{"id":5055,"date":"2025-01-11T15:42:35","date_gmt":"2025-01-11T15:42:35","guid":{"rendered":"http:\/\/spczarna.wolomin.org\/?p=5055"},"modified":"2025-01-11T15:47:42","modified_gmt":"2025-01-11T15:47:42","slug":"nie-zwykle-spotkanie","status":"publish","type":"post","link":"http:\/\/spczarna.wolomin.org\/?p=5055","title":{"rendered":"Nie zwyk\u0142e spotkanie!"},"content":{"rendered":"\t\t<div data-elementor-type=\"wp-post\" data-elementor-id=\"5055\" class=\"elementor elementor-5055\">\n\t\t\t\t\t\t<section class=\"elementor-section elementor-top-section elementor-element elementor-element-104a248 elementor-section-boxed elementor-section-height-default elementor-section-height-default\" data-id=\"104a248\" data-element_type=\"section\">\n\t\t\t\t\t\t<div class=\"elementor-container elementor-column-gap-default\">\n\t\t\t\t\t<div class=\"elementor-column elementor-col-100 elementor-top-column elementor-element elementor-element-9a7e03d\" data-id=\"9a7e03d\" data-element_type=\"column\">\n\t\t\t<div class=\"elementor-widget-wrap elementor-element-populated\">\n\t\t\t\t\t\t<div class=\"elementor-element elementor-element-1f2ffdd elementor-widget elementor-widget-text-editor\" data-id=\"1f2ffdd\" data-element_type=\"widget\" data-widget_type=\"text-editor.default\">\n\t\t\t\t<div class=\"elementor-widget-container\">\n\t\t\t\t\t\t\t<p align=\"JUSTIFY\"><span style=\"color: #343434;\"><span style=\"font-family: Times New Roman, serif;\"><span style=\"font-size: medium;\">\u00a0 \u00a0Uczniowie klas trzecich uczestniczyli w wyj\u0105tkowym wydarzeniu kulturalnym, kt\u00f3re odby\u0142o si\u0119 w Pa\u0142acu w Chrz\u0119snem, w ramach projektu Mazowieckiego Instytutu Kultury realizowanego we wsp\u00f3\u0142pracy z Powiatem Wo\u0142omi\u0144skim \u2013 pod has\u0142em \u201eChrz\u0119sne- literackie serce Mazowsza\u201d. <\/span><\/span><\/span><\/p><p align=\"JUSTIFY\"><span style=\"color: #343434;\"><span style=\"font-family: Times New Roman, serif;\"><span style=\"font-size: medium;\">\u00a0 \u00a023 pa\u017adziernika w trzecim dniu Festiwalu Chrz\u0119sne chrz\u0119\u015bci kultur\u0105 dzieci spotka\u0142y si\u0119 ze znan\u0105 aktork\u0105 teatraln\u0105 i filmow\u0105 Edyt\u0105 Jungowsk\u0105. Razem wybra\u0142y si\u0119 w \u201ePodro\u017c do Szwecji z bohaterami ksi\u0105\u017cek Astrid Lindgren\u201d. Uczniowie mieli okazj\u0119 aktywnie uczestniczy\u0107 w spotkaniu, zrobi\u0107 wsp\u00f3lne zdj\u0119cie, zakupi\u0107 ksi\u0105\u017cki A. Lindgren z audiobukami opracowanymi przez Edyt\u0119 Jungowsk\u0105 i poprosi\u0107 aktork\u0119 o autograf.<\/span><\/span><\/span><\/p><p style=\"text-align: right;\" align=\"JUSTIFY\"><strong>Ma\u0142gorzata Klimkiewicz<\/strong><\/p>\t\t\t\t\t\t<\/div>\n\t\t\t\t<\/div>\n\t\t\t\t\t<\/div>\n\t\t<\/div>\n\t\t\t\t\t<\/div>\n\t\t<\/section>\n\t\t\t\t<section class=\"elementor-section elementor-top-section elementor-element elementor-element-a9a9303 elementor-section-boxed elementor-section-height-default elementor-section-height-default\" data-id=\"a9a9303\" data-element_type=\"section\">\n\t\t\t\t\t\t<div class=\"elementor-container elementor-column-gap-default\">\n\t\t\t\t\t<div class=\"elementor-column elementor-col-100 elementor-top-column elementor-element elementor-element-d6c3559\" data-id=\"d6c3559\" data-element_type=\"column\">\n\t\t\t<div class=\"elementor-widget-wrap elementor-element-populated\">\n\t\t\t\t\t\t<div class=\"elementor-element elementor-element-2ee263f elementor-widget elementor-widget-image-gallery\" data-id=\"2ee263f\" data-element_type=\"widget\" data-widget_type=\"image-gallery.default\">\n\t\t\t\t<div class=\"elementor-widget-container\">\n\t\t\t\t\t<div class=\"elementor-image-gallery\">\n\t\t\t<div id='gallery-1' class='gallery galleryid-5055 gallery-columns-3 gallery-size-thumbnail'><figure class='gallery-item'>\n\t\t\t<div class='gallery-icon portrait'>\n\t\t\t\t<a data-elementor-open-lightbox=\"yes\" data-elementor-lightbox-slideshow=\"2ee263f\" data-elementor-lightbox-title=\"z1\" data-e-action-hash=\"#elementor-action%3Aaction%3Dlightbox%26settings%3DeyJpZCI6NTA1NywidXJsIjoiaHR0cDpcL1wvc3BjemFybmEud29sb21pbi5vcmdcL3dwLWNvbnRlbnRcL3VwbG9hZHNcLzIwMjVcLzAxXC96MS5qcGciLCJzbGlkZXNob3ciOiIyZWUyNjNmIn0%3D\" href='http:\/\/spczarna.wolomin.org\/wp-content\/uploads\/2025\/01\/z1.jpg'><img decoding=\"async\" width=\"150\" height=\"150\" src=\"http:\/\/spczarna.wolomin.org\/wp-content\/uploads\/2025\/01\/z1-150x150.jpg\" class=\"attachment-thumbnail size-thumbnail\" alt=\"\" \/><\/a>\n\t\t\t<\/div><\/figure><figure class='gallery-item'>\n\t\t\t<div class='gallery-icon portrait'>\n\t\t\t\t<a data-elementor-open-lightbox=\"yes\" data-elementor-lightbox-slideshow=\"2ee263f\" data-elementor-lightbox-title=\"z2\" data-e-action-hash=\"#elementor-action%3Aaction%3Dlightbox%26settings%3DeyJpZCI6NTA1OCwidXJsIjoiaHR0cDpcL1wvc3BjemFybmEud29sb21pbi5vcmdcL3dwLWNvbnRlbnRcL3VwbG9hZHNcLzIwMjVcLzAxXC96Mi5qcGciLCJzbGlkZXNob3ciOiIyZWUyNjNmIn0%3D\" href='http:\/\/spczarna.wolomin.org\/wp-content\/uploads\/2025\/01\/z2.jpg'><img decoding=\"async\" width=\"150\" height=\"150\" src=\"http:\/\/spczarna.wolomin.org\/wp-content\/uploads\/2025\/01\/z2-150x150.jpg\" class=\"attachment-thumbnail size-thumbnail\" alt=\"\" \/><\/a>\n\t\t\t<\/div><\/figure><figure class='gallery-item'>\n\t\t\t<div class='gallery-icon portrait'>\n\t\t\t\t<a data-elementor-open-lightbox=\"yes\" data-elementor-lightbox-slideshow=\"2ee263f\" data-elementor-lightbox-title=\"z5\" data-e-action-hash=\"#elementor-action%3Aaction%3Dlightbox%26settings%3DeyJpZCI6NTA2MSwidXJsIjoiaHR0cDpcL1wvc3BjemFybmEud29sb21pbi5vcmdcL3dwLWNvbnRlbnRcL3VwbG9hZHNcLzIwMjVcLzAxXC96NS5qcGciLCJzbGlkZXNob3ciOiIyZWUyNjNmIn0%3D\" href='http:\/\/spczarna.wolomin.org\/wp-content\/uploads\/2025\/01\/z5.jpg'><img decoding=\"async\" width=\"150\" height=\"150\" src=\"http:\/\/spczarna.wolomin.org\/wp-content\/uploads\/2025\/01\/z5-150x150.jpg\" class=\"attachment-thumbnail size-thumbnail\" alt=\"\" \/><\/a>\n\t\t\t<\/div><\/figure><figure class='gallery-item'>\n\t\t\t<div class='gallery-icon landscape'>\n\t\t\t\t<a data-elementor-open-lightbox=\"yes\" data-elementor-lightbox-slideshow=\"2ee263f\" data-elementor-lightbox-title=\"z3\" data-e-action-hash=\"#elementor-action%3Aaction%3Dlightbox%26settings%3DeyJpZCI6NTA1OSwidXJsIjoiaHR0cDpcL1wvc3BjemFybmEud29sb21pbi5vcmdcL3dwLWNvbnRlbnRcL3VwbG9hZHNcLzIwMjVcLzAxXC96My5qcGciLCJzbGlkZXNob3ciOiIyZWUyNjNmIn0%3D\" href='http:\/\/spczarna.wolomin.org\/wp-content\/uploads\/2025\/01\/z3.jpg'><img loading=\"lazy\" decoding=\"async\" width=\"150\" height=\"150\" src=\"http:\/\/spczarna.wolomin.org\/wp-content\/uploads\/2025\/01\/z3-150x150.jpg\" class=\"attachment-thumbnail size-thumbnail\" alt=\"\" \/><\/a>\n\t\t\t<\/div><\/figure><figure class='gallery-item'>\n\t\t\t<div class='gallery-icon landscape'>\n\t\t\t\t<a data-elementor-open-lightbox=\"yes\" data-elementor-lightbox-slideshow=\"2ee263f\" data-elementor-lightbox-title=\"z4\" data-e-action-hash=\"#elementor-action%3Aaction%3Dlightbox%26settings%3DeyJpZCI6NTA2MCwidXJsIjoiaHR0cDpcL1wvc3BjemFybmEud29sb21pbi5vcmdcL3dwLWNvbnRlbnRcL3VwbG9hZHNcLzIwMjVcLzAxXC96NC5qcGciLCJzbGlkZXNob3ciOiIyZWUyNjNmIn0%3D\" href='http:\/\/spczarna.wolomin.org\/wp-content\/uploads\/2025\/01\/z4.jpg'><img loading=\"lazy\" decoding=\"async\" width=\"150\" height=\"150\" src=\"http:\/\/spczarna.wolomin.org\/wp-content\/uploads\/2025\/01\/z4-150x150.jpg\" class=\"attachment-thumbnail size-thumbnail\" alt=\"\" \/><\/a>\n\t\t\t<\/div><\/figure>\n\t\t<\/div>\n\t\t<\/div>\n\t\t\t\t<\/div>\n\t\t\t\t<\/div>\n\t\t\t\t\t<\/div>\n\t\t<\/div>\n\t\t\t\t\t<\/div>\n\t\t<\/section>\n\t\t\t\t<\/div>\n\t\t","protected":false},"excerpt":{"rendered":"<p>\u00a0 \u00a0Uczniowie klas trzecich uczestniczyli w wyj\u0105tkowym wydarzeniu kulturalnym, kt\u00f3re odby\u0142o si\u0119 w Pa\u0142acu w Chrz\u0119snem, w ramach projektu Mazowieckiego<\/p>\n","protected":false},"author":6,"featured_media":5062,"comment_status":"closed","ping_status":"closed","sticky":false,"template":"","format":"standard","meta":{"footnotes":""},"categories":[3],"tags":[],"featured_image_urls":{"full":["http:\/\/spczarna.wolomin.org\/wp-content\/uploads\/2025\/01\/Projekt-bez-nazwy-16.jpg",677,445,false],"thumbnail":["http:\/\/spczarna.wolomin.org\/wp-content\/uploads\/2025\/01\/Projekt-bez-nazwy-16-150x150.jpg",150,150,true],"medium":["http:\/\/spczarna.wolomin.org\/wp-content\/uploads\/2025\/01\/Projekt-bez-nazwy-16-300x197.jpg",300,197,true],"medium_large":["http:\/\/spczarna.wolomin.org\/wp-content\/uploads\/2025\/01\/Projekt-bez-nazwy-16.jpg",677,445,false],"large":["http:\/\/spczarna.wolomin.org\/wp-content\/uploads\/2025\/01\/Projekt-bez-nazwy-16.jpg",677,445,false],"1536x1536":["http:\/\/spczarna.wolomin.org\/wp-content\/uploads\/2025\/01\/Projekt-bez-nazwy-16.jpg",677,445,false],"2048x2048":["http:\/\/spczarna.wolomin.org\/wp-content\/uploads\/2025\/01\/Projekt-bez-nazwy-16.jpg",677,445,false],"colormag-highlighted-post":["http:\/\/spczarna.wolomin.org\/wp-content\/uploads\/2025\/01\/Projekt-bez-nazwy-16-392x272.jpg",392,272,true],"colormag-featured-post-medium":["http:\/\/spczarna.wolomin.org\/wp-content\/uploads\/2025\/01\/Projekt-bez-nazwy-16-390x205.jpg",390,205,true],"colormag-featured-post-small":["http:\/\/spczarna.wolomin.org\/wp-content\/uploads\/2025\/01\/Projekt-bez-nazwy-16-130x90.jpg",130,90,true],"colormag-featured-image":["http:\/\/spczarna.wolomin.org\/wp-content\/uploads\/2025\/01\/Projekt-bez-nazwy-16.jpg",677,445,false],"colormag-default-news":["http:\/\/spczarna.wolomin.org\/wp-content\/uploads\/2025\/01\/Projekt-bez-nazwy-16-150x150.jpg",150,150,true],"colormag-featured-image-large":["http:\/\/spczarna.wolomin.org\/wp-content\/uploads\/2025\/01\/Projekt-bez-nazwy-16.jpg",677,445,false],"colormag-elementor-block-extra-large-thumbnail":["http:\/\/spczarna.wolomin.org\/wp-content\/uploads\/2025\/01\/Projekt-bez-nazwy-16.jpg",677,445,false],"colormag-elementor-grid-large-thumbnail":["http:\/\/spczarna.wolomin.org\/wp-content\/uploads\/2025\/01\/Projekt-bez-nazwy-16-600x417.jpg",600,417,true],"colormag-elementor-grid-small-thumbnail":["http:\/\/spczarna.wolomin.org\/wp-content\/uploads\/2025\/01\/Projekt-bez-nazwy-16-285x445.jpg",285,445,true],"colormag-elementor-grid-medium-large-thumbnail":["http:\/\/spczarna.wolomin.org\/wp-content\/uploads\/2025\/01\/Projekt-bez-nazwy-16-575x198.jpg",575,198,true]},"post_excerpt_stackable":"<p>\u00a0 \u00a0Uczniowie klas trzecich uczestniczyli w wyj\u0105tkowym wydarzeniu kulturalnym, kt\u00f3re odby\u0142o si\u0119 w Pa\u0142acu w Chrz\u0119snem, w ramach projektu Mazowieckiego Instytutu Kultury realizowanego we wsp\u00f3\u0142pracy z Powiatem Wo\u0142omi\u0144skim \u2013 pod has\u0142em \u201eChrz\u0119sne- literackie serce Mazowsza\u201d. \u00a0 \u00a023 pa\u017adziernika w trzecim dniu Festiwalu Chrz\u0119sne chrz\u0119\u015bci kultur\u0105 dzieci spotka\u0142y si\u0119 ze znan\u0105 aktork\u0105 teatraln\u0105 i filmow\u0105 Edyt\u0105 Jungowsk\u0105. Razem wybra\u0142y si\u0119 w \u201ePodro\u017c do Szwecji z bohaterami ksi\u0105\u017cek Astrid Lindgren\u201d. Uczniowie mieli okazj\u0119 aktywnie uczestniczy\u0107 w spotkaniu, zrobi\u0107 wsp\u00f3lne zdj\u0119cie, zakupi\u0107 ksi\u0105\u017cki A. Lindgren z audiobukami opracowanymi przez Edyt\u0119 Jungowsk\u0105 i poprosi\u0107 aktork\u0119 o autograf.Ma\u0142gorzata Klimkiewicz<\/p>\n","category_list":"<a href=\"http:\/\/spczarna.wolomin.org\/?cat=3\" rel=\"category\">Aktualno\u015bci<\/a>","author_info":{"name":"Rafa\u0142 Jurewicz","url":"http:\/\/spczarna.wolomin.org\/?author=6"},"comments_num":"0 comments","_links":{"self":[{"href":"http:\/\/spczarna.wolomin.org\/index.php?rest_route=\/wp\/v2\/posts\/5055"}],"collection":[{"href":"http:\/\/spczarna.wolomin.org\/index.php?rest_route=\/wp\/v2\/posts"}],"about":[{"href":"http:\/\/spczarna.wolomin.org\/index.php?rest_route=\/wp\/v2\/types\/post"}],"author":[{"embeddable":true,"href":"http:\/\/spczarna.wolomin.org\/index.php?rest_route=\/wp\/v2\/users\/6"}],"replies":[{"embeddable":true,"href":"http:\/\/spczarna.wolomin.org\/index.php?rest_route=%2Fwp%2Fv2%2Fcomments&post=5055"}],"version-history":[{"count":4,"href":"http:\/\/spczarna.wolomin.org\/index.php?rest_route=\/wp\/v2\/posts\/5055\/revisions"}],"predecessor-version":[{"id":5065,"href":"http:\/\/spczarna.wolomin.org\/index.php?rest_route=\/wp\/v2\/posts\/5055\/revisions\/5065"}],"wp:featuredmedia":[{"embeddable":true,"href":"http:\/\/spczarna.wolomin.org\/index.php?rest_route=\/wp\/v2\/media\/5062"}],"wp:attachment":[{"href":"http:\/\/spczarna.wolomin.org\/index.php?rest_route=%2Fwp%2Fv2%2Fmedia&parent=5055"}],"wp:term":[{"taxonomy":"category","embeddable":true,"href":"http:\/\/spczarna.wolomin.org\/index.php?rest_route=%2Fwp%2Fv2%2Fcategories&post=5055"},{"taxonomy":"post_tag","embeddable":true,"href":"http:\/\/spczarna.wolomin.org\/index.php?rest_route=%2Fwp%2Fv2%2Ftags&post=5055"}],"curies":[{"name":"wp","href":"https:\/\/api.w.org\/{rel}","templated":true}]}}