{"id":5081,"date":"2025-01-11T16:05:47","date_gmt":"2025-01-11T16:05:47","guid":{"rendered":"http:\/\/spczarna.wolomin.org\/?p=5081"},"modified":"2025-01-11T16:11:11","modified_gmt":"2025-01-11T16:11:11","slug":"rozstrzygniecie","status":"publish","type":"post","link":"http:\/\/spczarna.wolomin.org\/?p=5081","title":{"rendered":"Rozstrzygni\u0119cie."},"content":{"rendered":"\t\t<div data-elementor-type=\"wp-post\" data-elementor-id=\"5081\" class=\"elementor elementor-5081\">\n\t\t\t\t\t\t<section class=\"elementor-section elementor-top-section elementor-element elementor-element-0f17e57 elementor-section-boxed elementor-section-height-default elementor-section-height-default\" data-id=\"0f17e57\" data-element_type=\"section\">\n\t\t\t\t\t\t<div class=\"elementor-container elementor-column-gap-default\">\n\t\t\t\t\t<div class=\"elementor-column elementor-col-100 elementor-top-column elementor-element elementor-element-e576c78\" data-id=\"e576c78\" data-element_type=\"column\">\n\t\t\t<div class=\"elementor-widget-wrap elementor-element-populated\">\n\t\t\t\t\t\t<div class=\"elementor-element elementor-element-e2a8566 elementor-widget elementor-widget-text-editor\" data-id=\"e2a8566\" data-element_type=\"widget\" data-widget_type=\"text-editor.default\">\n\t\t\t\t<div class=\"elementor-widget-container\">\n\t\t\t\t\t\t\t<p align=\"JUSTIFY\">\u00a0 \u00a0Konkurs plastyczny na najpi\u0119kniejsze \u201eDrzewko bo\u017conarodzeniowe\u201d cieszy\u0142 si\u0119 du\u017cym zainteresowaniem, szczeg\u00f3lnie w\u015br\u00f3d uczni\u00f3w klas I \u2013III. Poziom artystyczny zg\u0142oszonych prac by\u0142 bardzo wysoki. Wy\u0142onienie laureat\u00f3w nie by\u0142o \u0142atwe. W zwi\u0105zku z tym w klasach I \u2013III przyznano:<\/p><p>I miejsce:<\/p><ol><li><p>Stanis\u0142aw Goch kl. III a<\/p><\/li><li><p>Amelia Ciok kl. III b<\/p><\/li><\/ol><p>II miejsce:<\/p><ol><li><p>Amelia Milewska kl. II a<\/p><\/li><li><p>Kornelia Kacprzyk kl. III b<\/p><\/li><\/ol><p>III miejsce:<\/p><ol><li><p>Marta Waszczuk kl. I a<\/p><\/li><li><p>Piotr Boniecki kl. I a<\/p><\/li><\/ol><p>Wyr\u00f3\u017cnienia: Amelia Krzemi\u0144ska kl. I a, Hanna Jankowska kl. I a, Jakub Wrzosek kl. I b, Igor Wardak kl. II a, Maja Sulejewska kl. II b, Gabriela Orych kl. III a, Piotr Wojda Kl. III b<\/p><p>klasy IV \u2013 VIII:<\/p><ol><li><p>Michalina Fio\u0142ek kl. V a<\/p><\/li><li><p>Wiktoria Dzi\u0119cio\u0142 kl. VI a<\/p><\/li><li><p>Julia J\u00f3\u017awiak kl. IV a<\/p><\/li><\/ol><p>Wyr\u00f3\u017cnienia: Bart\u0142omiej Wrzosek kl. IV a, Apolonia Syr\u00f3wka kl. VI b<\/p><p align=\"JUSTIFY\">Zwyci\u0119zcom i wyr\u00f3\u017cnionym serdecznie gratulujemy. Wszystkim uczestnikom dzi\u0119kujemy za ich zaanga\u017cowanie, a rodzicom za wspieranie swoich dzieci w rozwijaniu ich talent\u00f3w i pasji. Serdecznie dzi\u0119kujemy r\u00f3wnie\u017c Radzie Rodzic\u00f3w za ufundowanie nagr\u00f3d.<\/p><p align=\"RIGHT\"><b>Ma\u0142gorzata Klimkiewicz<\/b><\/p><p align=\"RIGHT\"><b>Monika Sala<\/b><\/p>\t\t\t\t\t\t<\/div>\n\t\t\t\t<\/div>\n\t\t\t\t\t<\/div>\n\t\t<\/div>\n\t\t\t\t\t<\/div>\n\t\t<\/section>\n\t\t\t\t<section class=\"elementor-section elementor-top-section elementor-element elementor-element-b77c1a5 elementor-section-boxed elementor-section-height-default elementor-section-height-default\" data-id=\"b77c1a5\" data-element_type=\"section\">\n\t\t\t\t\t\t<div class=\"elementor-container elementor-column-gap-default\">\n\t\t\t\t\t<div class=\"elementor-column elementor-col-100 elementor-top-column elementor-element elementor-element-5e8f901\" data-id=\"5e8f901\" data-element_type=\"column\">\n\t\t\t<div class=\"elementor-widget-wrap elementor-element-populated\">\n\t\t\t\t\t\t<div class=\"elementor-element elementor-element-65c679a elementor-widget elementor-widget-image-gallery\" data-id=\"65c679a\" data-element_type=\"widget\" data-widget_type=\"image-gallery.default\">\n\t\t\t\t<div class=\"elementor-widget-container\">\n\t\t\t\t\t<div class=\"elementor-image-gallery\">\n\t\t\t<div id='gallery-1' class='gallery galleryid-5081 gallery-columns-4 gallery-size-thumbnail'><figure class='gallery-item'>\n\t\t\t<div class='gallery-icon landscape'>\n\t\t\t\t<a data-elementor-open-lightbox=\"yes\" data-elementor-lightbox-slideshow=\"65c679a\" data-elementor-lightbox-title=\"z3\" data-e-action-hash=\"#elementor-action%3Aaction%3Dlightbox%26settings%3DeyJpZCI6NTA4NywidXJsIjoiaHR0cDpcL1wvc3BjemFybmEud29sb21pbi5vcmdcL3dwLWNvbnRlbnRcL3VwbG9hZHNcLzIwMjVcLzAxXC96My0yLmpwZyIsInNsaWRlc2hvdyI6IjY1YzY3OWEifQ%3D%3D\" href='http:\/\/spczarna.wolomin.org\/wp-content\/uploads\/2025\/01\/z3-2.jpg'><img decoding=\"async\" width=\"150\" height=\"150\" src=\"http:\/\/spczarna.wolomin.org\/wp-content\/uploads\/2025\/01\/z3-2-150x150.jpg\" class=\"attachment-thumbnail size-thumbnail\" alt=\"\" \/><\/a>\n\t\t\t<\/div><\/figure><figure class='gallery-item'>\n\t\t\t<div class='gallery-icon landscape'>\n\t\t\t\t<a data-elementor-open-lightbox=\"yes\" data-elementor-lightbox-slideshow=\"65c679a\" data-elementor-lightbox-title=\"z2\" data-e-action-hash=\"#elementor-action%3Aaction%3Dlightbox%26settings%3DeyJpZCI6NTA4NiwidXJsIjoiaHR0cDpcL1wvc3BjemFybmEud29sb21pbi5vcmdcL3dwLWNvbnRlbnRcL3VwbG9hZHNcLzIwMjVcLzAxXC96Mi0yLmpwZyIsInNsaWRlc2hvdyI6IjY1YzY3OWEifQ%3D%3D\" href='http:\/\/spczarna.wolomin.org\/wp-content\/uploads\/2025\/01\/z2-2.jpg'><img decoding=\"async\" width=\"150\" height=\"150\" src=\"http:\/\/spczarna.wolomin.org\/wp-content\/uploads\/2025\/01\/z2-2-150x150.jpg\" class=\"attachment-thumbnail size-thumbnail\" alt=\"\" \/><\/a>\n\t\t\t<\/div><\/figure><figure class='gallery-item'>\n\t\t\t<div class='gallery-icon landscape'>\n\t\t\t\t<a data-elementor-open-lightbox=\"yes\" data-elementor-lightbox-slideshow=\"65c679a\" data-elementor-lightbox-title=\"z1\" data-e-action-hash=\"#elementor-action%3Aaction%3Dlightbox%26settings%3DeyJpZCI6NTA4NSwidXJsIjoiaHR0cDpcL1wvc3BjemFybmEud29sb21pbi5vcmdcL3dwLWNvbnRlbnRcL3VwbG9hZHNcLzIwMjVcLzAxXC96MS0yLmpwZyIsInNsaWRlc2hvdyI6IjY1YzY3OWEifQ%3D%3D\" href='http:\/\/spczarna.wolomin.org\/wp-content\/uploads\/2025\/01\/z1-2.jpg'><img decoding=\"async\" width=\"150\" height=\"150\" src=\"http:\/\/spczarna.wolomin.org\/wp-content\/uploads\/2025\/01\/z1-2-150x150.jpg\" class=\"attachment-thumbnail size-thumbnail\" alt=\"\" \/><\/a>\n\t\t\t<\/div><\/figure>\n\t\t<\/div>\n\t\t<\/div>\n\t\t\t\t<\/div>\n\t\t\t\t<\/div>\n\t\t\t\t\t<\/div>\n\t\t<\/div>\n\t\t\t\t\t<\/div>\n\t\t<\/section>\n\t\t\t\t<\/div>\n\t\t","protected":false},"excerpt":{"rendered":"<p>\u00a0 \u00a0Konkurs plastyczny na najpi\u0119kniejsze \u201eDrzewko bo\u017conarodzeniowe\u201d cieszy\u0142 si\u0119 du\u017cym zainteresowaniem, szczeg\u00f3lnie w\u015br\u00f3d uczni\u00f3w klas I \u2013III. Poziom artystyczny zg\u0142oszonych<\/p>\n","protected":false},"author":6,"featured_media":5083,"comment_status":"closed","ping_status":"closed","sticky":false,"template":"","format":"standard","meta":{"footnotes":""},"categories":[5],"tags":[],"featured_image_urls":{"full":["http:\/\/spczarna.wolomin.org\/wp-content\/uploads\/2025\/01\/Projekt-bez-nazwy-19.jpg",677,445,false],"thumbnail":["http:\/\/spczarna.wolomin.org\/wp-content\/uploads\/2025\/01\/Projekt-bez-nazwy-19-150x150.jpg",150,150,true],"medium":["http:\/\/spczarna.wolomin.org\/wp-content\/uploads\/2025\/01\/Projekt-bez-nazwy-19-300x197.jpg",300,197,true],"medium_large":["http:\/\/spczarna.wolomin.org\/wp-content\/uploads\/2025\/01\/Projekt-bez-nazwy-19.jpg",677,445,false],"large":["http:\/\/spczarna.wolomin.org\/wp-content\/uploads\/2025\/01\/Projekt-bez-nazwy-19.jpg",677,445,false],"1536x1536":["http:\/\/spczarna.wolomin.org\/wp-content\/uploads\/2025\/01\/Projekt-bez-nazwy-19.jpg",677,445,false],"2048x2048":["http:\/\/spczarna.wolomin.org\/wp-content\/uploads\/2025\/01\/Projekt-bez-nazwy-19.jpg",677,445,false],"colormag-highlighted-post":["http:\/\/spczarna.wolomin.org\/wp-content\/uploads\/2025\/01\/Projekt-bez-nazwy-19-392x272.jpg",392,272,true],"colormag-featured-post-medium":["http:\/\/spczarna.wolomin.org\/wp-content\/uploads\/2025\/01\/Projekt-bez-nazwy-19-390x205.jpg",390,205,true],"colormag-featured-post-small":["http:\/\/spczarna.wolomin.org\/wp-content\/uploads\/2025\/01\/Projekt-bez-nazwy-19-130x90.jpg",130,90,true],"colormag-featured-image":["http:\/\/spczarna.wolomin.org\/wp-content\/uploads\/2025\/01\/Projekt-bez-nazwy-19.jpg",677,445,false],"colormag-default-news":["http:\/\/spczarna.wolomin.org\/wp-content\/uploads\/2025\/01\/Projekt-bez-nazwy-19-150x150.jpg",150,150,true],"colormag-featured-image-large":["http:\/\/spczarna.wolomin.org\/wp-content\/uploads\/2025\/01\/Projekt-bez-nazwy-19.jpg",677,445,false],"colormag-elementor-block-extra-large-thumbnail":["http:\/\/spczarna.wolomin.org\/wp-content\/uploads\/2025\/01\/Projekt-bez-nazwy-19.jpg",677,445,false],"colormag-elementor-grid-large-thumbnail":["http:\/\/spczarna.wolomin.org\/wp-content\/uploads\/2025\/01\/Projekt-bez-nazwy-19-600x417.jpg",600,417,true],"colormag-elementor-grid-small-thumbnail":["http:\/\/spczarna.wolomin.org\/wp-content\/uploads\/2025\/01\/Projekt-bez-nazwy-19-285x445.jpg",285,445,true],"colormag-elementor-grid-medium-large-thumbnail":["http:\/\/spczarna.wolomin.org\/wp-content\/uploads\/2025\/01\/Projekt-bez-nazwy-19-575x198.jpg",575,198,true]},"post_excerpt_stackable":"<p>\u00a0 \u00a0Konkurs plastyczny na najpi\u0119kniejsze \u201eDrzewko bo\u017conarodzeniowe\u201d cieszy\u0142 si\u0119 du\u017cym zainteresowaniem, szczeg\u00f3lnie w\u015br\u00f3d uczni\u00f3w klas I \u2013III. Poziom artystyczny zg\u0142oszonych prac by\u0142 bardzo wysoki. Wy\u0142onienie laureat\u00f3w nie by\u0142o \u0142atwe. W zwi\u0105zku z tym w klasach I \u2013III przyznano:I miejsce:Stanis\u0142aw Goch kl. III aAmelia Ciok kl. III bII miejsce:Amelia Milewska kl. II aKornelia Kacprzyk kl. III bIII miejsce:Marta Waszczuk kl. I aPiotr Boniecki kl. I aWyr\u00f3\u017cnienia: Amelia Krzemi\u0144ska kl. I a, Hanna Jankowska kl. I a, Jakub Wrzosek kl. I b, Igor Wardak kl. II a, Maja Sulejewska kl. II b, Gabriela Orych kl. III a, Piotr Wojda Kl. III bklasy&hellip;<\/p>\n","category_list":"<a href=\"http:\/\/spczarna.wolomin.org\/?cat=5\" rel=\"category\">Szko\u0142a<\/a>","author_info":{"name":"Rafa\u0142 Jurewicz","url":"http:\/\/spczarna.wolomin.org\/?author=6"},"comments_num":"0 comments","_links":{"self":[{"href":"http:\/\/spczarna.wolomin.org\/index.php?rest_route=\/wp\/v2\/posts\/5081"}],"collection":[{"href":"http:\/\/spczarna.wolomin.org\/index.php?rest_route=\/wp\/v2\/posts"}],"about":[{"href":"http:\/\/spczarna.wolomin.org\/index.php?rest_route=\/wp\/v2\/types\/post"}],"author":[{"embeddable":true,"href":"http:\/\/spczarna.wolomin.org\/index.php?rest_route=\/wp\/v2\/users\/6"}],"replies":[{"embeddable":true,"href":"http:\/\/spczarna.wolomin.org\/index.php?rest_route=%2Fwp%2Fv2%2Fcomments&post=5081"}],"version-history":[{"count":4,"href":"http:\/\/spczarna.wolomin.org\/index.php?rest_route=\/wp\/v2\/posts\/5081\/revisions"}],"predecessor-version":[{"id":5090,"href":"http:\/\/spczarna.wolomin.org\/index.php?rest_route=\/wp\/v2\/posts\/5081\/revisions\/5090"}],"wp:featuredmedia":[{"embeddable":true,"href":"http:\/\/spczarna.wolomin.org\/index.php?rest_route=\/wp\/v2\/media\/5083"}],"wp:attachment":[{"href":"http:\/\/spczarna.wolomin.org\/index.php?rest_route=%2Fwp%2Fv2%2Fmedia&parent=5081"}],"wp:term":[{"taxonomy":"category","embeddable":true,"href":"http:\/\/spczarna.wolomin.org\/index.php?rest_route=%2Fwp%2Fv2%2Fcategories&post=5081"},{"taxonomy":"post_tag","embeddable":true,"href":"http:\/\/spczarna.wolomin.org\/index.php?rest_route=%2Fwp%2Fv2%2Ftags&post=5081"}],"curies":[{"name":"wp","href":"https:\/\/api.w.org\/{rel}","templated":true}]}}