{"id":528,"date":"2021-08-05T08:01:00","date_gmt":"2021-08-05T08:01:00","guid":{"rendered":"http:\/\/spczarna.wolomin.org\/?p=528"},"modified":"2021-08-19T08:04:51","modified_gmt":"2021-08-19T08:04:51","slug":"grupa-wsparcia-dla-rodzicow-i-dzieci-z-zaburzeniami-lekowo-depresyjnymi","status":"publish","type":"post","link":"http:\/\/spczarna.wolomin.org\/?p=528","title":{"rendered":"Grupa wsparcia dla rodzic\u00f3w i dzieci z zaburzeniami l\u0119kowo-depresyjnymi."},"content":{"rendered":"\n<p>W ramach projektu &#8220;Jeste\u015bmy by pomaga\u0107&#8221; zapraszamy do uczestnictwa w nieodp\u0142atnej\u00a0grupie wsparcia\u00a0dla rodzic\u00f3w dzieci z zaburzeniami\u00a0l\u0119kowo-depresyjnymi.<br>Grupa jest miejscem, gdzie rodzice uzyskaj\u0105 pomoc w zrozumieniu sytuacji swojej i swojej rodziny, w odbudowaniu r\u00f3wnowagi emocjonalnej, w okre\u015bleniu kierunku rozwoju w\u0142asnego i ca\u0142ej rodziny. Rodzice b\u0119d\u0105 mogli otwarcie i bezpiecznie rozmawia\u0107 o swoich problemach i rado\u015bciach z osobami w podobnej sytuacji.<br>Korzy\u015bci: &#8211; wymiana do\u015bwiadcze\u0144 &#8211; odbudowanie r\u00f3wnowagi emocjonalnej i poszerzenie samo\u015bwiadomo\u015bci &#8211; poszerzenie wiedzy o trudno\u015bciach prze\u017cywanych przez dzieci oraz rodzinie jako systemie\u00a0<br>Szczeg\u00f3\u0142owe informacje pod telefonem fundacji w godzinach pracy biura oraz\u00a0 na stronie <a rel=\"noreferrer noopener\" href=\"http:\/\/www.fundacjaspektrum.pl\" target=\"_blank\">www.fundacjaspektrum.pl<\/a> zak\u0142adka projekty<br>Grupa jest skierowana wy\u0142\u0105cznie do mieszka\u0144c\u00f3w\u00a0gminy Wo\u0142omin<\/p>\n\n\n\n<p><br>&#8212; Fundacja spektrum\u00a0\u00a0<br>Tel.\u00a0+48 535-972-001<\/p>\n\n\n\n<p><br>Rejestracja czynna:<br>Poniedzia\u0142ek: 13:00-19:00<br>Wtorek: 8:00-14:00<br>\u015aroda: 9:00-15:00<br>Czwartek: 8:00-14:00<br>Pi\u0105tek: 9:00-15:00<\/p>\n","protected":false},"excerpt":{"rendered":"<p>W ramach projektu &#8220;Jeste\u015bmy by pomaga\u0107&#8221; zapraszamy do uczestnictwa w nieodp\u0142atnej\u00a0grupie wsparcia\u00a0dla rodzic\u00f3w dzieci z zaburzeniami\u00a0l\u0119kowo-depresyjnymi.Grupa jest miejscem, gdzie rodzice<\/p>\n","protected":false},"author":1,"featured_media":0,"comment_status":"closed","ping_status":"closed","sticky":false,"template":"","format":"standard","meta":{"footnotes":""},"categories":[3],"tags":[],"featured_image_urls":{"full":"","thumbnail":"","medium":"","medium_large":"","large":"","1536x1536":"","2048x2048":"","colormag-highlighted-post":"","colormag-featured-post-medium":"","colormag-featured-post-small":"","colormag-featured-image":"","colormag-default-news":"","colormag-featured-image-large":"","colormag-elementor-block-extra-large-thumbnail":"","colormag-elementor-grid-large-thumbnail":"","colormag-elementor-grid-small-thumbnail":"","colormag-elementor-grid-medium-large-thumbnail":""},"post_excerpt_stackable":"<p>W ramach projektu &#8220;Jeste\u015bmy by pomaga\u0107&#8221; zapraszamy do uczestnictwa w nieodp\u0142atnej\u00a0grupie wsparcia\u00a0dla rodzic\u00f3w dzieci z zaburzeniami\u00a0l\u0119kowo-depresyjnymi.Grupa jest miejscem, gdzie rodzice uzyskaj\u0105 pomoc w zrozumieniu sytuacji swojej i swojej rodziny, w odbudowaniu r\u00f3wnowagi emocjonalnej, w okre\u015bleniu kierunku rozwoju w\u0142asnego i ca\u0142ej rodziny. Rodzice b\u0119d\u0105 mogli otwarcie i bezpiecznie rozmawia\u0107 o swoich problemach i rado\u015bciach z osobami w podobnej sytuacji.Korzy\u015bci: &#8211; wymiana do\u015bwiadcze\u0144 &#8211; odbudowanie r\u00f3wnowagi emocjonalnej i poszerzenie samo\u015bwiadomo\u015bci &#8211; poszerzenie wiedzy o trudno\u015bciach prze\u017cywanych przez dzieci oraz rodzinie jako systemie\u00a0Szczeg\u00f3\u0142owe informacje pod telefonem fundacji w godzinach pracy biura oraz\u00a0 na stronie www.fundacjaspektrum.pl zak\u0142adka projektyGrupa jest skierowana wy\u0142\u0105cznie do mieszka\u0144c\u00f3w\u00a0gminy Wo\u0142omin&hellip;<\/p>\n","category_list":"<a href=\"http:\/\/spczarna.wolomin.org\/?cat=3\" rel=\"category\">Aktualno\u015bci<\/a>","author_info":{"name":"admin","url":"http:\/\/spczarna.wolomin.org\/?author=1"},"comments_num":"0 comments","_links":{"self":[{"href":"http:\/\/spczarna.wolomin.org\/index.php?rest_route=\/wp\/v2\/posts\/528"}],"collection":[{"href":"http:\/\/spczarna.wolomin.org\/index.php?rest_route=\/wp\/v2\/posts"}],"about":[{"href":"http:\/\/spczarna.wolomin.org\/index.php?rest_route=\/wp\/v2\/types\/post"}],"author":[{"embeddable":true,"href":"http:\/\/spczarna.wolomin.org\/index.php?rest_route=\/wp\/v2\/users\/1"}],"replies":[{"embeddable":true,"href":"http:\/\/spczarna.wolomin.org\/index.php?rest_route=%2Fwp%2Fv2%2Fcomments&post=528"}],"version-history":[{"count":1,"href":"http:\/\/spczarna.wolomin.org\/index.php?rest_route=\/wp\/v2\/posts\/528\/revisions"}],"predecessor-version":[{"id":529,"href":"http:\/\/spczarna.wolomin.org\/index.php?rest_route=\/wp\/v2\/posts\/528\/revisions\/529"}],"wp:attachment":[{"href":"http:\/\/spczarna.wolomin.org\/index.php?rest_route=%2Fwp%2Fv2%2Fmedia&parent=528"}],"wp:term":[{"taxonomy":"category","embeddable":true,"href":"http:\/\/spczarna.wolomin.org\/index.php?rest_route=%2Fwp%2Fv2%2Fcategories&post=528"},{"taxonomy":"post_tag","embeddable":true,"href":"http:\/\/spczarna.wolomin.org\/index.php?rest_route=%2Fwp%2Fv2%2Ftags&post=528"}],"curies":[{"name":"wp","href":"https:\/\/api.w.org\/{rel}","templated":true}]}}