{"id":5616,"date":"2025-05-30T12:09:44","date_gmt":"2025-05-30T12:09:44","guid":{"rendered":"http:\/\/spczarna.wolomin.org\/?p=5616"},"modified":"2025-05-30T12:12:27","modified_gmt":"2025-05-30T12:12:27","slug":"spotkanie-autorskie","status":"publish","type":"post","link":"http:\/\/spczarna.wolomin.org\/?p=5616","title":{"rendered":"Spotkanie autorskie."},"content":{"rendered":"\t\t<div data-elementor-type=\"wp-post\" data-elementor-id=\"5616\" class=\"elementor elementor-5616\">\n\t\t\t\t\t\t<section class=\"elementor-section elementor-top-section elementor-element elementor-element-114c53a elementor-section-boxed elementor-section-height-default elementor-section-height-default\" data-id=\"114c53a\" data-element_type=\"section\">\n\t\t\t\t\t\t<div class=\"elementor-container elementor-column-gap-default\">\n\t\t\t\t\t<div class=\"elementor-column elementor-col-100 elementor-top-column elementor-element elementor-element-b04c220\" data-id=\"b04c220\" data-element_type=\"column\">\n\t\t\t<div class=\"elementor-widget-wrap elementor-element-populated\">\n\t\t\t\t\t\t<div class=\"elementor-element elementor-element-0631cc5 elementor-widget elementor-widget-text-editor\" data-id=\"0631cc5\" data-element_type=\"widget\" data-widget_type=\"text-editor.default\">\n\t\t\t\t<div class=\"elementor-widget-container\">\n\t\t\t\t\t\t\t<p>\u00a0 \u00a0 \u00a010 czerwca odb\u0119dzie si\u0119 ostatnie ju\u017c w tym sezonie spotkanie naszego Dyskusyjnego Klubu Ksi\u0105\u017cki.<\/p><p style=\"text-align: left;\">Jak na wielki fina\u0142 przysta\u0142o \u2013 przygotowali\u015bmy pewn\u0105 niespodziank\u0119.<br \/><br \/>Do naszych rozm\u00f3w ksi\u0105\u017ckowych do\u0142\u0105czy go\u015b\u0107 specjalny \u2013 Julia M. Maj.<br \/><br \/>Julia M. Maj \u2013 absolwentka produkcji filmowej oraz prawa. Z tym drugim zwi\u0105zana zawodowo, g\u0142\u00f3wnie w obszarze prawa autorskiego, tak\u017ce w bran\u017cy wydawniczej. Po godzinach chodzi i wspina si\u0119 po g\u00f3rach.<br \/><br \/>Na spotkaniu autorskim porozmawiamy o ksi\u0105\u017cce autorki \u2013 \u201eO pi\u0119ciu osobach, kt\u00f3re odwiedzi\u0142y moj\u0105 \u017con\u0119 po mojej \u015bmierci\u201d. To b\u0142yskotliwy i brawury debiut, kt\u00f3ry troch\u0119 bawi, troch\u0119 \u015bmieszy i zostawia z refleksj\u0105, \u017ce \u015bmier\u0107 mo\u017ce nie zawsze jest ko\u0144cem wszystkiego, ale te\u017c nie warto z tego powodu ze wszystkim zwleka\u0107, p\u00f3ki nie nadejdzie*.<br \/><br \/>Serdecznie zapraszamy na to spotkanie naszych Klubowicz\u00f3w oraz wszystkie zainteresowane osoby.<br \/><br \/><strong>Uwaga! Liczba miejsc ograniczona. Bezp\u0142atne wej\u015bci\u00f3wki do odebrania w bibliotece<\/strong><\/p>\t\t\t\t\t\t<\/div>\n\t\t\t\t<\/div>\n\t\t\t\t\t<\/div>\n\t\t<\/div>\n\t\t\t\t\t<\/div>\n\t\t<\/section>\n\t\t\t\t<section class=\"elementor-section elementor-top-section elementor-element elementor-element-1aee2df elementor-section-boxed elementor-section-height-default elementor-section-height-default\" data-id=\"1aee2df\" data-element_type=\"section\">\n\t\t\t\t\t\t<div class=\"elementor-container elementor-column-gap-default\">\n\t\t\t\t\t<div class=\"elementor-column elementor-col-100 elementor-top-column elementor-element elementor-element-b119d86\" data-id=\"b119d86\" data-element_type=\"column\">\n\t\t\t<div class=\"elementor-widget-wrap elementor-element-populated\">\n\t\t\t\t\t\t<div class=\"elementor-element elementor-element-cedf8ad elementor-widget elementor-widget-image\" data-id=\"cedf8ad\" data-element_type=\"widget\" data-widget_type=\"image.default\">\n\t\t\t\t<div class=\"elementor-widget-container\">\n\t\t\t\t\t\t\t\t\t\t\t\t\t<img fetchpriority=\"high\" decoding=\"async\" width=\"315\" height=\"445\" src=\"http:\/\/spczarna.wolomin.org\/wp-content\/uploads\/2025\/05\/Julia-M.-Maj-\u2013-spotkanie-autorskie.jpg\" class=\"attachment-full size-full wp-image-5618\" alt=\"\" srcset=\"http:\/\/spczarna.wolomin.org\/wp-content\/uploads\/2025\/05\/Julia-M.-Maj-\u2013-spotkanie-autorskie.jpg 315w, http:\/\/spczarna.wolomin.org\/wp-content\/uploads\/2025\/05\/Julia-M.-Maj-\u2013-spotkanie-autorskie-212x300.jpg 212w\" sizes=\"(max-width: 315px) 100vw, 315px\" \/>\t\t\t\t\t\t\t\t\t\t\t\t\t<\/div>\n\t\t\t\t<\/div>\n\t\t\t\t\t<\/div>\n\t\t<\/div>\n\t\t\t\t\t<\/div>\n\t\t<\/section>\n\t\t\t\t<\/div>\n\t\t","protected":false},"excerpt":{"rendered":"<p>\u00a0 \u00a0 \u00a010 czerwca odb\u0119dzie si\u0119 ostatnie ju\u017c w tym sezonie spotkanie naszego Dyskusyjnego Klubu Ksi\u0105\u017cki. Jak na wielki fina\u0142<\/p>\n","protected":false},"author":6,"featured_media":5619,"comment_status":"closed","ping_status":"closed","sticky":false,"template":"","format":"standard","meta":{"footnotes":""},"categories":[3],"tags":[],"featured_image_urls":{"full":["http:\/\/spczarna.wolomin.org\/wp-content\/uploads\/2025\/05\/Projekt-bez-nazwy-34.jpg",677,445,false],"thumbnail":["http:\/\/spczarna.wolomin.org\/wp-content\/uploads\/2025\/05\/Projekt-bez-nazwy-34-150x150.jpg",150,150,true],"medium":["http:\/\/spczarna.wolomin.org\/wp-content\/uploads\/2025\/05\/Projekt-bez-nazwy-34-300x197.jpg",300,197,true],"medium_large":["http:\/\/spczarna.wolomin.org\/wp-content\/uploads\/2025\/05\/Projekt-bez-nazwy-34.jpg",677,445,false],"large":["http:\/\/spczarna.wolomin.org\/wp-content\/uploads\/2025\/05\/Projekt-bez-nazwy-34.jpg",677,445,false],"1536x1536":["http:\/\/spczarna.wolomin.org\/wp-content\/uploads\/2025\/05\/Projekt-bez-nazwy-34.jpg",677,445,false],"2048x2048":["http:\/\/spczarna.wolomin.org\/wp-content\/uploads\/2025\/05\/Projekt-bez-nazwy-34.jpg",677,445,false],"colormag-highlighted-post":["http:\/\/spczarna.wolomin.org\/wp-content\/uploads\/2025\/05\/Projekt-bez-nazwy-34-392x272.jpg",392,272,true],"colormag-featured-post-medium":["http:\/\/spczarna.wolomin.org\/wp-content\/uploads\/2025\/05\/Projekt-bez-nazwy-34-390x205.jpg",390,205,true],"colormag-featured-post-small":["http:\/\/spczarna.wolomin.org\/wp-content\/uploads\/2025\/05\/Projekt-bez-nazwy-34-130x90.jpg",130,90,true],"colormag-featured-image":["http:\/\/spczarna.wolomin.org\/wp-content\/uploads\/2025\/05\/Projekt-bez-nazwy-34.jpg",677,445,false],"colormag-default-news":["http:\/\/spczarna.wolomin.org\/wp-content\/uploads\/2025\/05\/Projekt-bez-nazwy-34-150x150.jpg",150,150,true],"colormag-featured-image-large":["http:\/\/spczarna.wolomin.org\/wp-content\/uploads\/2025\/05\/Projekt-bez-nazwy-34.jpg",677,445,false],"colormag-elementor-block-extra-large-thumbnail":["http:\/\/spczarna.wolomin.org\/wp-content\/uploads\/2025\/05\/Projekt-bez-nazwy-34.jpg",677,445,false],"colormag-elementor-grid-large-thumbnail":["http:\/\/spczarna.wolomin.org\/wp-content\/uploads\/2025\/05\/Projekt-bez-nazwy-34-600x417.jpg",600,417,true],"colormag-elementor-grid-small-thumbnail":["http:\/\/spczarna.wolomin.org\/wp-content\/uploads\/2025\/05\/Projekt-bez-nazwy-34-285x445.jpg",285,445,true],"colormag-elementor-grid-medium-large-thumbnail":["http:\/\/spczarna.wolomin.org\/wp-content\/uploads\/2025\/05\/Projekt-bez-nazwy-34-575x198.jpg",575,198,true]},"post_excerpt_stackable":"<p>\u00a0 \u00a0 \u00a010 czerwca odb\u0119dzie si\u0119 ostatnie ju\u017c w tym sezonie spotkanie naszego Dyskusyjnego Klubu Ksi\u0105\u017cki.Jak na wielki fina\u0142 przysta\u0142o \u2013 przygotowali\u015bmy pewn\u0105 niespodziank\u0119.Do naszych rozm\u00f3w ksi\u0105\u017ckowych do\u0142\u0105czy go\u015b\u0107 specjalny \u2013 Julia M. Maj.Julia M. Maj \u2013 absolwentka produkcji filmowej oraz prawa. Z tym drugim zwi\u0105zana zawodowo, g\u0142\u00f3wnie w obszarze prawa autorskiego, tak\u017ce w bran\u017cy wydawniczej. Po godzinach chodzi i wspina si\u0119 po g\u00f3rach.Na spotkaniu autorskim porozmawiamy o ksi\u0105\u017cce autorki \u2013 \u201eO pi\u0119ciu osobach, kt\u00f3re odwiedzi\u0142y moj\u0105 \u017con\u0119 po mojej \u015bmierci\u201d. To b\u0142yskotliwy i brawury debiut, kt\u00f3ry troch\u0119 bawi, troch\u0119 \u015bmieszy i zostawia z refleksj\u0105, \u017ce \u015bmier\u0107 mo\u017ce nie zawsze&hellip;<\/p>\n","category_list":"<a href=\"http:\/\/spczarna.wolomin.org\/?cat=3\" rel=\"category\">Aktualno\u015bci<\/a>","author_info":{"name":"Rafa\u0142 Jurewicz","url":"http:\/\/spczarna.wolomin.org\/?author=6"},"comments_num":"0 comments","_links":{"self":[{"href":"http:\/\/spczarna.wolomin.org\/index.php?rest_route=\/wp\/v2\/posts\/5616"}],"collection":[{"href":"http:\/\/spczarna.wolomin.org\/index.php?rest_route=\/wp\/v2\/posts"}],"about":[{"href":"http:\/\/spczarna.wolomin.org\/index.php?rest_route=\/wp\/v2\/types\/post"}],"author":[{"embeddable":true,"href":"http:\/\/spczarna.wolomin.org\/index.php?rest_route=\/wp\/v2\/users\/6"}],"replies":[{"embeddable":true,"href":"http:\/\/spczarna.wolomin.org\/index.php?rest_route=%2Fwp%2Fv2%2Fcomments&post=5616"}],"version-history":[{"count":4,"href":"http:\/\/spczarna.wolomin.org\/index.php?rest_route=\/wp\/v2\/posts\/5616\/revisions"}],"predecessor-version":[{"id":5622,"href":"http:\/\/spczarna.wolomin.org\/index.php?rest_route=\/wp\/v2\/posts\/5616\/revisions\/5622"}],"wp:featuredmedia":[{"embeddable":true,"href":"http:\/\/spczarna.wolomin.org\/index.php?rest_route=\/wp\/v2\/media\/5619"}],"wp:attachment":[{"href":"http:\/\/spczarna.wolomin.org\/index.php?rest_route=%2Fwp%2Fv2%2Fmedia&parent=5616"}],"wp:term":[{"taxonomy":"category","embeddable":true,"href":"http:\/\/spczarna.wolomin.org\/index.php?rest_route=%2Fwp%2Fv2%2Fcategories&post=5616"},{"taxonomy":"post_tag","embeddable":true,"href":"http:\/\/spczarna.wolomin.org\/index.php?rest_route=%2Fwp%2Fv2%2Ftags&post=5616"}],"curies":[{"name":"wp","href":"https:\/\/api.w.org\/{rel}","templated":true}]}}