{"id":5805,"date":"2025-07-07T19:56:47","date_gmt":"2025-07-07T19:56:47","guid":{"rendered":"http:\/\/spczarna.wolomin.org\/?p=5805"},"modified":"2025-07-07T20:01:03","modified_gmt":"2025-07-07T20:01:03","slug":"uroczyste-zakonczenie-roku-szkolnego-2024-2025","status":"publish","type":"post","link":"http:\/\/spczarna.wolomin.org\/?p=5805","title":{"rendered":"Uroczyste zako\u0144czenie roku szkolnego 2024\/2025"},"content":{"rendered":"\t\t<div data-elementor-type=\"wp-post\" data-elementor-id=\"5805\" class=\"elementor elementor-5805\">\n\t\t\t\t\t\t<section class=\"elementor-section elementor-top-section elementor-element elementor-element-6c452e2 elementor-section-boxed elementor-section-height-default elementor-section-height-default\" data-id=\"6c452e2\" data-element_type=\"section\">\n\t\t\t\t\t\t<div class=\"elementor-container elementor-column-gap-default\">\n\t\t\t\t\t<div class=\"elementor-column elementor-col-100 elementor-top-column elementor-element elementor-element-f719083\" data-id=\"f719083\" data-element_type=\"column\">\n\t\t\t<div class=\"elementor-widget-wrap elementor-element-populated\">\n\t\t\t\t\t\t<div class=\"elementor-element elementor-element-28732fd elementor-widget elementor-widget-text-editor\" data-id=\"28732fd\" data-element_type=\"widget\" data-widget_type=\"text-editor.default\">\n\t\t\t\t<div class=\"elementor-widget-container\">\n\t\t\t\t\t\t\t<p align=\"JUSTIFY\">\u00a0 \u00a0 \u00a027 czerwca 2025 r. w naszej szkole odby\u0142o si\u0119 uroczyste zako\u0144czenie roku szkolnego 2024\/2025, kt\u00f3re zgromadzi\u0142o spo\u0142eczno\u015b\u0107 uczniowsk\u0105, nauczycieli i rodzic\u00f3w, oraz zaproszonych go\u015bci. Uroczysto\u015b\u0107 rozpocz\u0119\u0142a si\u0119 walcem z \u201eNocy i dni\u201d w wykonaniu uczni\u00f3w klasy III b. Po czym nast\u0105pi\u0142o powitanie wszystkich zgromadzonych. Nast\u0119pnie klasa III b za\u015bpiewa\u0142a piosenk\u0119 \u201eDni, kt\u00f3rych nie znamy\u201d. Po wst\u0119pie i wprowadzeniu odby\u0142a si\u0119 cz\u0119\u015b\u0107 oficjalna, kt\u00f3ra zacz\u0119\u0142a si\u0119 od przekazania sztandaru szko\u0142y. Dotychczasowy poczet sztandarowy sk\u0142adaj\u0105cy si\u0119 z uczni\u00f3w klasy VIII przekaza\u0142 sztandar uczniom klasy VII. Nast\u0119pnie g\u0142os zabra\u0142a pani Dyrektor Teresa Kowalczyk, kt\u00f3ra podsumowa\u0142a mijaj\u0105cy rok szkolny, jako czas pe\u0142en wyzwa\u0144 i ci\u0119\u017ckiej pracy. Nast\u0119pnie wr\u0119czy\u0142a uczniom liczne nagrody za wysokie wyniki w nauce i zachowanie, oraz za stuprocentow\u0105 frekwencj\u0119. Podzi\u0119kowa\u0142a r\u00f3wnie\u017c rodzicom za pomoc i zaanga\u017cowanie w \u017cycie szko\u0142y. Rozdano tak\u017ce nagrody dla najlepszych czytelnik\u00f3w. Z uwagi na to, \u017ce dla trzecich klas by\u0142 to dzie\u0144 szczeg\u00f3lny, poniewa\u017c ko\u0144czyli oni pierwszy etap edukacji, nagrody wr\u0119czy\u0142 im patron szko\u0142y gen. Jan Henry D\u0105browski, w kt\u00f3rego wcieli\u0142 si\u0119 ucze\u0144 klasy \u00f3smej. Nagrody dla trzecioklasist\u00f3w r\u00f3wnie\u017c by\u0142y wyj\u0105tkowe. Ka\u017cdy ucze\u0144 odnosi\u0142 sukcesy na miar\u0119 swoich mo\u017cliwo\u015bci, dlatego ka\u017cdy otrzyma\u0142 order \u201eUcze\u0144 Roku 2024\/2025\u201d w kategorii na kt\u00f3r\u0105 zas\u0142u\u017cy\u0142. Na tym zako\u0144czy\u0142a si\u0119 cz\u0119\u015b\u0107 oficjalna. Kolejnym punktem programu by\u0142y wyst\u0119py klas trzecich. Na pocz\u0105tek klas III a za\u015bpiewa\u0142a piosenk\u0119 pt. \u201eAle to ju\u017c by\u0142o\u201d, nast\u0119pnie uczniowie wyrecytowali wierszyki i zata\u0144czyli taniec z szarfami. Po czym przyszed\u0142 czas na kolejne wyst\u0119py uczni\u00f3w klasy III b. Na zako\u0144czenie prowadz\u0105ca podzi\u0119kowa\u0142a za uwag\u0119 i \u017cyczy\u0142a udanych wakacji. Na koniec uczniowie wraz z wychowawcami udali si\u0119 do klas, gdzie otrzymali \u015bwiadectwa. Dzie\u0144 ten by\u0142 pe\u0142en refleksji, podzi\u0119kowa\u0144, rado\u015bci z osi\u0105gni\u0119\u0107, oraz entuzjazmu i energii na nadchodz\u0105ce wakacje.<\/p><p align=\"RIGHT\"><strong>Udanych wakacji i do zobaczenia we wrze\u015bniu.<\/strong><\/p><p align=\"RIGHT\"><strong>Ma\u0142gorzata Klimkiewicz<\/strong><\/p><p>\u00a0<\/p>\t\t\t\t\t\t<\/div>\n\t\t\t\t<\/div>\n\t\t\t\t\t<\/div>\n\t\t<\/div>\n\t\t\t\t\t<\/div>\n\t\t<\/section>\n\t\t\t\t<section class=\"elementor-section elementor-top-section elementor-element elementor-element-699dcb9 elementor-section-boxed elementor-section-height-default elementor-section-height-default\" data-id=\"699dcb9\" data-element_type=\"section\">\n\t\t\t\t\t\t<div class=\"elementor-container elementor-column-gap-default\">\n\t\t\t\t\t<div class=\"elementor-column elementor-col-100 elementor-top-column elementor-element elementor-element-23541aa\" data-id=\"23541aa\" data-element_type=\"column\">\n\t\t\t<div class=\"elementor-widget-wrap elementor-element-populated\">\n\t\t\t\t\t\t<div class=\"elementor-element elementor-element-c7e9026 elementor-widget elementor-widget-image-gallery\" data-id=\"c7e9026\" data-element_type=\"widget\" data-widget_type=\"image-gallery.default\">\n\t\t\t\t<div class=\"elementor-widget-container\">\n\t\t\t\t\t<div class=\"elementor-image-gallery\">\n\t\t\t<div id='gallery-1' class='gallery galleryid-5805 gallery-columns-3 gallery-size-thumbnail'><figure class='gallery-item'>\n\t\t\t<div class='gallery-icon landscape'>\n\t\t\t\t<a data-elementor-open-lightbox=\"yes\" data-elementor-lightbox-slideshow=\"c7e9026\" data-elementor-lightbox-title=\"1\" data-e-action-hash=\"#elementor-action%3Aaction%3Dlightbox%26settings%3DeyJpZCI6NTgwNywidXJsIjoiaHR0cDpcL1wvc3BjemFybmEud29sb21pbi5vcmdcL3dwLWNvbnRlbnRcL3VwbG9hZHNcLzIwMjVcLzA3XC8xLmpwZyIsInNsaWRlc2hvdyI6ImM3ZTkwMjYifQ%3D%3D\" href='http:\/\/spczarna.wolomin.org\/wp-content\/uploads\/2025\/07\/1.jpg'><img decoding=\"async\" width=\"150\" height=\"150\" src=\"http:\/\/spczarna.wolomin.org\/wp-content\/uploads\/2025\/07\/1-150x150.jpg\" class=\"attachment-thumbnail size-thumbnail\" alt=\"\" \/><\/a>\n\t\t\t<\/div><\/figure><figure class='gallery-item'>\n\t\t\t<div class='gallery-icon landscape'>\n\t\t\t\t<a data-elementor-open-lightbox=\"yes\" data-elementor-lightbox-slideshow=\"c7e9026\" data-elementor-lightbox-title=\"2\" data-e-action-hash=\"#elementor-action%3Aaction%3Dlightbox%26settings%3DeyJpZCI6NTgwOCwidXJsIjoiaHR0cDpcL1wvc3BjemFybmEud29sb21pbi5vcmdcL3dwLWNvbnRlbnRcL3VwbG9hZHNcLzIwMjVcLzA3XC8yLmpwZyIsInNsaWRlc2hvdyI6ImM3ZTkwMjYifQ%3D%3D\" href='http:\/\/spczarna.wolomin.org\/wp-content\/uploads\/2025\/07\/2.jpg'><img decoding=\"async\" width=\"150\" height=\"150\" src=\"http:\/\/spczarna.wolomin.org\/wp-content\/uploads\/2025\/07\/2-150x150.jpg\" class=\"attachment-thumbnail size-thumbnail\" alt=\"\" \/><\/a>\n\t\t\t<\/div><\/figure><figure class='gallery-item'>\n\t\t\t<div class='gallery-icon landscape'>\n\t\t\t\t<a data-elementor-open-lightbox=\"yes\" data-elementor-lightbox-slideshow=\"c7e9026\" data-elementor-lightbox-title=\"3\" data-e-action-hash=\"#elementor-action%3Aaction%3Dlightbox%26settings%3DeyJpZCI6NTgwOSwidXJsIjoiaHR0cDpcL1wvc3BjemFybmEud29sb21pbi5vcmdcL3dwLWNvbnRlbnRcL3VwbG9hZHNcLzIwMjVcLzA3XC8zLmpwZyIsInNsaWRlc2hvdyI6ImM3ZTkwMjYifQ%3D%3D\" href='http:\/\/spczarna.wolomin.org\/wp-content\/uploads\/2025\/07\/3.jpg'><img decoding=\"async\" width=\"150\" height=\"150\" src=\"http:\/\/spczarna.wolomin.org\/wp-content\/uploads\/2025\/07\/3-150x150.jpg\" class=\"attachment-thumbnail size-thumbnail\" alt=\"\" \/><\/a>\n\t\t\t<\/div><\/figure><figure class='gallery-item'>\n\t\t\t<div class='gallery-icon portrait'>\n\t\t\t\t<a data-elementor-open-lightbox=\"yes\" data-elementor-lightbox-slideshow=\"c7e9026\" data-elementor-lightbox-title=\"4\" data-e-action-hash=\"#elementor-action%3Aaction%3Dlightbox%26settings%3DeyJpZCI6NTgxMCwidXJsIjoiaHR0cDpcL1wvc3BjemFybmEud29sb21pbi5vcmdcL3dwLWNvbnRlbnRcL3VwbG9hZHNcLzIwMjVcLzA3XC80LmpwZyIsInNsaWRlc2hvdyI6ImM3ZTkwMjYifQ%3D%3D\" href='http:\/\/spczarna.wolomin.org\/wp-content\/uploads\/2025\/07\/4.jpg'><img loading=\"lazy\" decoding=\"async\" width=\"150\" height=\"150\" src=\"http:\/\/spczarna.wolomin.org\/wp-content\/uploads\/2025\/07\/4-150x150.jpg\" class=\"attachment-thumbnail size-thumbnail\" alt=\"\" \/><\/a>\n\t\t\t<\/div><\/figure><figure class='gallery-item'>\n\t\t\t<div class='gallery-icon landscape'>\n\t\t\t\t<a data-elementor-open-lightbox=\"yes\" data-elementor-lightbox-slideshow=\"c7e9026\" data-elementor-lightbox-title=\"5\" data-e-action-hash=\"#elementor-action%3Aaction%3Dlightbox%26settings%3DeyJpZCI6NTgxMSwidXJsIjoiaHR0cDpcL1wvc3BjemFybmEud29sb21pbi5vcmdcL3dwLWNvbnRlbnRcL3VwbG9hZHNcLzIwMjVcLzA3XC81LmpwZyIsInNsaWRlc2hvdyI6ImM3ZTkwMjYifQ%3D%3D\" href='http:\/\/spczarna.wolomin.org\/wp-content\/uploads\/2025\/07\/5.jpg'><img loading=\"lazy\" decoding=\"async\" width=\"150\" height=\"150\" src=\"http:\/\/spczarna.wolomin.org\/wp-content\/uploads\/2025\/07\/5-150x150.jpg\" class=\"attachment-thumbnail size-thumbnail\" alt=\"\" \/><\/a>\n\t\t\t<\/div><\/figure><figure class='gallery-item'>\n\t\t\t<div class='gallery-icon landscape'>\n\t\t\t\t<a data-elementor-open-lightbox=\"yes\" data-elementor-lightbox-slideshow=\"c7e9026\" data-elementor-lightbox-title=\"6\" data-e-action-hash=\"#elementor-action%3Aaction%3Dlightbox%26settings%3DeyJpZCI6NTgxMiwidXJsIjoiaHR0cDpcL1wvc3BjemFybmEud29sb21pbi5vcmdcL3dwLWNvbnRlbnRcL3VwbG9hZHNcLzIwMjVcLzA3XC82LmpwZyIsInNsaWRlc2hvdyI6ImM3ZTkwMjYifQ%3D%3D\" href='http:\/\/spczarna.wolomin.org\/wp-content\/uploads\/2025\/07\/6.jpg'><img loading=\"lazy\" decoding=\"async\" width=\"150\" height=\"150\" src=\"http:\/\/spczarna.wolomin.org\/wp-content\/uploads\/2025\/07\/6-150x150.jpg\" class=\"attachment-thumbnail size-thumbnail\" alt=\"\" \/><\/a>\n\t\t\t<\/div><\/figure><figure class='gallery-item'>\n\t\t\t<div class='gallery-icon landscape'>\n\t\t\t\t<a data-elementor-open-lightbox=\"yes\" data-elementor-lightbox-slideshow=\"c7e9026\" data-elementor-lightbox-title=\"7\" data-e-action-hash=\"#elementor-action%3Aaction%3Dlightbox%26settings%3DeyJpZCI6NTgxMywidXJsIjoiaHR0cDpcL1wvc3BjemFybmEud29sb21pbi5vcmdcL3dwLWNvbnRlbnRcL3VwbG9hZHNcLzIwMjVcLzA3XC83LmpwZyIsInNsaWRlc2hvdyI6ImM3ZTkwMjYifQ%3D%3D\" href='http:\/\/spczarna.wolomin.org\/wp-content\/uploads\/2025\/07\/7.jpg'><img loading=\"lazy\" decoding=\"async\" width=\"150\" height=\"150\" src=\"http:\/\/spczarna.wolomin.org\/wp-content\/uploads\/2025\/07\/7-150x150.jpg\" class=\"attachment-thumbnail size-thumbnail\" alt=\"\" \/><\/a>\n\t\t\t<\/div><\/figure><figure class='gallery-item'>\n\t\t\t<div class='gallery-icon landscape'>\n\t\t\t\t<a data-elementor-open-lightbox=\"yes\" data-elementor-lightbox-slideshow=\"c7e9026\" data-elementor-lightbox-title=\"8\" data-e-action-hash=\"#elementor-action%3Aaction%3Dlightbox%26settings%3DeyJpZCI6NTgxNCwidXJsIjoiaHR0cDpcL1wvc3BjemFybmEud29sb21pbi5vcmdcL3dwLWNvbnRlbnRcL3VwbG9hZHNcLzIwMjVcLzA3XC84LmpwZyIsInNsaWRlc2hvdyI6ImM3ZTkwMjYifQ%3D%3D\" href='http:\/\/spczarna.wolomin.org\/wp-content\/uploads\/2025\/07\/8.jpg'><img loading=\"lazy\" decoding=\"async\" width=\"150\" height=\"150\" src=\"http:\/\/spczarna.wolomin.org\/wp-content\/uploads\/2025\/07\/8-150x150.jpg\" class=\"attachment-thumbnail size-thumbnail\" alt=\"\" \/><\/a>\n\t\t\t<\/div><\/figure><figure class='gallery-item'>\n\t\t\t<div class='gallery-icon landscape'>\n\t\t\t\t<a data-elementor-open-lightbox=\"yes\" data-elementor-lightbox-slideshow=\"c7e9026\" data-elementor-lightbox-title=\"9\" data-e-action-hash=\"#elementor-action%3Aaction%3Dlightbox%26settings%3DeyJpZCI6NTgxNSwidXJsIjoiaHR0cDpcL1wvc3BjemFybmEud29sb21pbi5vcmdcL3dwLWNvbnRlbnRcL3VwbG9hZHNcLzIwMjVcLzA3XC85LmpwZyIsInNsaWRlc2hvdyI6ImM3ZTkwMjYifQ%3D%3D\" href='http:\/\/spczarna.wolomin.org\/wp-content\/uploads\/2025\/07\/9.jpg'><img loading=\"lazy\" decoding=\"async\" width=\"150\" height=\"150\" src=\"http:\/\/spczarna.wolomin.org\/wp-content\/uploads\/2025\/07\/9-150x150.jpg\" class=\"attachment-thumbnail size-thumbnail\" alt=\"\" \/><\/a>\n\t\t\t<\/div><\/figure><figure class='gallery-item'>\n\t\t\t<div class='gallery-icon landscape'>\n\t\t\t\t<a data-elementor-open-lightbox=\"yes\" data-elementor-lightbox-slideshow=\"c7e9026\" data-elementor-lightbox-title=\"10\" data-e-action-hash=\"#elementor-action%3Aaction%3Dlightbox%26settings%3DeyJpZCI6NTgxNiwidXJsIjoiaHR0cDpcL1wvc3BjemFybmEud29sb21pbi5vcmdcL3dwLWNvbnRlbnRcL3VwbG9hZHNcLzIwMjVcLzA3XC8xMC5qcGciLCJzbGlkZXNob3ciOiJjN2U5MDI2In0%3D\" href='http:\/\/spczarna.wolomin.org\/wp-content\/uploads\/2025\/07\/10.jpg'><img loading=\"lazy\" decoding=\"async\" width=\"150\" height=\"150\" src=\"http:\/\/spczarna.wolomin.org\/wp-content\/uploads\/2025\/07\/10-150x150.jpg\" class=\"attachment-thumbnail size-thumbnail\" alt=\"\" \/><\/a>\n\t\t\t<\/div><\/figure><figure class='gallery-item'>\n\t\t\t<div class='gallery-icon landscape'>\n\t\t\t\t<a data-elementor-open-lightbox=\"yes\" data-elementor-lightbox-slideshow=\"c7e9026\" data-elementor-lightbox-title=\"11\" data-e-action-hash=\"#elementor-action%3Aaction%3Dlightbox%26settings%3DeyJpZCI6NTgxNywidXJsIjoiaHR0cDpcL1wvc3BjemFybmEud29sb21pbi5vcmdcL3dwLWNvbnRlbnRcL3VwbG9hZHNcLzIwMjVcLzA3XC8xMS5qcGciLCJzbGlkZXNob3ciOiJjN2U5MDI2In0%3D\" href='http:\/\/spczarna.wolomin.org\/wp-content\/uploads\/2025\/07\/11.jpg'><img loading=\"lazy\" decoding=\"async\" width=\"150\" height=\"150\" src=\"http:\/\/spczarna.wolomin.org\/wp-content\/uploads\/2025\/07\/11-150x150.jpg\" class=\"attachment-thumbnail size-thumbnail\" alt=\"\" \/><\/a>\n\t\t\t<\/div><\/figure><figure class='gallery-item'>\n\t\t\t<div class='gallery-icon portrait'>\n\t\t\t\t<a data-elementor-open-lightbox=\"yes\" data-elementor-lightbox-slideshow=\"c7e9026\" data-elementor-lightbox-title=\"12\" data-e-action-hash=\"#elementor-action%3Aaction%3Dlightbox%26settings%3DeyJpZCI6NTgxOCwidXJsIjoiaHR0cDpcL1wvc3BjemFybmEud29sb21pbi5vcmdcL3dwLWNvbnRlbnRcL3VwbG9hZHNcLzIwMjVcLzA3XC8xMi5qcGciLCJzbGlkZXNob3ciOiJjN2U5MDI2In0%3D\" href='http:\/\/spczarna.wolomin.org\/wp-content\/uploads\/2025\/07\/12.jpg'><img loading=\"lazy\" decoding=\"async\" width=\"150\" height=\"150\" src=\"http:\/\/spczarna.wolomin.org\/wp-content\/uploads\/2025\/07\/12-150x150.jpg\" class=\"attachment-thumbnail size-thumbnail\" alt=\"\" \/><\/a>\n\t\t\t<\/div><\/figure><figure class='gallery-item'>\n\t\t\t<div class='gallery-icon portrait'>\n\t\t\t\t<a data-elementor-open-lightbox=\"yes\" data-elementor-lightbox-slideshow=\"c7e9026\" data-elementor-lightbox-title=\"13\" data-e-action-hash=\"#elementor-action%3Aaction%3Dlightbox%26settings%3DeyJpZCI6NTgxOSwidXJsIjoiaHR0cDpcL1wvc3BjemFybmEud29sb21pbi5vcmdcL3dwLWNvbnRlbnRcL3VwbG9hZHNcLzIwMjVcLzA3XC8xMy5qcGciLCJzbGlkZXNob3ciOiJjN2U5MDI2In0%3D\" href='http:\/\/spczarna.wolomin.org\/wp-content\/uploads\/2025\/07\/13.jpg'><img loading=\"lazy\" decoding=\"async\" width=\"150\" height=\"150\" src=\"http:\/\/spczarna.wolomin.org\/wp-content\/uploads\/2025\/07\/13-150x150.jpg\" class=\"attachment-thumbnail size-thumbnail\" alt=\"\" \/><\/a>\n\t\t\t<\/div><\/figure><figure class='gallery-item'>\n\t\t\t<div class='gallery-icon portrait'>\n\t\t\t\t<a data-elementor-open-lightbox=\"yes\" data-elementor-lightbox-slideshow=\"c7e9026\" data-elementor-lightbox-title=\"14\" data-e-action-hash=\"#elementor-action%3Aaction%3Dlightbox%26settings%3DeyJpZCI6NTgyMCwidXJsIjoiaHR0cDpcL1wvc3BjemFybmEud29sb21pbi5vcmdcL3dwLWNvbnRlbnRcL3VwbG9hZHNcLzIwMjVcLzA3XC8xNC5qcGciLCJzbGlkZXNob3ciOiJjN2U5MDI2In0%3D\" href='http:\/\/spczarna.wolomin.org\/wp-content\/uploads\/2025\/07\/14.jpg'><img loading=\"lazy\" decoding=\"async\" width=\"150\" height=\"150\" src=\"http:\/\/spczarna.wolomin.org\/wp-content\/uploads\/2025\/07\/14-150x150.jpg\" class=\"attachment-thumbnail size-thumbnail\" alt=\"\" \/><\/a>\n\t\t\t<\/div><\/figure><figure class='gallery-item'>\n\t\t\t<div class='gallery-icon portrait'>\n\t\t\t\t<a data-elementor-open-lightbox=\"yes\" data-elementor-lightbox-slideshow=\"c7e9026\" data-elementor-lightbox-title=\"15\" data-e-action-hash=\"#elementor-action%3Aaction%3Dlightbox%26settings%3DeyJpZCI6NTgyMSwidXJsIjoiaHR0cDpcL1wvc3BjemFybmEud29sb21pbi5vcmdcL3dwLWNvbnRlbnRcL3VwbG9hZHNcLzIwMjVcLzA3XC8xNS5qcGciLCJzbGlkZXNob3ciOiJjN2U5MDI2In0%3D\" href='http:\/\/spczarna.wolomin.org\/wp-content\/uploads\/2025\/07\/15.jpg'><img loading=\"lazy\" decoding=\"async\" width=\"150\" height=\"150\" src=\"http:\/\/spczarna.wolomin.org\/wp-content\/uploads\/2025\/07\/15-150x150.jpg\" class=\"attachment-thumbnail size-thumbnail\" alt=\"\" \/><\/a>\n\t\t\t<\/div><\/figure><figure class='gallery-item'>\n\t\t\t<div class='gallery-icon landscape'>\n\t\t\t\t<a data-elementor-open-lightbox=\"yes\" data-elementor-lightbox-slideshow=\"c7e9026\" data-elementor-lightbox-title=\"16\" data-e-action-hash=\"#elementor-action%3Aaction%3Dlightbox%26settings%3DeyJpZCI6NTgyMiwidXJsIjoiaHR0cDpcL1wvc3BjemFybmEud29sb21pbi5vcmdcL3dwLWNvbnRlbnRcL3VwbG9hZHNcLzIwMjVcLzA3XC8xNi5qcGciLCJzbGlkZXNob3ciOiJjN2U5MDI2In0%3D\" href='http:\/\/spczarna.wolomin.org\/wp-content\/uploads\/2025\/07\/16.jpg'><img loading=\"lazy\" decoding=\"async\" width=\"150\" height=\"150\" src=\"http:\/\/spczarna.wolomin.org\/wp-content\/uploads\/2025\/07\/16-150x150.jpg\" class=\"attachment-thumbnail size-thumbnail\" alt=\"\" \/><\/a>\n\t\t\t<\/div><\/figure>\n\t\t<\/div>\n\t\t<\/div>\n\t\t\t\t<\/div>\n\t\t\t\t<\/div>\n\t\t\t\t\t<\/div>\n\t\t<\/div>\n\t\t\t\t\t<\/div>\n\t\t<\/section>\n\t\t\t\t<\/div>\n\t\t","protected":false},"excerpt":{"rendered":"<p>\u00a0 \u00a0 \u00a027 czerwca 2025 r. w naszej szkole odby\u0142o si\u0119 uroczyste zako\u0144czenie roku szkolnego 2024\/2025, kt\u00f3re zgromadzi\u0142o spo\u0142eczno\u015b\u0107 uczniowsk\u0105,<\/p>\n","protected":false},"author":6,"featured_media":5823,"comment_status":"closed","ping_status":"closed","sticky":false,"template":"","format":"standard","meta":{"footnotes":""},"categories":[5],"tags":[],"featured_image_urls":{"full":["http:\/\/spczarna.wolomin.org\/wp-content\/uploads\/2025\/07\/koniec-roku-szkolnego-20242025.jpg",677,445,false],"thumbnail":["http:\/\/spczarna.wolomin.org\/wp-content\/uploads\/2025\/07\/koniec-roku-szkolnego-20242025-150x150.jpg",150,150,true],"medium":["http:\/\/spczarna.wolomin.org\/wp-content\/uploads\/2025\/07\/koniec-roku-szkolnego-20242025-300x197.jpg",300,197,true],"medium_large":["http:\/\/spczarna.wolomin.org\/wp-content\/uploads\/2025\/07\/koniec-roku-szkolnego-20242025.jpg",677,445,false],"large":["http:\/\/spczarna.wolomin.org\/wp-content\/uploads\/2025\/07\/koniec-roku-szkolnego-20242025.jpg",677,445,false],"1536x1536":["http:\/\/spczarna.wolomin.org\/wp-content\/uploads\/2025\/07\/koniec-roku-szkolnego-20242025.jpg",677,445,false],"2048x2048":["http:\/\/spczarna.wolomin.org\/wp-content\/uploads\/2025\/07\/koniec-roku-szkolnego-20242025.jpg",677,445,false],"colormag-highlighted-post":["http:\/\/spczarna.wolomin.org\/wp-content\/uploads\/2025\/07\/koniec-roku-szkolnego-20242025-392x272.jpg",392,272,true],"colormag-featured-post-medium":["http:\/\/spczarna.wolomin.org\/wp-content\/uploads\/2025\/07\/koniec-roku-szkolnego-20242025-390x205.jpg",390,205,true],"colormag-featured-post-small":["http:\/\/spczarna.wolomin.org\/wp-content\/uploads\/2025\/07\/koniec-roku-szkolnego-20242025-130x90.jpg",130,90,true],"colormag-featured-image":["http:\/\/spczarna.wolomin.org\/wp-content\/uploads\/2025\/07\/koniec-roku-szkolnego-20242025.jpg",677,445,false],"colormag-default-news":["http:\/\/spczarna.wolomin.org\/wp-content\/uploads\/2025\/07\/koniec-roku-szkolnego-20242025-150x150.jpg",150,150,true],"colormag-featured-image-large":["http:\/\/spczarna.wolomin.org\/wp-content\/uploads\/2025\/07\/koniec-roku-szkolnego-20242025.jpg",677,445,false],"colormag-elementor-block-extra-large-thumbnail":["http:\/\/spczarna.wolomin.org\/wp-content\/uploads\/2025\/07\/koniec-roku-szkolnego-20242025.jpg",677,445,false],"colormag-elementor-grid-large-thumbnail":["http:\/\/spczarna.wolomin.org\/wp-content\/uploads\/2025\/07\/koniec-roku-szkolnego-20242025-600x417.jpg",600,417,true],"colormag-elementor-grid-small-thumbnail":["http:\/\/spczarna.wolomin.org\/wp-content\/uploads\/2025\/07\/koniec-roku-szkolnego-20242025-285x445.jpg",285,445,true],"colormag-elementor-grid-medium-large-thumbnail":["http:\/\/spczarna.wolomin.org\/wp-content\/uploads\/2025\/07\/koniec-roku-szkolnego-20242025-575x198.jpg",575,198,true]},"post_excerpt_stackable":"<p>\u00a0 \u00a0 \u00a027 czerwca 2025 r. w naszej szkole odby\u0142o si\u0119 uroczyste zako\u0144czenie roku szkolnego 2024\/2025, kt\u00f3re zgromadzi\u0142o spo\u0142eczno\u015b\u0107 uczniowsk\u0105, nauczycieli i rodzic\u00f3w, oraz zaproszonych go\u015bci. Uroczysto\u015b\u0107 rozpocz\u0119\u0142a si\u0119 walcem z \u201eNocy i dni\u201d w wykonaniu uczni\u00f3w klasy III b. Po czym nast\u0105pi\u0142o powitanie wszystkich zgromadzonych. Nast\u0119pnie klasa III b za\u015bpiewa\u0142a piosenk\u0119 \u201eDni, kt\u00f3rych nie znamy\u201d. Po wst\u0119pie i wprowadzeniu odby\u0142a si\u0119 cz\u0119\u015b\u0107 oficjalna, kt\u00f3ra zacz\u0119\u0142a si\u0119 od przekazania sztandaru szko\u0142y. Dotychczasowy poczet sztandarowy sk\u0142adaj\u0105cy si\u0119 z uczni\u00f3w klasy VIII przekaza\u0142 sztandar uczniom klasy VII. Nast\u0119pnie g\u0142os zabra\u0142a pani Dyrektor Teresa Kowalczyk, kt\u00f3ra podsumowa\u0142a mijaj\u0105cy rok szkolny, jako czas pe\u0142en&hellip;<\/p>\n","category_list":"<a href=\"http:\/\/spczarna.wolomin.org\/?cat=5\" rel=\"category\">Szko\u0142a<\/a>","author_info":{"name":"Rafa\u0142 Jurewicz","url":"http:\/\/spczarna.wolomin.org\/?author=6"},"comments_num":"0 comments","_links":{"self":[{"href":"http:\/\/spczarna.wolomin.org\/index.php?rest_route=\/wp\/v2\/posts\/5805"}],"collection":[{"href":"http:\/\/spczarna.wolomin.org\/index.php?rest_route=\/wp\/v2\/posts"}],"about":[{"href":"http:\/\/spczarna.wolomin.org\/index.php?rest_route=\/wp\/v2\/types\/post"}],"author":[{"embeddable":true,"href":"http:\/\/spczarna.wolomin.org\/index.php?rest_route=\/wp\/v2\/users\/6"}],"replies":[{"embeddable":true,"href":"http:\/\/spczarna.wolomin.org\/index.php?rest_route=%2Fwp%2Fv2%2Fcomments&post=5805"}],"version-history":[{"count":4,"href":"http:\/\/spczarna.wolomin.org\/index.php?rest_route=\/wp\/v2\/posts\/5805\/revisions"}],"predecessor-version":[{"id":5826,"href":"http:\/\/spczarna.wolomin.org\/index.php?rest_route=\/wp\/v2\/posts\/5805\/revisions\/5826"}],"wp:featuredmedia":[{"embeddable":true,"href":"http:\/\/spczarna.wolomin.org\/index.php?rest_route=\/wp\/v2\/media\/5823"}],"wp:attachment":[{"href":"http:\/\/spczarna.wolomin.org\/index.php?rest_route=%2Fwp%2Fv2%2Fmedia&parent=5805"}],"wp:term":[{"taxonomy":"category","embeddable":true,"href":"http:\/\/spczarna.wolomin.org\/index.php?rest_route=%2Fwp%2Fv2%2Fcategories&post=5805"},{"taxonomy":"post_tag","embeddable":true,"href":"http:\/\/spczarna.wolomin.org\/index.php?rest_route=%2Fwp%2Fv2%2Ftags&post=5805"}],"curies":[{"name":"wp","href":"https:\/\/api.w.org\/{rel}","templated":true}]}}