{"id":6053,"date":"2025-10-28T19:15:24","date_gmt":"2025-10-28T19:15:24","guid":{"rendered":"http:\/\/spczarna.wolomin.org\/?p=6053"},"modified":"2025-10-28T19:16:36","modified_gmt":"2025-10-28T19:16:36","slug":"nowy-sprzet-sportowy-2","status":"publish","type":"post","link":"http:\/\/spczarna.wolomin.org\/?p=6053","title":{"rendered":"Nowy sprz\u0119t sportowy!"},"content":{"rendered":"\t\t<div data-elementor-type=\"wp-post\" data-elementor-id=\"6053\" class=\"elementor elementor-6053\">\n\t\t\t\t\t\t<section class=\"elementor-section elementor-top-section elementor-element elementor-element-2cd2a64 elementor-section-boxed elementor-section-height-default elementor-section-height-default\" data-id=\"2cd2a64\" data-element_type=\"section\">\n\t\t\t\t\t\t<div class=\"elementor-container elementor-column-gap-default\">\n\t\t\t\t\t<div class=\"elementor-column elementor-col-50 elementor-top-column elementor-element elementor-element-3ba4da0\" data-id=\"3ba4da0\" data-element_type=\"column\">\n\t\t\t<div class=\"elementor-widget-wrap elementor-element-populated\">\n\t\t\t\t\t\t<div class=\"elementor-element elementor-element-9fd8d30 elementor-widget elementor-widget-text-editor\" data-id=\"9fd8d30\" data-element_type=\"widget\" data-widget_type=\"text-editor.default\">\n\t\t\t\t<div class=\"elementor-widget-container\">\n\t\t\t\t\t\t\t<p>\u00a0 \u00a0 \u00a0W ramach programu Ma\u0142y Mistrz nasza szko\u0142a zosta\u0142a wyposa\u017cona w nowy sprz\u0119t sportowy. Dzi\u0119ki temu uczniowie b\u0119d\u0105 mogli jeszcze ch\u0119tniej uczestniczy\u0107 w zaj\u0119ciach wychowania fizycznego.<\/p><p style=\"text-align: right;\"><strong>Ewelina Bia\u0142ek<\/strong><\/p>\t\t\t\t\t\t<\/div>\n\t\t\t\t<\/div>\n\t\t\t\t\t<\/div>\n\t\t<\/div>\n\t\t\t\t<div class=\"elementor-column elementor-col-50 elementor-top-column elementor-element elementor-element-47ae5cc\" data-id=\"47ae5cc\" data-element_type=\"column\">\n\t\t\t<div class=\"elementor-widget-wrap elementor-element-populated\">\n\t\t\t\t\t\t<div class=\"elementor-element elementor-element-bbdaf26 elementor-widget elementor-widget-image-gallery\" data-id=\"bbdaf26\" data-element_type=\"widget\" data-widget_type=\"image-gallery.default\">\n\t\t\t\t<div class=\"elementor-widget-container\">\n\t\t\t\t\t<div class=\"elementor-image-gallery\">\n\t\t\t<div id='gallery-1' class='gallery galleryid-6053 gallery-columns-1 gallery-size-thumbnail'><figure class='gallery-item'>\n\t\t\t<div class='gallery-icon landscape'>\n\t\t\t\t<a data-elementor-open-lightbox=\"yes\" data-elementor-lightbox-slideshow=\"bbdaf26\" data-elementor-lightbox-title=\"IMG_4979\" data-e-action-hash=\"#elementor-action%3Aaction%3Dlightbox%26settings%3DeyJpZCI6NjA1NSwidXJsIjoiaHR0cDpcL1wvc3BjemFybmEud29sb21pbi5vcmdcL3dwLWNvbnRlbnRcL3VwbG9hZHNcLzIwMjVcLzEwXC9JTUdfNDk3OS5qcGVnIiwic2xpZGVzaG93IjoiYmJkYWYyNiJ9\" href='http:\/\/spczarna.wolomin.org\/wp-content\/uploads\/2025\/10\/IMG_4979.jpeg'><img decoding=\"async\" width=\"150\" height=\"150\" src=\"http:\/\/spczarna.wolomin.org\/wp-content\/uploads\/2025\/10\/IMG_4979-150x150.jpeg\" class=\"attachment-thumbnail size-thumbnail\" alt=\"\" \/><\/a>\n\t\t\t<\/div><\/figure><figure class='gallery-item'>\n\t\t\t<div class='gallery-icon landscape'>\n\t\t\t\t<a data-elementor-open-lightbox=\"yes\" data-elementor-lightbox-slideshow=\"bbdaf26\" data-elementor-lightbox-title=\"IMG_4980\" data-e-action-hash=\"#elementor-action%3Aaction%3Dlightbox%26settings%3DeyJpZCI6NjA1NiwidXJsIjoiaHR0cDpcL1wvc3BjemFybmEud29sb21pbi5vcmdcL3dwLWNvbnRlbnRcL3VwbG9hZHNcLzIwMjVcLzEwXC9JTUdfNDk4MC5qcGVnIiwic2xpZGVzaG93IjoiYmJkYWYyNiJ9\" href='http:\/\/spczarna.wolomin.org\/wp-content\/uploads\/2025\/10\/IMG_4980.jpeg'><img decoding=\"async\" width=\"150\" height=\"150\" src=\"http:\/\/spczarna.wolomin.org\/wp-content\/uploads\/2025\/10\/IMG_4980-150x150.jpeg\" class=\"attachment-thumbnail size-thumbnail\" alt=\"\" \/><\/a>\n\t\t\t<\/div><\/figure>\n\t\t<\/div>\n\t\t<\/div>\n\t\t\t\t<\/div>\n\t\t\t\t<\/div>\n\t\t\t\t\t<\/div>\n\t\t<\/div>\n\t\t\t\t\t<\/div>\n\t\t<\/section>\n\t\t\t\t<\/div>\n\t\t","protected":false},"excerpt":{"rendered":"<p>\u00a0 \u00a0 \u00a0W ramach programu Ma\u0142y Mistrz nasza szko\u0142a zosta\u0142a wyposa\u017cona w nowy sprz\u0119t sportowy. Dzi\u0119ki temu uczniowie b\u0119d\u0105 mogli<\/p>\n","protected":false},"author":6,"featured_media":4917,"comment_status":"closed","ping_status":"closed","sticky":false,"template":"","format":"standard","meta":{"footnotes":""},"categories":[5],"tags":[],"featured_image_urls":{"full":["http:\/\/spczarna.wolomin.org\/wp-content\/uploads\/2024\/12\/birthday-1.jpg",677,445,false],"thumbnail":["http:\/\/spczarna.wolomin.org\/wp-content\/uploads\/2024\/12\/birthday-1-150x150.jpg",150,150,true],"medium":["http:\/\/spczarna.wolomin.org\/wp-content\/uploads\/2024\/12\/birthday-1-300x197.jpg",300,197,true],"medium_large":["http:\/\/spczarna.wolomin.org\/wp-content\/uploads\/2024\/12\/birthday-1.jpg",677,445,false],"large":["http:\/\/spczarna.wolomin.org\/wp-content\/uploads\/2024\/12\/birthday-1.jpg",677,445,false],"1536x1536":["http:\/\/spczarna.wolomin.org\/wp-content\/uploads\/2024\/12\/birthday-1.jpg",677,445,false],"2048x2048":["http:\/\/spczarna.wolomin.org\/wp-content\/uploads\/2024\/12\/birthday-1.jpg",677,445,false],"colormag-highlighted-post":["http:\/\/spczarna.wolomin.org\/wp-content\/uploads\/2024\/12\/birthday-1-392x272.jpg",392,272,true],"colormag-featured-post-medium":["http:\/\/spczarna.wolomin.org\/wp-content\/uploads\/2024\/12\/birthday-1-390x205.jpg",390,205,true],"colormag-featured-post-small":["http:\/\/spczarna.wolomin.org\/wp-content\/uploads\/2024\/12\/birthday-1-130x90.jpg",130,90,true],"colormag-featured-image":["http:\/\/spczarna.wolomin.org\/wp-content\/uploads\/2024\/12\/birthday-1.jpg",677,445,false],"colormag-default-news":["http:\/\/spczarna.wolomin.org\/wp-content\/uploads\/2024\/12\/birthday-1-150x150.jpg",150,150,true],"colormag-featured-image-large":["http:\/\/spczarna.wolomin.org\/wp-content\/uploads\/2024\/12\/birthday-1.jpg",677,445,false],"colormag-elementor-block-extra-large-thumbnail":["http:\/\/spczarna.wolomin.org\/wp-content\/uploads\/2024\/12\/birthday-1.jpg",677,445,false],"colormag-elementor-grid-large-thumbnail":["http:\/\/spczarna.wolomin.org\/wp-content\/uploads\/2024\/12\/birthday-1-600x417.jpg",600,417,true],"colormag-elementor-grid-small-thumbnail":["http:\/\/spczarna.wolomin.org\/wp-content\/uploads\/2024\/12\/birthday-1-285x445.jpg",285,445,true],"colormag-elementor-grid-medium-large-thumbnail":["http:\/\/spczarna.wolomin.org\/wp-content\/uploads\/2024\/12\/birthday-1-575x198.jpg",575,198,true]},"post_excerpt_stackable":"<p>\u00a0 \u00a0 \u00a0W ramach programu Ma\u0142y Mistrz nasza szko\u0142a zosta\u0142a wyposa\u017cona w nowy sprz\u0119t sportowy. Dzi\u0119ki temu uczniowie b\u0119d\u0105 mogli jeszcze ch\u0119tniej uczestniczy\u0107 w zaj\u0119ciach wychowania fizycznego.Ewelina Bia\u0142ek<\/p>\n","category_list":"<a href=\"http:\/\/spczarna.wolomin.org\/?cat=5\" rel=\"category\">Szko\u0142a<\/a>","author_info":{"name":"Rafa\u0142 Jurewicz","url":"http:\/\/spczarna.wolomin.org\/?author=6"},"comments_num":"0 comments","_links":{"self":[{"href":"http:\/\/spczarna.wolomin.org\/index.php?rest_route=\/wp\/v2\/posts\/6053"}],"collection":[{"href":"http:\/\/spczarna.wolomin.org\/index.php?rest_route=\/wp\/v2\/posts"}],"about":[{"href":"http:\/\/spczarna.wolomin.org\/index.php?rest_route=\/wp\/v2\/types\/post"}],"author":[{"embeddable":true,"href":"http:\/\/spczarna.wolomin.org\/index.php?rest_route=\/wp\/v2\/users\/6"}],"replies":[{"embeddable":true,"href":"http:\/\/spczarna.wolomin.org\/index.php?rest_route=%2Fwp%2Fv2%2Fcomments&post=6053"}],"version-history":[{"count":4,"href":"http:\/\/spczarna.wolomin.org\/index.php?rest_route=\/wp\/v2\/posts\/6053\/revisions"}],"predecessor-version":[{"id":6059,"href":"http:\/\/spczarna.wolomin.org\/index.php?rest_route=\/wp\/v2\/posts\/6053\/revisions\/6059"}],"wp:featuredmedia":[{"embeddable":true,"href":"http:\/\/spczarna.wolomin.org\/index.php?rest_route=\/wp\/v2\/media\/4917"}],"wp:attachment":[{"href":"http:\/\/spczarna.wolomin.org\/index.php?rest_route=%2Fwp%2Fv2%2Fmedia&parent=6053"}],"wp:term":[{"taxonomy":"category","embeddable":true,"href":"http:\/\/spczarna.wolomin.org\/index.php?rest_route=%2Fwp%2Fv2%2Fcategories&post=6053"},{"taxonomy":"post_tag","embeddable":true,"href":"http:\/\/spczarna.wolomin.org\/index.php?rest_route=%2Fwp%2Fv2%2Ftags&post=6053"}],"curies":[{"name":"wp","href":"https:\/\/api.w.org\/{rel}","templated":true}]}}