{"id":863,"date":"2022-01-06T14:52:44","date_gmt":"2022-01-06T14:52:44","guid":{"rendered":"http:\/\/spczarna.wolomin.org\/?p=863"},"modified":"2022-01-06T14:52:47","modified_gmt":"2022-01-06T14:52:47","slug":"konkurs-wolnosc-na-krawedzi","status":"publish","type":"post","link":"http:\/\/spczarna.wolomin.org\/?p=863","title":{"rendered":"Konkurs \u201eWolno\u015b\u0107 na kraw\u0119dzi\u201d"},"content":{"rendered":"\n<p>Sukces naszych uczennic!<\/p>\n\n\n\n<p>Paulina, Ewelina, Aleksandra, Julia oraz Joanna z klasy 8a wzi\u0119\u0142y udzia\u0142 w konkursie film\u00f3w<br>amatorskich po\u015bwi\u0119conych profilaktyce zdrowia psychicznego i uzale\u017cnie\u0144 w ramach<br>projektu \u201eWolno\u015b\u0107 na kraw\u0119dzi\u201d.<br>Pokaz film\u00f3w amatorskich odby\u0142 si\u0119 11 grudnia w o\u015brodku charytatywno- opieku\u0144czym<br>Caritas Diecezji Warszawsko- Praskiej.<br>Jury- w sk\u0142adzie: re\u017cyser Arkadiusz Go\u0142\u0119biewski, dyrektor Caritas Diecezji Warszawsko-<br>Praskiej ks. Rafa\u0142 Pa\u017adzioch, pierwszy polski kaskader Krzysztof Fus oraz dyrektor o\u015brodka<br>charytatywno- opieku\u0144czego Caritas Diecezji Warszawsko- Praskiej W\u0142odzimierz Wieczorek,<br>przyzna\u0142o naszym uczennicom nagrod\u0119 g\u0142\u00f3wn\u0105. Nasze uczennice konkurowa\u0142y z m\u0142odzie\u017c\u0105<br>ze szk\u00f3\u0142 \u015brednich z powiatu wo\u0142omi\u0144skiego. Jury doceni\u0142o ich dojrza\u0142o\u015b\u0107 w podej\u015bciu do<br>zagadnie\u0144 dotycz\u0105cych profilaktyki zdrowia psychicznego i uzale\u017cnie\u0144, zdolno\u015bci aktorskie,<br>pomys\u0142owo\u015b\u0107 oraz technik\u0119 monta\u017cu filmu. Dziewczyny godnie reprezentowa\u0142y nasz\u0105 szko\u0142\u0119.<\/p>\n\n\n\n<p>Uczennice mia\u0142y r\u00f3wnie\u017c mo\u017cliwo\u015b\u0107 uczestnictwa w warsztatach psychologicznych dla<br>m\u0142odzie\u017cy, zorganizowanych w ramach projektu.<br>Gratulujemy i \u017cyczymy dalszych sukces\u00f3w <br>Magdalena Waszczuk<\/p>\n\n\n\n<figure class=\"wp-block-image size-large is-resized\" data-block-type=\"core\"><img fetchpriority=\"high\" decoding=\"async\" src=\"http:\/\/spczarna.wolomin.org\/wp-content\/uploads\/2022\/01\/caritas.png\" alt=\"\" class=\"wp-image-865\" width=\"468\" height=\"139\"\/><\/figure>\n","protected":false},"excerpt":{"rendered":"<p>Sukces naszych uczennic! Paulina, Ewelina, Aleksandra, Julia oraz Joanna z klasy 8a wzi\u0119\u0142y udzia\u0142 w konkursie film\u00f3wamatorskich po\u015bwi\u0119conych profilaktyce zdrowia<\/p>\n","protected":false},"author":6,"featured_media":864,"comment_status":"closed","ping_status":"closed","sticky":false,"template":"","format":"standard","meta":{"footnotes":""},"categories":[3],"tags":[],"featured_image_urls":{"full":["http:\/\/spczarna.wolomin.org\/wp-content\/uploads\/2022\/01\/270385293_242775397973629_3124084356948586109_n.jpg",593,445,false],"thumbnail":["http:\/\/spczarna.wolomin.org\/wp-content\/uploads\/2022\/01\/270385293_242775397973629_3124084356948586109_n-150x150.jpg",150,150,true],"medium":["http:\/\/spczarna.wolomin.org\/wp-content\/uploads\/2022\/01\/270385293_242775397973629_3124084356948586109_n-300x225.jpg",300,225,true],"medium_large":["http:\/\/spczarna.wolomin.org\/wp-content\/uploads\/2022\/01\/270385293_242775397973629_3124084356948586109_n.jpg",593,445,false],"large":["http:\/\/spczarna.wolomin.org\/wp-content\/uploads\/2022\/01\/270385293_242775397973629_3124084356948586109_n.jpg",593,445,false],"1536x1536":["http:\/\/spczarna.wolomin.org\/wp-content\/uploads\/2022\/01\/270385293_242775397973629_3124084356948586109_n.jpg",593,445,false],"2048x2048":["http:\/\/spczarna.wolomin.org\/wp-content\/uploads\/2022\/01\/270385293_242775397973629_3124084356948586109_n.jpg",593,445,false],"colormag-highlighted-post":["http:\/\/spczarna.wolomin.org\/wp-content\/uploads\/2022\/01\/270385293_242775397973629_3124084356948586109_n-392x272.jpg",392,272,true],"colormag-featured-post-medium":["http:\/\/spczarna.wolomin.org\/wp-content\/uploads\/2022\/01\/270385293_242775397973629_3124084356948586109_n-390x205.jpg",390,205,true],"colormag-featured-post-small":["http:\/\/spczarna.wolomin.org\/wp-content\/uploads\/2022\/01\/270385293_242775397973629_3124084356948586109_n-130x90.jpg",130,90,true],"colormag-featured-image":["http:\/\/spczarna.wolomin.org\/wp-content\/uploads\/2022\/01\/270385293_242775397973629_3124084356948586109_n.jpg",593,445,false],"colormag-default-news":["http:\/\/spczarna.wolomin.org\/wp-content\/uploads\/2022\/01\/270385293_242775397973629_3124084356948586109_n.jpg",150,113,false],"colormag-featured-image-large":["http:\/\/spczarna.wolomin.org\/wp-content\/uploads\/2022\/01\/270385293_242775397973629_3124084356948586109_n.jpg",593,445,false],"colormag-elementor-block-extra-large-thumbnail":["http:\/\/spczarna.wolomin.org\/wp-content\/uploads\/2022\/01\/270385293_242775397973629_3124084356948586109_n.jpg",593,445,false],"colormag-elementor-grid-large-thumbnail":["http:\/\/spczarna.wolomin.org\/wp-content\/uploads\/2022\/01\/270385293_242775397973629_3124084356948586109_n.jpg",556,417,false],"colormag-elementor-grid-small-thumbnail":["http:\/\/spczarna.wolomin.org\/wp-content\/uploads\/2022\/01\/270385293_242775397973629_3124084356948586109_n.jpg",285,214,false],"colormag-elementor-grid-medium-large-thumbnail":["http:\/\/spczarna.wolomin.org\/wp-content\/uploads\/2022\/01\/270385293_242775397973629_3124084356948586109_n.jpg",264,198,false]},"post_excerpt_stackable":"<p>Sukces naszych uczennic! Paulina, Ewelina, Aleksandra, Julia oraz Joanna z klasy 8a wzi\u0119\u0142y udzia\u0142 w konkursie film\u00f3wamatorskich po\u015bwi\u0119conych profilaktyce zdrowia psychicznego i uzale\u017cnie\u0144 w ramachprojektu \u201eWolno\u015b\u0107 na kraw\u0119dzi\u201d.Pokaz film\u00f3w amatorskich odby\u0142 si\u0119 11 grudnia w o\u015brodku charytatywno- opieku\u0144czymCaritas Diecezji Warszawsko- Praskiej.Jury- w sk\u0142adzie: re\u017cyser Arkadiusz Go\u0142\u0119biewski, dyrektor Caritas Diecezji Warszawsko-Praskiej ks. Rafa\u0142 Pa\u017adzioch, pierwszy polski kaskader Krzysztof Fus oraz dyrektor o\u015brodkacharytatywno- opieku\u0144czego Caritas Diecezji Warszawsko- Praskiej W\u0142odzimierz Wieczorek,przyzna\u0142o naszym uczennicom nagrod\u0119 g\u0142\u00f3wn\u0105. Nasze uczennice konkurowa\u0142y z m\u0142odzie\u017c\u0105ze szk\u00f3\u0142 \u015brednich z powiatu wo\u0142omi\u0144skiego. Jury doceni\u0142o ich dojrza\u0142o\u015b\u0107 w podej\u015bciu dozagadnie\u0144 dotycz\u0105cych profilaktyki zdrowia psychicznego i uzale\u017cnie\u0144, zdolno\u015bci aktorskie,pomys\u0142owo\u015b\u0107 oraz technik\u0119 monta\u017cu&hellip;<\/p>\n","category_list":"<a href=\"http:\/\/spczarna.wolomin.org\/?cat=3\" rel=\"category\">Aktualno\u015bci<\/a>","author_info":{"name":"Rafa\u0142 Jurewicz","url":"http:\/\/spczarna.wolomin.org\/?author=6"},"comments_num":"0 comments","_links":{"self":[{"href":"http:\/\/spczarna.wolomin.org\/index.php?rest_route=\/wp\/v2\/posts\/863"}],"collection":[{"href":"http:\/\/spczarna.wolomin.org\/index.php?rest_route=\/wp\/v2\/posts"}],"about":[{"href":"http:\/\/spczarna.wolomin.org\/index.php?rest_route=\/wp\/v2\/types\/post"}],"author":[{"embeddable":true,"href":"http:\/\/spczarna.wolomin.org\/index.php?rest_route=\/wp\/v2\/users\/6"}],"replies":[{"embeddable":true,"href":"http:\/\/spczarna.wolomin.org\/index.php?rest_route=%2Fwp%2Fv2%2Fcomments&post=863"}],"version-history":[{"count":1,"href":"http:\/\/spczarna.wolomin.org\/index.php?rest_route=\/wp\/v2\/posts\/863\/revisions"}],"predecessor-version":[{"id":866,"href":"http:\/\/spczarna.wolomin.org\/index.php?rest_route=\/wp\/v2\/posts\/863\/revisions\/866"}],"wp:featuredmedia":[{"embeddable":true,"href":"http:\/\/spczarna.wolomin.org\/index.php?rest_route=\/wp\/v2\/media\/864"}],"wp:attachment":[{"href":"http:\/\/spczarna.wolomin.org\/index.php?rest_route=%2Fwp%2Fv2%2Fmedia&parent=863"}],"wp:term":[{"taxonomy":"category","embeddable":true,"href":"http:\/\/spczarna.wolomin.org\/index.php?rest_route=%2Fwp%2Fv2%2Fcategories&post=863"},{"taxonomy":"post_tag","embeddable":true,"href":"http:\/\/spczarna.wolomin.org\/index.php?rest_route=%2Fwp%2Fv2%2Ftags&post=863"}],"curies":[{"name":"wp","href":"https:\/\/api.w.org\/{rel}","templated":true}]}}