{"id":874,"date":"2022-01-10T17:44:21","date_gmt":"2022-01-10T17:44:21","guid":{"rendered":"http:\/\/spczarna.wolomin.org\/?p=874"},"modified":"2022-01-10T17:45:19","modified_gmt":"2022-01-10T17:45:19","slug":"gminny-konkurs-literacki-warto-byc-polakiem","status":"publish","type":"post","link":"http:\/\/spczarna.wolomin.org\/?p=874","title":{"rendered":"Gminny Konkurs literacki &#8220;Warto by\u0107 Polakiem&#8221;"},"content":{"rendered":"\n<p><\/p>\n\n\n\n<p>Sukces naszych uczni\u00f3w w konkursie literackim!!!<\/p>\n\n\n\n<p>Mo\u017cemy poszczyci\u0107 si\u0119 sukcesami naszych uczni\u00f3w w Gminnym Konkursie literackim &#8220;Warto by\u0107 Polakiem&#8221;, w ramach obchod\u00f3w \u015awi\u0119ta Niepodleg\u0142o\u015bci. Wyr\u00f3\u017cnieni otrzymali nagrody rzeczowe i dyplomy.<br><strong>I miejsce<\/strong> &#8211; Zuzanna Jankowska kl. VI (kategoria wiekowa IV-VI SP)<br><strong>III miejsce<\/strong> &#8211; Karol Jurewicz- kl. VIIIa (kategoria wiekowa VII-VIII SP)<br><strong>Gratulujemy!<\/strong><\/p>\n\n\n\n<p>Opiekun: Urszula Kuta<\/p>\n\n\n\n<p><\/p>\n","protected":false},"excerpt":{"rendered":"<p>Sukces naszych uczni\u00f3w w konkursie literackim!!! Mo\u017cemy poszczyci\u0107 si\u0119 sukcesami naszych uczni\u00f3w w Gminnym Konkursie literackim &#8220;Warto by\u0107 Polakiem&#8221;, w<\/p>\n","protected":false},"author":7,"featured_media":875,"comment_status":"closed","ping_status":"closed","sticky":false,"template":"","format":"standard","meta":{"footnotes":""},"categories":[3],"tags":[],"featured_image_urls":{"full":["http:\/\/spczarna.wolomin.org\/wp-content\/uploads\/2022\/01\/Konk.jpg",630,445,false],"thumbnail":["http:\/\/spczarna.wolomin.org\/wp-content\/uploads\/2022\/01\/Konk-150x150.jpg",150,150,true],"medium":["http:\/\/spczarna.wolomin.org\/wp-content\/uploads\/2022\/01\/Konk-300x212.jpg",300,212,true],"medium_large":["http:\/\/spczarna.wolomin.org\/wp-content\/uploads\/2022\/01\/Konk.jpg",630,445,false],"large":["http:\/\/spczarna.wolomin.org\/wp-content\/uploads\/2022\/01\/Konk.jpg",630,445,false],"1536x1536":["http:\/\/spczarna.wolomin.org\/wp-content\/uploads\/2022\/01\/Konk.jpg",630,445,false],"2048x2048":["http:\/\/spczarna.wolomin.org\/wp-content\/uploads\/2022\/01\/Konk.jpg",630,445,false],"colormag-highlighted-post":["http:\/\/spczarna.wolomin.org\/wp-content\/uploads\/2022\/01\/Konk-392x272.jpg",392,272,true],"colormag-featured-post-medium":["http:\/\/spczarna.wolomin.org\/wp-content\/uploads\/2022\/01\/Konk-390x205.jpg",390,205,true],"colormag-featured-post-small":["http:\/\/spczarna.wolomin.org\/wp-content\/uploads\/2022\/01\/Konk-130x90.jpg",130,90,true],"colormag-featured-image":["http:\/\/spczarna.wolomin.org\/wp-content\/uploads\/2022\/01\/Konk.jpg",630,445,false],"colormag-default-news":["http:\/\/spczarna.wolomin.org\/wp-content\/uploads\/2022\/01\/Konk.jpg",150,106,false],"colormag-featured-image-large":["http:\/\/spczarna.wolomin.org\/wp-content\/uploads\/2022\/01\/Konk.jpg",630,445,false],"colormag-elementor-block-extra-large-thumbnail":["http:\/\/spczarna.wolomin.org\/wp-content\/uploads\/2022\/01\/Konk.jpg",630,445,false],"colormag-elementor-grid-large-thumbnail":["http:\/\/spczarna.wolomin.org\/wp-content\/uploads\/2022\/01\/Konk.jpg",590,417,false],"colormag-elementor-grid-small-thumbnail":["http:\/\/spczarna.wolomin.org\/wp-content\/uploads\/2022\/01\/Konk.jpg",285,201,false],"colormag-elementor-grid-medium-large-thumbnail":["http:\/\/spczarna.wolomin.org\/wp-content\/uploads\/2022\/01\/Konk.jpg",280,198,false]},"post_excerpt_stackable":"<p>Sukces naszych uczni\u00f3w w konkursie literackim!!! Mo\u017cemy poszczyci\u0107 si\u0119 sukcesami naszych uczni\u00f3w w Gminnym Konkursie literackim &#8220;Warto by\u0107 Polakiem&#8221;, w ramach obchod\u00f3w \u015awi\u0119ta Niepodleg\u0142o\u015bci. Wyr\u00f3\u017cnieni otrzymali nagrody rzeczowe i dyplomy.I miejsce &#8211; Zuzanna Jankowska kl. VI (kategoria wiekowa IV-VI SP)III miejsce &#8211; Karol Jurewicz- kl. VIIIa (kategoria wiekowa VII-VIII SP)Gratulujemy! Opiekun: Urszula Kuta<\/p>\n","category_list":"<a href=\"http:\/\/spczarna.wolomin.org\/?cat=3\" rel=\"category\">Aktualno\u015bci<\/a>","author_info":{"name":"Magdalena \u017bmuda-Gawron","url":"http:\/\/spczarna.wolomin.org\/?author=7"},"comments_num":"0 comments","_links":{"self":[{"href":"http:\/\/spczarna.wolomin.org\/index.php?rest_route=\/wp\/v2\/posts\/874"}],"collection":[{"href":"http:\/\/spczarna.wolomin.org\/index.php?rest_route=\/wp\/v2\/posts"}],"about":[{"href":"http:\/\/spczarna.wolomin.org\/index.php?rest_route=\/wp\/v2\/types\/post"}],"author":[{"embeddable":true,"href":"http:\/\/spczarna.wolomin.org\/index.php?rest_route=\/wp\/v2\/users\/7"}],"replies":[{"embeddable":true,"href":"http:\/\/spczarna.wolomin.org\/index.php?rest_route=%2Fwp%2Fv2%2Fcomments&post=874"}],"version-history":[{"count":4,"href":"http:\/\/spczarna.wolomin.org\/index.php?rest_route=\/wp\/v2\/posts\/874\/revisions"}],"predecessor-version":[{"id":879,"href":"http:\/\/spczarna.wolomin.org\/index.php?rest_route=\/wp\/v2\/posts\/874\/revisions\/879"}],"wp:featuredmedia":[{"embeddable":true,"href":"http:\/\/spczarna.wolomin.org\/index.php?rest_route=\/wp\/v2\/media\/875"}],"wp:attachment":[{"href":"http:\/\/spczarna.wolomin.org\/index.php?rest_route=%2Fwp%2Fv2%2Fmedia&parent=874"}],"wp:term":[{"taxonomy":"category","embeddable":true,"href":"http:\/\/spczarna.wolomin.org\/index.php?rest_route=%2Fwp%2Fv2%2Fcategories&post=874"},{"taxonomy":"post_tag","embeddable":true,"href":"http:\/\/spczarna.wolomin.org\/index.php?rest_route=%2Fwp%2Fv2%2Ftags&post=874"}],"curies":[{"name":"wp","href":"https:\/\/api.w.org\/{rel}","templated":true}]}}