{"id":948,"date":"2022-01-12T19:37:58","date_gmt":"2022-01-12T19:37:58","guid":{"rendered":"http:\/\/spczarna.wolomin.org\/?p=948"},"modified":"2022-01-17T13:43:22","modified_gmt":"2022-01-17T13:43:22","slug":"konkurs-zielone-pluca-wolomina","status":"publish","type":"post","link":"http:\/\/spczarna.wolomin.org\/?p=948","title":{"rendered":"Konkurs &#8220;Zielone p\u0142uca Wo\u0142omina&#8221;"},"content":{"rendered":"\n<p>Nasza szko\u0142a wzi\u0119\u0142a udzia\u0142 w konkursie \u201eZielone p\u0142uca Wo\u0142omina&#8221;. Konkurs zosta\u0142 przeprowadzony w zwi\u0105zku z projektem p. n. \u201ePrzeprowadzenie dw\u00f3ch r\u00f3\u017cnych akcji informacyjno-edukacyjnych z zakresu ochrony powietrza w Gminie Wo\u0142omin\u201d zrealizowany przy pomocy \u015brodk\u00f3w z bud\u017cetu Wojew\u00f3dztwa Mazowieckiego w ramach \u201eMazowieckiego Instrumentu Wsparcia Ochrony Powietrza i Mikroklimatu MAZOWSZE 2021.<br>Nauczyciele przeprowadzili lekcje na temat problematyki ochrony powietrza, w szczeg\u00f3lno\u015bci rozwi\u0105za\u0144, kt\u00f3re ka\u017cdy ucze\u0144 mo\u017ce wprowadzi\u0107 we w\u0142asnym otoczeniu. Owocem przeprowadzonych zaj\u0119\u0107 by\u0142y prezentacje utworzone z nagra\u0144 uczni\u00f3w.<br>Nagrod\u0105 za udzia\u0142 w konkursie jest ogr\u00f3dek meteorologiczny oraz bon na zakup ro\u015blin fitoremediacyjnych, kt\u00f3re nast\u0119pnie zostan\u0105 posadzone na terenie szkolnego ogrodu.<\/p>\n\n\n\n<p>Sk\u0142ad zwyci\u0119skich dru\u017cyn:<br>&#8211; klasa 8a : Karol Jurewicz, Sebastian W\u00f3jcik, Adam Kopyt, Maria \u0141ach, Dominika Pruszkowska<br>&#8211; klasa 8b: Piotr Ku\u0142ak, Ewa \u015awi\u0105tkiewicz, Patrycja Markowicz, Jacek Koz\u0142owski, Gabriela \u017bmuda <\/p>\n\n\n\n<p><strong>Gratulujemy zwyci\u0119zcom<\/strong>!<\/p>\n\n\n\n<p>Opiekunowie:<br>Magdalena Waszczuk<br>Katarzyna Kostrzewa<\/p>\n\n\n\n<p>Zdj\u0119cia z wr\u0119czenia nagr\u00f3d mo\u017cna obejrze\u0107 pod podanym poni\u017cej linkiem:<\/p>\n\n\n\n<p><a href=\"https:\/\/www.facebook.com\/czystywolomin\/photos\/pcb.4904149226282924\/4904128959618284\/\">https:\/\/www.facebook.com\/czystywolomin\/photos\/pcb.4904149226282924\/4904128959618284\/<\/a><\/p>\n\n\n\n<div class=\"wp-block-columns is-layout-flex wp-container-core-columns-layout-1 wp-block-columns-is-layout-flex\" data-block-type=\"core\">\n<div class=\"wp-block-column is-layout-flow wp-block-column-is-layout-flow\" data-block-type=\"core\">\n<figure class=\"wp-block-image size-large\" data-block-type=\"core\"><img fetchpriority=\"high\" decoding=\"async\" width=\"250\" height=\"445\" src=\"http:\/\/spczarna.wolomin.org\/wp-content\/uploads\/2022\/01\/1-pion-.jpg\" alt=\"\" class=\"wp-image-949\" srcset=\"http:\/\/spczarna.wolomin.org\/wp-content\/uploads\/2022\/01\/1-pion-.jpg 250w, http:\/\/spczarna.wolomin.org\/wp-content\/uploads\/2022\/01\/1-pion--169x300.jpg 169w\" sizes=\"(max-width: 250px) 100vw, 250px\" \/><\/figure>\n<\/div>\n\n\n\n<div class=\"wp-block-column is-layout-flow wp-block-column-is-layout-flow\" data-block-type=\"core\">\n<figure class=\"wp-block-image size-large\" data-block-type=\"core\"><img decoding=\"async\" width=\"250\" height=\"445\" src=\"http:\/\/spczarna.wolomin.org\/wp-content\/uploads\/2022\/01\/3-pion.jpg\" alt=\"\" class=\"wp-image-951\" srcset=\"http:\/\/spczarna.wolomin.org\/wp-content\/uploads\/2022\/01\/3-pion.jpg 250w, http:\/\/spczarna.wolomin.org\/wp-content\/uploads\/2022\/01\/3-pion-169x300.jpg 169w\" sizes=\"(max-width: 250px) 100vw, 250px\" \/><\/figure>\n<\/div>\n\n\n\n<div class=\"wp-block-column is-layout-flow wp-block-column-is-layout-flow\" data-block-type=\"core\">\n<figure class=\"wp-block-image size-large\" data-block-type=\"core\"><img decoding=\"async\" width=\"250\" height=\"445\" src=\"http:\/\/spczarna.wolomin.org\/wp-content\/uploads\/2022\/01\/4-pion.jpg\" alt=\"\" class=\"wp-image-952\" srcset=\"http:\/\/spczarna.wolomin.org\/wp-content\/uploads\/2022\/01\/4-pion.jpg 250w, http:\/\/spczarna.wolomin.org\/wp-content\/uploads\/2022\/01\/4-pion-169x300.jpg 169w\" sizes=\"(max-width: 250px) 100vw, 250px\" \/><\/figure>\n<\/div>\n<\/div>\n\n\n\n<div class=\"wp-block-columns is-layout-flex wp-container-core-columns-layout-2 wp-block-columns-is-layout-flex\" data-block-type=\"core\">\n<div class=\"wp-block-column is-layout-flow wp-block-column-is-layout-flow\" data-block-type=\"core\">\n<div class=\"wp-block-image\" data-block-type=\"core\"><figure class=\"aligncenter size-large\"><img loading=\"lazy\" decoding=\"async\" width=\"791\" height=\"445\" src=\"http:\/\/spczarna.wolomin.org\/wp-content\/uploads\/2022\/01\/1-poziom.jpg\" alt=\"\" class=\"wp-image-953\" srcset=\"http:\/\/spczarna.wolomin.org\/wp-content\/uploads\/2022\/01\/1-poziom.jpg 791w, http:\/\/spczarna.wolomin.org\/wp-content\/uploads\/2022\/01\/1-poziom-300x169.jpg 300w, http:\/\/spczarna.wolomin.org\/wp-content\/uploads\/2022\/01\/1-poziom-768x432.jpg 768w\" sizes=\"(max-width: 791px) 100vw, 791px\" \/><\/figure><\/div>\n<\/div>\n<\/div>\n","protected":false},"excerpt":{"rendered":"<p>Nasza szko\u0142a wzi\u0119\u0142a udzia\u0142 w konkursie \u201eZielone p\u0142uca Wo\u0142omina&#8221;. Konkurs zosta\u0142 przeprowadzony w zwi\u0105zku z projektem p. n. \u201ePrzeprowadzenie dw\u00f3ch<\/p>\n","protected":false},"author":7,"featured_media":955,"comment_status":"closed","ping_status":"closed","sticky":false,"template":"","format":"standard","meta":{"footnotes":""},"categories":[3],"tags":[],"featured_image_urls":{"full":["http:\/\/spczarna.wolomin.org\/wp-content\/uploads\/2022\/01\/Konkurs-Zielone-pluca-Wolomina.jpg",630,445,false],"thumbnail":["http:\/\/spczarna.wolomin.org\/wp-content\/uploads\/2022\/01\/Konkurs-Zielone-pluca-Wolomina-150x150.jpg",150,150,true],"medium":["http:\/\/spczarna.wolomin.org\/wp-content\/uploads\/2022\/01\/Konkurs-Zielone-pluca-Wolomina-300x212.jpg",300,212,true],"medium_large":["http:\/\/spczarna.wolomin.org\/wp-content\/uploads\/2022\/01\/Konkurs-Zielone-pluca-Wolomina.jpg",630,445,false],"large":["http:\/\/spczarna.wolomin.org\/wp-content\/uploads\/2022\/01\/Konkurs-Zielone-pluca-Wolomina.jpg",630,445,false],"1536x1536":["http:\/\/spczarna.wolomin.org\/wp-content\/uploads\/2022\/01\/Konkurs-Zielone-pluca-Wolomina.jpg",630,445,false],"2048x2048":["http:\/\/spczarna.wolomin.org\/wp-content\/uploads\/2022\/01\/Konkurs-Zielone-pluca-Wolomina.jpg",630,445,false],"colormag-highlighted-post":["http:\/\/spczarna.wolomin.org\/wp-content\/uploads\/2022\/01\/Konkurs-Zielone-pluca-Wolomina-392x272.jpg",392,272,true],"colormag-featured-post-medium":["http:\/\/spczarna.wolomin.org\/wp-content\/uploads\/2022\/01\/Konkurs-Zielone-pluca-Wolomina-390x205.jpg",390,205,true],"colormag-featured-post-small":["http:\/\/spczarna.wolomin.org\/wp-content\/uploads\/2022\/01\/Konkurs-Zielone-pluca-Wolomina-130x90.jpg",130,90,true],"colormag-featured-image":["http:\/\/spczarna.wolomin.org\/wp-content\/uploads\/2022\/01\/Konkurs-Zielone-pluca-Wolomina.jpg",630,445,false],"colormag-default-news":["http:\/\/spczarna.wolomin.org\/wp-content\/uploads\/2022\/01\/Konkurs-Zielone-pluca-Wolomina.jpg",150,106,false],"colormag-featured-image-large":["http:\/\/spczarna.wolomin.org\/wp-content\/uploads\/2022\/01\/Konkurs-Zielone-pluca-Wolomina.jpg",630,445,false],"colormag-elementor-block-extra-large-thumbnail":["http:\/\/spczarna.wolomin.org\/wp-content\/uploads\/2022\/01\/Konkurs-Zielone-pluca-Wolomina.jpg",630,445,false],"colormag-elementor-grid-large-thumbnail":["http:\/\/spczarna.wolomin.org\/wp-content\/uploads\/2022\/01\/Konkurs-Zielone-pluca-Wolomina.jpg",590,417,false],"colormag-elementor-grid-small-thumbnail":["http:\/\/spczarna.wolomin.org\/wp-content\/uploads\/2022\/01\/Konkurs-Zielone-pluca-Wolomina.jpg",285,201,false],"colormag-elementor-grid-medium-large-thumbnail":["http:\/\/spczarna.wolomin.org\/wp-content\/uploads\/2022\/01\/Konkurs-Zielone-pluca-Wolomina.jpg",280,198,false]},"post_excerpt_stackable":"<p>Nasza szko\u0142a wzi\u0119\u0142a udzia\u0142 w konkursie \u201eZielone p\u0142uca Wo\u0142omina&#8221;. Konkurs zosta\u0142 przeprowadzony w zwi\u0105zku z projektem p. n. \u201ePrzeprowadzenie dw\u00f3ch r\u00f3\u017cnych akcji informacyjno-edukacyjnych z zakresu ochrony powietrza w Gminie Wo\u0142omin\u201d zrealizowany przy pomocy \u015brodk\u00f3w z bud\u017cetu Wojew\u00f3dztwa Mazowieckiego w ramach \u201eMazowieckiego Instrumentu Wsparcia Ochrony Powietrza i Mikroklimatu MAZOWSZE 2021.Nauczyciele przeprowadzili lekcje na temat problematyki ochrony powietrza, w szczeg\u00f3lno\u015bci rozwi\u0105za\u0144, kt\u00f3re ka\u017cdy ucze\u0144 mo\u017ce wprowadzi\u0107 we w\u0142asnym otoczeniu. Owocem przeprowadzonych zaj\u0119\u0107 by\u0142y prezentacje utworzone z nagra\u0144 uczni\u00f3w.Nagrod\u0105 za udzia\u0142 w konkursie jest ogr\u00f3dek meteorologiczny oraz bon na zakup ro\u015blin fitoremediacyjnych, kt\u00f3re nast\u0119pnie zostan\u0105 posadzone na terenie szkolnego ogrodu. Sk\u0142ad zwyci\u0119skich dru\u017cyn:&#8211;&hellip;<\/p>\n","category_list":"<a href=\"http:\/\/spczarna.wolomin.org\/?cat=3\" rel=\"category\">Aktualno\u015bci<\/a>","author_info":{"name":"Magdalena \u017bmuda-Gawron","url":"http:\/\/spczarna.wolomin.org\/?author=7"},"comments_num":"0 comments","_links":{"self":[{"href":"http:\/\/spczarna.wolomin.org\/index.php?rest_route=\/wp\/v2\/posts\/948"}],"collection":[{"href":"http:\/\/spczarna.wolomin.org\/index.php?rest_route=\/wp\/v2\/posts"}],"about":[{"href":"http:\/\/spczarna.wolomin.org\/index.php?rest_route=\/wp\/v2\/types\/post"}],"author":[{"embeddable":true,"href":"http:\/\/spczarna.wolomin.org\/index.php?rest_route=\/wp\/v2\/users\/7"}],"replies":[{"embeddable":true,"href":"http:\/\/spczarna.wolomin.org\/index.php?rest_route=%2Fwp%2Fv2%2Fcomments&post=948"}],"version-history":[{"count":3,"href":"http:\/\/spczarna.wolomin.org\/index.php?rest_route=\/wp\/v2\/posts\/948\/revisions"}],"predecessor-version":[{"id":971,"href":"http:\/\/spczarna.wolomin.org\/index.php?rest_route=\/wp\/v2\/posts\/948\/revisions\/971"}],"wp:featuredmedia":[{"embeddable":true,"href":"http:\/\/spczarna.wolomin.org\/index.php?rest_route=\/wp\/v2\/media\/955"}],"wp:attachment":[{"href":"http:\/\/spczarna.wolomin.org\/index.php?rest_route=%2Fwp%2Fv2%2Fmedia&parent=948"}],"wp:term":[{"taxonomy":"category","embeddable":true,"href":"http:\/\/spczarna.wolomin.org\/index.php?rest_route=%2Fwp%2Fv2%2Fcategories&post=948"},{"taxonomy":"post_tag","embeddable":true,"href":"http:\/\/spczarna.wolomin.org\/index.php?rest_route=%2Fwp%2Fv2%2Ftags&post=948"}],"curies":[{"name":"wp","href":"https:\/\/api.w.org\/{rel}","templated":true}]}}