{"id":968,"date":"2022-01-17T13:42:23","date_gmt":"2022-01-17T13:42:23","guid":{"rendered":"http:\/\/spczarna.wolomin.org\/?p=968"},"modified":"2022-01-17T13:42:26","modified_gmt":"2022-01-17T13:42:26","slug":"warsztaty-z-robotyki","status":"publish","type":"post","link":"http:\/\/spczarna.wolomin.org\/?p=968","title":{"rendered":"Warsztaty z robotyki"},"content":{"rendered":"\n<p>Od wrze\u015bnia do grudnia 2021r. w naszej szkole odbywa\u0142y si\u0119 <strong>warsztaty z<\/strong> <strong>robotyki<\/strong> dla ch\u0119tnych uczni\u00f3w z klas III &#8211; V. W czasie zaj\u0119\u0107 uczniowie rozwijali umiej\u0119tno\u015bci w zakresie programowania w j\u0119zyku Scratch z wykorzystaniem robot\u00f3w edukacyjnych mBot. Tworzyli r\u00f3wnie\u017c proste animacje poklatkowe z wykorzystaniem aplikacji Stop Motion Studio na tabletach.<\/p>\n\n\n\n<p>Warsztaty przyczyni\u0142y si\u0119 do rozwini\u0119cia u uczni\u00f3w kreatywno\u015bci, innowacyjno\u015bci i umiej\u0119tno\u015bci wsp\u00f3\u0142pracy w zespole, a zdobyta wiedza&nbsp; przyda si\u0119 w r\u00f3\u017cnych sytuacjach \u017cyciowych.<\/p>\n\n\n\n<p>Zach\u0119camy do programowania i wykorzystania technologii mobilnych w nauce i w zabawie.<\/p>\n\n\n\n<p>Katarzyna Kostrzewa i Iwona Orych&nbsp;<\/p>\n","protected":false},"excerpt":{"rendered":"<p>Od wrze\u015bnia do grudnia 2021r. w naszej szkole odbywa\u0142y si\u0119 warsztaty z robotyki dla ch\u0119tnych uczni\u00f3w z klas III &#8211;<\/p>\n","protected":false},"author":7,"featured_media":969,"comment_status":"closed","ping_status":"closed","sticky":false,"template":"","format":"standard","meta":{"footnotes":""},"categories":[3],"tags":[],"featured_image_urls":{"full":["http:\/\/spczarna.wolomin.org\/wp-content\/uploads\/2022\/01\/warsztaty-z-robotyki.jpg",630,445,false],"thumbnail":["http:\/\/spczarna.wolomin.org\/wp-content\/uploads\/2022\/01\/warsztaty-z-robotyki-150x150.jpg",150,150,true],"medium":["http:\/\/spczarna.wolomin.org\/wp-content\/uploads\/2022\/01\/warsztaty-z-robotyki-300x212.jpg",300,212,true],"medium_large":["http:\/\/spczarna.wolomin.org\/wp-content\/uploads\/2022\/01\/warsztaty-z-robotyki.jpg",630,445,false],"large":["http:\/\/spczarna.wolomin.org\/wp-content\/uploads\/2022\/01\/warsztaty-z-robotyki.jpg",630,445,false],"1536x1536":["http:\/\/spczarna.wolomin.org\/wp-content\/uploads\/2022\/01\/warsztaty-z-robotyki.jpg",630,445,false],"2048x2048":["http:\/\/spczarna.wolomin.org\/wp-content\/uploads\/2022\/01\/warsztaty-z-robotyki.jpg",630,445,false],"colormag-highlighted-post":["http:\/\/spczarna.wolomin.org\/wp-content\/uploads\/2022\/01\/warsztaty-z-robotyki-392x272.jpg",392,272,true],"colormag-featured-post-medium":["http:\/\/spczarna.wolomin.org\/wp-content\/uploads\/2022\/01\/warsztaty-z-robotyki-390x205.jpg",390,205,true],"colormag-featured-post-small":["http:\/\/spczarna.wolomin.org\/wp-content\/uploads\/2022\/01\/warsztaty-z-robotyki-130x90.jpg",130,90,true],"colormag-featured-image":["http:\/\/spczarna.wolomin.org\/wp-content\/uploads\/2022\/01\/warsztaty-z-robotyki.jpg",630,445,false],"colormag-default-news":["http:\/\/spczarna.wolomin.org\/wp-content\/uploads\/2022\/01\/warsztaty-z-robotyki.jpg",150,106,false],"colormag-featured-image-large":["http:\/\/spczarna.wolomin.org\/wp-content\/uploads\/2022\/01\/warsztaty-z-robotyki.jpg",630,445,false],"colormag-elementor-block-extra-large-thumbnail":["http:\/\/spczarna.wolomin.org\/wp-content\/uploads\/2022\/01\/warsztaty-z-robotyki.jpg",630,445,false],"colormag-elementor-grid-large-thumbnail":["http:\/\/spczarna.wolomin.org\/wp-content\/uploads\/2022\/01\/warsztaty-z-robotyki.jpg",590,417,false],"colormag-elementor-grid-small-thumbnail":["http:\/\/spczarna.wolomin.org\/wp-content\/uploads\/2022\/01\/warsztaty-z-robotyki.jpg",285,201,false],"colormag-elementor-grid-medium-large-thumbnail":["http:\/\/spczarna.wolomin.org\/wp-content\/uploads\/2022\/01\/warsztaty-z-robotyki.jpg",280,198,false]},"post_excerpt_stackable":"<p>Od wrze\u015bnia do grudnia 2021r. w naszej szkole odbywa\u0142y si\u0119 warsztaty z robotyki dla ch\u0119tnych uczni\u00f3w z klas III &#8211; V. W czasie zaj\u0119\u0107 uczniowie rozwijali umiej\u0119tno\u015bci w zakresie programowania w j\u0119zyku Scratch z wykorzystaniem robot\u00f3w edukacyjnych mBot. Tworzyli r\u00f3wnie\u017c proste animacje poklatkowe z wykorzystaniem aplikacji Stop Motion Studio na tabletach. Warsztaty przyczyni\u0142y si\u0119 do rozwini\u0119cia u uczni\u00f3w kreatywno\u015bci, innowacyjno\u015bci i umiej\u0119tno\u015bci wsp\u00f3\u0142pracy w zespole, a zdobyta wiedza&nbsp; przyda si\u0119 w r\u00f3\u017cnych sytuacjach \u017cyciowych. Zach\u0119camy do programowania i wykorzystania technologii mobilnych w nauce i w zabawie. Katarzyna Kostrzewa i Iwona Orych&nbsp;<\/p>\n","category_list":"<a href=\"http:\/\/spczarna.wolomin.org\/?cat=3\" rel=\"category\">Aktualno\u015bci<\/a>","author_info":{"name":"Magdalena \u017bmuda-Gawron","url":"http:\/\/spczarna.wolomin.org\/?author=7"},"comments_num":"0 comments","_links":{"self":[{"href":"http:\/\/spczarna.wolomin.org\/index.php?rest_route=\/wp\/v2\/posts\/968"}],"collection":[{"href":"http:\/\/spczarna.wolomin.org\/index.php?rest_route=\/wp\/v2\/posts"}],"about":[{"href":"http:\/\/spczarna.wolomin.org\/index.php?rest_route=\/wp\/v2\/types\/post"}],"author":[{"embeddable":true,"href":"http:\/\/spczarna.wolomin.org\/index.php?rest_route=\/wp\/v2\/users\/7"}],"replies":[{"embeddable":true,"href":"http:\/\/spczarna.wolomin.org\/index.php?rest_route=%2Fwp%2Fv2%2Fcomments&post=968"}],"version-history":[{"count":1,"href":"http:\/\/spczarna.wolomin.org\/index.php?rest_route=\/wp\/v2\/posts\/968\/revisions"}],"predecessor-version":[{"id":970,"href":"http:\/\/spczarna.wolomin.org\/index.php?rest_route=\/wp\/v2\/posts\/968\/revisions\/970"}],"wp:featuredmedia":[{"embeddable":true,"href":"http:\/\/spczarna.wolomin.org\/index.php?rest_route=\/wp\/v2\/media\/969"}],"wp:attachment":[{"href":"http:\/\/spczarna.wolomin.org\/index.php?rest_route=%2Fwp%2Fv2%2Fmedia&parent=968"}],"wp:term":[{"taxonomy":"category","embeddable":true,"href":"http:\/\/spczarna.wolomin.org\/index.php?rest_route=%2Fwp%2Fv2%2Fcategories&post=968"},{"taxonomy":"post_tag","embeddable":true,"href":"http:\/\/spczarna.wolomin.org\/index.php?rest_route=%2Fwp%2Fv2%2Ftags&post=968"}],"curies":[{"name":"wp","href":"https:\/\/api.w.org\/{rel}","templated":true}]}}